{"id":3862,"date":"2014-06-06T13:50:21","date_gmt":"2014-06-06T11:50:21","guid":{"rendered":"https:\/\/medien-doktor.de\/umwelt\/?p=3862"},"modified":"2021-12-09T13:52:22","modified_gmt":"2021-12-09T12:52:22","slug":"nachrichten-beitrag-rtl-aktuell-klima-special","status":"publish","type":"post","link":"https:\/\/medien-doktor.de\/umwelt\/2014\/06\/nachrichten-beitrag-rtl-aktuell-klima-special\/","title":{"rendered":"\u201eNachrichten-Beitrag RTL Aktuell\u201c (Klima-Special)"},"content":{"rendered":"<p>[et_pb_section fb_built=&#8220;1&#8243; admin_label=&#8220;Sektion&#8220; _builder_version=&#8220;4.9.10&#8243; _module_preset=&#8220;default&#8220; background_color=&#8220;#f4f4f4&#8243; custom_margin=&#8220;0px||0px||false|false&#8220; custom_padding=&#8220;0px||0px||false|false&#8220; da_disable_devices=&#8220;off|off|off&#8220; global_colors_info=&#8220;{}&#8220; da_is_popup=&#8220;off&#8220; da_exit_intent=&#8220;off&#8220; da_has_close=&#8220;on&#8220; da_alt_close=&#8220;off&#8220; da_dark_close=&#8220;off&#8220; da_not_modal=&#8220;on&#8220; da_is_singular=&#8220;off&#8220; da_with_loader=&#8220;off&#8220; da_has_shadow=&#8220;on&#8220;][et_pb_row column_structure=&#8220;2_3,1_3&#8243; admin_label=&#8220;Medium und Link&#8220; _builder_version=&#8220;4.9.10&#8243; _module_preset=&#8220;default&#8220; background_color=&#8220;RGBA(0,0,0,0)&#8220; width=&#8220;100%&#8220; custom_margin=&#8220;0px|0px|0px|0px|false|false&#8220; custom_padding=&#8220;15px|15px|15px|15px|false|false&#8220; global_colors_info=&#8220;{}&#8220;][et_pb_column type=&#8220;2_3&#8243; _builder_version=&#8220;4.9.4&#8243; _module_preset=&#8220;default&#8220; global_colors_info=&#8220;{}&#8220;][et_pb_text admin_label=&#8220;Datum&#8220; _builder_version=&#8220;4.14.2&#8243; _dynamic_attributes=&#8220;content&#8220; _module_preset=&#8220;default&#8220; custom_margin=&#8220;0px||0px||false|false&#8220; custom_padding=&#8220;0px||0px||false|false&#8220; global_module=&#8220;320&#8243; saved_tabs=&#8220;all&#8220; global_colors_info=&#8220;{}&#8220;]@ET-DC@eyJkeW5hbWljIjp0cnVlLCJjb250ZW50IjoicG9zdF9kYXRlIiwic2V0dGluZ3MiOnsiYmVmb3JlIjoiQmV3ZXJ0ZXQgYW0gIiwiYWZ0ZXIiOiIiLCJkYXRlX2Zvcm1hdCI6ImRlZmF1bHQiLCJjdXN0b21fZGF0ZV9mb3JtYXQiOiIifX0=@[\/et_pb_text][et_pb_text admin_label=&#8220;Medium&#8220; _builder_version=&#8220;4.9.10&#8243; _dynamic_attributes=&#8220;content&#8220; _module_preset=&#8220;default&#8220; custom_margin=&#8220;0px||0px||false|false&#8220; custom_padding=&#8220;0px||0px||false|false&#8220; global_module=&#8220;318&#8243; saved_tabs=&#8220;all&#8220; global_colors_info=&#8220;{}&#8220;]@ET-DC@eyJkeW5hbWljIjp0cnVlLCJjb250ZW50IjoicG9zdF9jYXRlZ29yaWVzIiwic2V0dGluZ3MiOnsiYmVmb3JlIjoiVmVyXHUwMGY2ZmZlbnRsaWNodCB2b246ICIsImFmdGVyIjoiIiwibGlua190b190ZXJtX3BhZ2UiOiJvZmYiLCJzZXBhcmF0b3IiOiIgfCAiLCJjYXRlZ29yeV90eXBlIjoiY2F0ZWdvcnkifX0=@[\/et_pb_text][\/et_pb_column][et_pb_column type=&#8220;1_3&#8243; _builder_version=&#8220;4.9.4&#8243; _module_preset=&#8220;default&#8220; global_colors_info=&#8220;{}&#8220;][et_pb_button button_url=&#8220;http:\/\/www.rtl.de\/cms\/news\/rtl-aktuell\/klimaschutz-eu-will-kaffeemaschinen-kaltstellen-3a271-51ca-69-1872450.html&#8220; button_text=&#8220;zum Originalartikel&#8220; button_alignment=&#8220;right&#8220; admin_label=&#8220;Link Original&#8220; _builder_version=&#8220;4.14.2&#8243; _module_preset=&#8220;default&#8220; custom_margin=&#8220;0px||||false|false&#8220; custom_margin_tablet=&#8220;&#8220; custom_margin_phone=&#8220;-14px||||false|false&#8220; custom_margin_last_edited=&#8220;on|desktop&#8220; custom_padding=&#8220;0px||||false|false&#8220; global_colors_info=&#8220;{}&#8220;][\/et_pb_button][\/et_pb_column][\/et_pb_row][\/et_pb_section][et_pb_section fb_built=&#8220;1&#8243; admin_label=&#8220;Sektion&#8220; _builder_version=&#8220;4.9.4&#8243; _module_preset=&#8220;default&#8220; custom_margin=&#8220;10px||10px||false|false&#8220; custom_padding=&#8220;10px||10px||false|false&#8220; da_disable_devices=&#8220;off|off|off&#8220; global_colors_info=&#8220;{}&#8220; da_is_popup=&#8220;off&#8220; da_exit_intent=&#8220;off&#8220; da_has_close=&#8220;on&#8220; da_alt_close=&#8220;off&#8220; da_dark_close=&#8220;off&#8220; da_not_modal=&#8220;on&#8220; da_is_singular=&#8220;off&#8220; da_with_loader=&#8220;off&#8220; da_has_shadow=&#8220;on&#8220;][et_pb_row admin_label=&#8220;Einleitung&#8220; _builder_version=&#8220;4.9.4&#8243; _module_preset=&#8220;default&#8220; custom_margin=&#8220;0px||0px||false|false&#8220; custom_padding=&#8220;0px||0px||false|false&#8220; global_colors_info=&#8220;{}&#8220;][et_pb_column type=&#8220;4_4&#8243; _builder_version=&#8220;4.9.4&#8243; _module_preset=&#8220;default&#8220; global_colors_info=&#8220;{}&#8220;][et_pb_text _builder_version=&#8220;4.14.2&#8243; _module_preset=&#8220;default&#8220; global_colors_info=&#8220;{}&#8220;]<\/p>\n<p>Der TV-Beitrag von RTL Aktuell besch\u00e4ftigt sich aus Anlass des neuen Berichts des Weltklimarats IPCC mit dem Klimawandel und verschiedenen Ans\u00e4tzen, die CO<sub>2<\/sub>-Emissionen zu mindern. Herausgestellt wird dabei vor allem die neue \u00d6kodesign-Richtlinie der EU, die die Laufzeit von Kaffeemaschinen begrenzt. Unklar bleibt, welche Relevanz diese Ma\u00dfnahme hat. Zudem spricht der Beitrag viele weitere Aspekte des Klimaschutzes an, ohne dass hierzu ausreichend nachvollziehbare Informationen geliefert werden.<\/p>\n<p>[\/et_pb_text][\/et_pb_column][\/et_pb_row][\/et_pb_section][et_pb_section fb_built=&#8220;1&#8243; admin_label=&#8220;Sektion&#8220; _builder_version=&#8220;4.9.10&#8243; _module_preset=&#8220;default&#8220; background_color=&#8220;#f4f4f4&#8243; custom_margin=&#8220;0px||0px||false|false&#8220; custom_padding=&#8220;0px||0px||false|false&#8220; da_disable_devices=&#8220;off|off|off&#8220; global_colors_info=&#8220;{}&#8220; da_is_popup=&#8220;off&#8220; da_exit_intent=&#8220;off&#8220; da_has_close=&#8220;on&#8220; da_alt_close=&#8220;off&#8220; da_dark_close=&#8220;off&#8220; da_not_modal=&#8220;on&#8220; da_is_singular=&#8220;off&#8220; da_with_loader=&#8220;off&#8220; da_has_shadow=&#8220;on&#8220;][et_pb_row admin_label=&#8220;Zusammenfassung&#8220; _builder_version=&#8220;4.9.4&#8243; _module_preset=&#8220;default&#8220; background_color=&#8220;RGBA(0,0,0,0)&#8220; width=&#8220;100%&#8220; custom_margin=&#8220;0px|0px|0px|0px|false|false&#8220; custom_padding=&#8220;15px|15px|15px|15px|false|false&#8220; global_colors_info=&#8220;{}&#8220;][et_pb_column type=&#8220;4_4&#8243; _builder_version=&#8220;4.9.4&#8243; _module_preset=&#8220;default&#8220; global_colors_info=&#8220;{}&#8220;][et_pb_text admin_label=&#8220;Headline und Zusammenfassung&#8220; _builder_version=&#8220;4.14.2&#8243; _module_preset=&#8220;default&#8220; custom_margin=&#8220;||2px|||&#8220; saved_tabs=&#8220;all&#8220; global_colors_info=&#8220;{}&#8220;]<\/p>\n<h3>Zusammenfassung<\/h3>\n<p>Der Nachrichtenbeitrag nutzt als Aufh\u00e4nger f\u00fcr den Beitrag zum aktuellen IPCC-Bericht die neue EU-Verordnung zu energiesparenden Kaffeemaschinen. Doch statt dieses anschauliche und gut zu bebildernde Beispiel ausreichend zu erl\u00e4utern, versucht der Beitrag, in rascher Abfolge viele weitere Aspekte abzuhandeln: Von regenerativen Energien \u2013 deren Anteil m\u00fcsse \u201edeutlich ausgebaut werden\u201c, hei\u00dft es eher vage \u2013 bis zur Wirtschaftsentwicklung in Schwellenl\u00e4ndern. Einer solchen Vielzahl an komplexen Themen gerecht zu werden, gelingt in der kurzen Sendezeit von nur knapp \u00fcber zwei Minuten nicht. Der Beitrag rei\u00dft viele interessante Aspekte an und wirft Fragen auf, doch die Zusammenh\u00e4nge bleiben unklar. Zahlen werden kaum genannt, einige Fakten sind fehlerhaft dargestellt.<\/p>\n<p>Insgesamt erweckt der Beitrag \u00fcber weite Strecken den Eindruck, dass die Klimaproblematik ohne allzu gro\u00dfe Anstrengungen zu l\u00f6sen sei \u2013 dem Inhalt des IPCC-Berichts entspricht dies nicht.<\/p>\n<p>&nbsp;<\/p>\n<p>[\/et_pb_text][dipl_star_rating rating=&#8220;@ET-DC@eyJkeW5hbWljIjp0cnVlLCJjb250ZW50IjoiY3VzdG9tX21ldGFfc3Rlcm5lIiwic2V0dGluZ3MiOnsiYmVmb3JlIjoiIiwiYWZ0ZXIiOiIiLCJlbmFibGVfaHRtbCI6Im9mZiJ9fQ==@&#8220; rating_out_of=&#8220;5&#8243; rating_position=&#8220;after_title&#8220; show_rating_number=&#8220;off&#8220; star_font_size=&#8220;35px&#8220; empty_star_color=&#8220;#969696&#8243; _builder_version=&#8220;4.14.2&#8243; _dynamic_attributes=&#8220;rating&#8220; _module_preset=&#8220;default&#8220; text_orientation=&#8220;left&#8220; custom_margin=&#8220;10px||0px||false|false&#8220; custom_padding=&#8220;10px||0px||false|false&#8220; global_module=&#8220;321&#8243; saved_tabs=&#8220;all&#8220; global_colors_info=&#8220;{}&#8220;][\/dipl_star_rating][\/et_pb_column][\/et_pb_row][\/et_pb_section][et_pb_section fb_built=&#8220;1&#8243; _builder_version=&#8220;4.9.4&#8243; _module_preset=&#8220;default&#8220; custom_margin=&#8220;0px||||false|false&#8220; custom_padding=&#8220;0px||5px||false|false&#8220; da_disable_devices=&#8220;off|off|off&#8220; global_colors_info=&#8220;{}&#8220; da_is_popup=&#8220;off&#8220; da_exit_intent=&#8220;off&#8220; da_has_close=&#8220;on&#8220; da_alt_close=&#8220;off&#8220; da_dark_close=&#8220;off&#8220; da_not_modal=&#8220;on&#8220; da_is_singular=&#8220;off&#8220; da_with_loader=&#8220;off&#8220; da_has_shadow=&#8220;on&#8220;][et_pb_row admin_label=&#8220;Bewertungen&#8220; _builder_version=&#8220;4.9.10&#8243; _module_preset=&#8220;default&#8220; custom_margin=&#8220;||0px||false|false&#8220; custom_padding=&#8220;||0px||false|false&#8220; global_colors_info=&#8220;{}&#8220;][et_pb_column type=&#8220;4_4&#8243; _builder_version=&#8220;4.9.4&#8243; _module_preset=&#8220;default&#8220; global_colors_info=&#8220;{}&#8220;][et_pb_text admin_label=&#8220;Headline Umweltjournalistische Kriterien&#8220; _builder_version=&#8220;4.13.1&#8243; _module_preset=&#8220;default&#8220; text_text_color=&#8220;#FFFFFF&#8220; background_color=&#8220;RGBA(0,0,0,0)&#8220; custom_margin=&#8220;5px||5px||false|false&#8220; saved_tabs=&#8220;all&#8220; global_colors_info=&#8220;{}&#8220;]<\/p>\n<h1>Umweltjournalistische Kriterien<\/h1>\n<p>[\/et_pb_text][et_pb_blurb title=&#8220;1. KEINE VERHARMLOSUNG\/PANIKMACHE:  Umweltprobleme werden weder bagatellisiert noch \u00fcbertrieben dargestellt.&#8220; use_icon=&#8220;on&#8220; font_icon=&#8220;&#xe051;||divi||400&#8243; icon_color=&#8220;#E02B20&#8243; icon_placement=&#8220;left&#8220; image_icon_width=&#8220;50px&#8220; content_max_width=&#8220;100%&#8220; admin_label=&#8220;1. Keine Verharmlosung&#8220; _builder_version=&#8220;4.14.2&#8243; _module_preset=&#8220;default&#8220; header_font_size=&#8220;18px&#8220; custom_margin=&#8220;||35px||false|false&#8220; custom_padding=&#8220;||||false|false&#8220; icon_font_size=&#8220;50px&#8220; global_colors_info=&#8220;{}&#8220;]<\/p>\n<p>Die Aussage des Weltklimarats IPCC, dass es noch m\u00f6glich sei, die globale Erw\u00e4rmung auf zwei Grad zu begrenzen, wird in der Anmoderation des Beitrags falsch und sch\u00f6nf\u00e4rbend wiedergegeben. Durch die Formulierung \u201edie Erderw\u00e4rmung um bis zu zwei Grad ist noch aufzuhalten\u201c entsteht leicht der Eindruck, dass eine weitere Erw\u00e4rmung, auch unterhalb des zwei-Grad-Ziels, ganz zu verhindern sei. Auch im weiteren Verlauf des Beitrags wird gar zu optimistisch akzentuiert. Der\u00a0 Beitrag nennt zwar gravierende Folgen des Klimawandels, doch legt er nahe, dass schon eine Regulierung von Kaffeemaschinen dem wesentlich entgegenwirken k\u00f6nne (\u201eWenn die Kaffeemaschine schon nach f\u00fcnf Minuten automatisch wieder vom Netz ginge, w\u00e4re zwar der Kaffee schnell wieder kalt, aber das k\u00f6nnte vielleicht das Weltklima retten &#8211; zumindest ein bisschen.\u201c) Dieser Tenor, der Klimawandel sei ohne gro\u00dfe Anstrengungen und Kosten in den Griff zu bekommen, zieht sich durch den Film und die Moderation, ohne dass diese optimistische Sichtweise mit Fakten begr\u00fcndet wird. In der Zusammenfassung des IPCC-Berichts hei\u00dft es dagegen mit Blick auf das Zwei-Grad-Ziel: \u201eDamit verbunden ist ein tiefgreifender Wandel von Gesellschaft und Wirtschaft. Die Verz\u00f6gerung weiterer globaler Ma\u00dfnahmen zum Klimaschutz erschwert zunehmend die Einhaltung der Zwei-Grad-Obergrenze, reduziert die Handlungsmo\u0308glichkeiten und steigert die k\u00fcnftigen Klimaschutzkosten erheblich.&#8220; Die verzerrte Interpretation des IPCC-Berichts bewerten wir als Verharmlosung.<\/p>\n<p>[\/et_pb_blurb][et_pb_blurb title=&#8220;2. BELEGE\/ EVIDENZ: Studien, Fakten und Zahlen werden so dargestellt, dass deren Aussagekraft deutlich wird.&#8220; use_icon=&#8220;on&#8220; font_icon=&#8220;&#xe051;||divi||400&#8243; icon_color=&#8220;#E02B20&#8243; icon_placement=&#8220;left&#8220; image_icon_width=&#8220;50px&#8220; content_max_width=&#8220;100%&#8220; admin_label=&#8220;2. Belege\/Evidenz&#8220; _builder_version=&#8220;4.14.2&#8243; _module_preset=&#8220;default&#8220; header_font_size=&#8220;18px&#8220; custom_margin=&#8220;||35px||false|false&#8220; custom_padding=&#8220;||||false|false&#8220; icon_font_size=&#8220;50px&#8220; global_colors_info=&#8220;{}&#8220;]<\/p>\n<p>Der Nachrichtenfilm hat mit dem Dilemma jedes kurzen TV-Beitrags zu k\u00e4mpfen: F\u00fcr viele Informationen ist kaum Zeit, um sie ausreichend mit Quellen zu belegen. Gleichwohl m\u00fcssten zumindest f\u00fcr die wesentlichen Aussagen Belege genannt werden. Wenn hier den Kaffeemaschinen so eine zentrale Rolle einger\u00e4umt wird, sollten Zuschauerinnen und Zuschauer auch erfahren, was dazu genau beschlossen wurde, welche Reduktion des CO<sub>2<\/sub>-Ausstosses durch die neue EU-Regelung erreicht werden kann, bzw. welchen Anteil Kaffeemaschinen \u2013 oder Haushaltsger\u00e4te allgemein \u2013 am CO<sub>2<\/sub>-Aussto\u00df und damit am Klimawandel haben. Zu der \u00d6kodesign-Richtlinie der EU sind solche Zahlen im Internet zu finden (Link nicht mehr verf\u00fcgbar).<\/p>\n<p>An anderer Stelle mahnt der Beitrag einen Ausbau der erneuerbaren Energien an, nennt aber auch dazu keine Zahlen.<\/p>\n<p>Verwirrend ist es, dass bei der Darstellung der Kohleverstromung zun\u00e4chst von der Braunkohle gesprochen wird, beim Anteil an der gesamten Stromerzeugung aber von \u201eder Kohle\u201c &#8211; also von Stein- und Braunkohle (siehe dazu allgemeinjournalistisches Kriterium 3, Fakten).<\/p>\n<p>F\u00fcr Zuschauerinnen und Zuschauer sind die im Beitrag genannten Fakten insgesamt wenig nachvollziehbar.<\/p>\n<p>[\/et_pb_blurb][et_pb_blurb title=&#8220;3. EXPERTEN\/QUELLENTRANSPARENZ: Quellen werden benannt, Interessenkonflikte deutlich gemacht.&#8220; use_icon=&#8220;on&#8220; font_icon=&#8220;&#xe052;||divi||400&#8243; icon_color=&#8220;#7AAE30&#8243; icon_placement=&#8220;left&#8220; image_icon_width=&#8220;50px&#8220; content_max_width=&#8220;100%&#8220; admin_label=&#8220;3. Experten\/Quellentransparenz&#8220; _builder_version=&#8220;4.14.2&#8243; _module_preset=&#8220;default&#8220; header_font_size=&#8220;18px&#8220; custom_margin=&#8220;||35px||false|false&#8220; icon_font_size=&#8220;50px&#8220; global_colors_info=&#8220;{}&#8220;]<\/p>\n<p>Es wird deutlich, dass sich der Beitrag im Wesentlichen auf den aktuellen Bericht des IPCC bezieht. Mit Ottmar Edenhofer kommt ein f\u00fchrender IPCC-Wissenschaftler zu Wort, au\u00dferdem gibt es O-T\u00f6ne von Vertretern der Umweltorganisationen WWF und Greenpeace. Durch die Texteinblendungen wird klar, f\u00fcr wen die Interviewten jeweils sprechen.<\/p>\n<p>[\/et_pb_blurb][et_pb_blurb title=&#8220;4. PRO UND CONTRA: Die wesentlichen Standpunkte werden angemessen dargestellt.&#8220; use_icon=&#8220;on&#8220; font_icon=&#8220;&#xe055;||divi||400&#8243; icon_color=&#8220;rgba(68,68,68,0.68)&#8220; icon_placement=&#8220;left&#8220; image_icon_width=&#8220;50px&#8220; content_max_width=&#8220;100%&#8220; admin_label=&#8220;4. Pro und Contra&#8220; _builder_version=&#8220;4.14.2&#8243; _module_preset=&#8220;default&#8220; header_font_size=&#8220;18px&#8220; custom_margin=&#8220;||35px||false|false&#8220; icon_font_size=&#8220;50px&#8220; global_colors_info=&#8220;{}&#8220;]<\/p>\n<p>Der Beitrag deutet zwar verschiedene Standpunkte an \u2013 zum einen den schon erw\u00e4hnten optimistischen Blick auf den Klimawandel, der hier dem IPCC zugeschrieben wird: Die Folgen des Klimawandels seien noch in den Griff zu bekommen und die Kosten vergleichsweise gering. Zum anderen findet sich im Beitrag auch ein anderer Akzent, wenn Stefan Krug von Greenpeace sagt \u201eHier muss ein Umdenken stattfinden. Wenn wir so weitermachen wie bisher, werden wir die Klimaerw\u00e4rmung nicht in den Griff bekommen.&#8220; Insgesamt aber geht es im Beitrag nicht um diese Kontroverse, sondern allgemein um die Erderw\u00e4rmung und was dagegen getan werden kann. Dazu wird der bei der \u00fcberw\u00e4ltigenden Mehrheit der Wissenschaftler unstrittige IPCC-Bericht herangezogen, wenn auch etwas eigenwillig interpretiert (siehe dazu Kriterium 1). Die Ansichten sogenannter Klimaskeptiker in diesem kurzen TV-Beitrag ebenfalls aufzuf\u00fchren, h\u00e4tte zu einer \u00dcberbewertung ihrer Au\u00dfenseiterposition gef\u00fchrt. Wir wenden daher dieses Kriterium nicht an.<\/p>\n<p>[\/et_pb_blurb][et_pb_blurb title=&#8220;5. Der Beitrag geht \u00fcber die PRESSEMITTEILUNG\/das Pressematerial hinaus.&#8220; use_icon=&#8220;on&#8220; font_icon=&#8220;&#xe052;||divi||400&#8243; icon_color=&#8220;#7AAE30&#8243; icon_placement=&#8220;left&#8220; image_icon_width=&#8220;50px&#8220; content_max_width=&#8220;100%&#8220; admin_label=&#8220;5. Pressemitteilung&#8220; _builder_version=&#8220;4.14.2&#8243; _module_preset=&#8220;default&#8220; header_font_size=&#8220;18px&#8220; custom_margin=&#8220;||35px||false|false&#8220; icon_font_size=&#8220;50px&#8220; global_colors_info=&#8220;{}&#8220;]<\/p>\n<p>Der Beitrag geht deutlich \u00fcber die Pressemitteilung des IPCC hinaus. Er kombiniert verschiedene Themen (den IPCC-Bericht und die \u00d6kodesign-Richtlinie der EU), und es kommen unterschiedliche Experten zu Wort.<\/p>\n<p>[\/et_pb_blurb][et_pb_blurb title=&#8220;6. Der Beitrag macht klar, wie ALT oder NEU ein Umweltproblem, eine Umwelttechnik, ein Regulierungsvorschlag o.\u00e4. ist.&#8220; use_icon=&#8220;on&#8220; font_icon=&#8220;&#xe051;||divi||400&#8243; icon_color=&#8220;#E02B20&#8243; icon_placement=&#8220;left&#8220; image_icon_width=&#8220;50px&#8220; content_max_width=&#8220;100%&#8220; admin_label=&#8220;6. Alt oder Neu&#8220; _builder_version=&#8220;4.14.2&#8243; _module_preset=&#8220;default&#8220; header_font_size=&#8220;18px&#8220; custom_margin=&#8220;||35px||false|false&#8220; custom_padding=&#8220;||||false|false&#8220; icon_font_size=&#8220;50px&#8220; global_colors_info=&#8220;{}&#8220;]<\/p>\n<p>Dass der Klimawandel selbst kein neues Problem ist, setzt der Beitrag zu Recht voraus. Er berichtet \u00fcber eine neue Regulierung der EU und \u00fcber den k\u00fcrzlich erschienen IPCC-Bericht, der L\u00f6sungsstrategien beschreibt.<\/p>\n<p>Der Beitrag erweckt allerdings, insbesondere durch die Anmoderation, den Eindruck, als w\u00fcrde sich der aktuelle Bericht des IPCC grundlegend von den Vorg\u00e4ngerberichten unterscheiden, indem er erstmals positive Signale erkennen lie\u00dfe &#8211; dass n\u00e4mlich die Erderw\u00e4rmung begrenzbar ist (\u201eBisher haben Klimaforscher auf ihren Konferenzen immer ein d\u00fcsteres Bild der Zukunft gemalt. Bei ihrem Treffen heute in Berlin gab es aber positive Signale\u201c). Diese Darstellung ist so nicht korrekt. Der neueste Bericht der Arbeitsgruppe 3 konkretisiert und aktualisiert lediglich fr\u00fchere Aussagen des Weltklimarats und ist keine Abkehr von fr\u00fcheren inhaltlichen Positionen oder Ergebnissen. Wir werten daher \u201eknapp nicht erf\u00fcllt\u201c. <\/p>\n<p>[\/et_pb_blurb][et_pb_blurb title=&#8220;7. Der Beitrag nennt &#8211; wo m\u00f6glich &#8211; L\u00d6SUNGSHORIZONTE und HANDLUNGSOPTIONEN.&#8220; use_icon=&#8220;on&#8220; font_icon=&#8220;&#xe052;||divi||400&#8243; icon_color=&#8220;#7AAE30&#8243; icon_placement=&#8220;left&#8220; image_icon_width=&#8220;50px&#8220; content_max_width=&#8220;100%&#8220; admin_label=&#8220;7. L\u00f6sungshorizonte&#8220; _builder_version=&#8220;4.14.2&#8243; _module_preset=&#8220;default&#8220; header_font_size=&#8220;18px&#8220; custom_margin=&#8220;||35px||false|false&#8220; icon_font_size=&#8220;50px&#8220; global_colors_info=&#8220;{}&#8220;]<\/p>\n<p>Der Beitrag nennt Handlungsoptionen, um den Klimawandel zu bek\u00e4mpfen, z.B. die Regulierung des Energieverbrauchs von Haushaltsger\u00e4ten wie Kaffeemaschinen und den Ausbau regenerativer Energien. Es fehlt allerdings eine genauere Einordnung und Quantifizierung der Ma\u00dfnahmen (siehe dazu Kriterium 2, Belege). <br \/>Insgesamt macht der Film deutlich, dass weltweit gehandelt werden kann und dies zu vertretbaren Kosten. Auch wenn Handlungsm\u00f6glichkeiten nur kurz und knapp angerissen werden, halten wir das Kriterium bei einem solch kurzen Nachrichtenbeitrag f\u00fcr \u201enoch erf\u00fcllt\u201c.<\/p>\n<p>[\/et_pb_blurb][et_pb_blurb title=&#8220;8. Die R\u00c4UMLICHE DIMENSION (global\/lokal) wird dargestellt.&#8220; use_icon=&#8220;on&#8220; font_icon=&#8220;&#xe051;||divi||400&#8243; icon_color=&#8220;#E02B20&#8243; icon_placement=&#8220;left&#8220; image_icon_width=&#8220;50px&#8220; content_max_width=&#8220;100%&#8220; admin_label=&#8220;8. R\u00e4umliche Dimension&#8220; _builder_version=&#8220;4.14.2&#8243; _module_preset=&#8220;default&#8220; header_font_size=&#8220;18px&#8220; custom_margin=&#8220;||35px||false|false&#8220; custom_padding=&#8220;||||false|false&#8220; icon_font_size=&#8220;50px&#8220; global_colors_info=&#8220;{}&#8220;]<\/p>\n<p>Es wird klar, dass der Klimawandel ein globales Problem ist, und dass auch in angeblichen Vorreiterl\u00e4ndern wie Deutschland noch vieles getan werden muss. Doch gelingt der Bezug von der globalen Problematik zu regionalen Ursachen, Folgen und L\u00f6sungsm\u00f6glichkeiten nicht, der Beitrag springt zwischen regionalen und globalen Ans\u00e4tzen hin und her. Wie sich etwa EU-Regelungen zu energiesparenden Haushaltsger\u00e4ten regional oder wom\u00f6glich global auf das Klima auswirken k\u00f6nnten, wird nicht erl\u00e4utert.<\/p>\n<p>Auf Bilder von der IPCC-Konferenz folgt ein Sprung nach China. Dazu hei\u00dft es, die Folgen der Erderw\u00e4rmung seien in den Griff zu bekommen, ohne den Wirtschaftsmotor von Schwellenl\u00e4ndern abzuw\u00fcrgen. Diese Aussage bleibt ohne weitere Informationen nicht nachvollziehbar. Au\u00dferdem wird behauptet, dass St\u00fcrme, Taifune und extremer Smog nachweislich direkte Folgen des Klimawandels seien, die v.a. Entwicklungs- und Schwellenl\u00e4nder treffen. Dies ist so nicht korrekt.<\/p>\n<p>An anderer Stelle geht es um die deutsche Braunkohle, ohne dass deutlich wird, welchen Beitrag die Braunkohle zum Klimawandel leistet.<\/p>\n<p>Insgesamt ist die Vielzahl der erw\u00e4hnten L\u00e4ndern bzw. L\u00e4ndergruppen (Deutschland, EU, Schwellenl\u00e4nder, weltweit) eher verwirrend als erhellend.<\/p>\n<p>[\/et_pb_blurb][et_pb_blurb title=&#8220;9. Die ZEITLICHE DIMENSION (Nachhaltigkeit) wird dargestellt.&#8220; use_icon=&#8220;on&#8220; font_icon=&#8220;&#xe052;||divi||400&#8243; icon_color=&#8220;#7AAE30&#8243; icon_placement=&#8220;left&#8220; image_icon_width=&#8220;50px&#8220; content_max_width=&#8220;100%&#8220; admin_label=&#8220;9. Zeitliche Dimension&#8220; _builder_version=&#8220;4.14.2&#8243; _module_preset=&#8220;default&#8220; header_font_size=&#8220;18px&#8220; custom_margin=&#8220;||35px||false|false&#8220; icon_font_size=&#8220;50px&#8220; global_colors_info=&#8220;{}&#8220;]<\/p>\n<p>Der Film macht deutlich, dass es sich beim Klimawandel um ein langfristiges Problem handelt. Auf die Regelung f\u00fcr Kaffeemaschinen bezogen sagt der Beitrag zwar, dass diese \u201eab n\u00e4chstem Jahr&#8220; in Kraft treten soll. Aber es wird nicht klar, in welchen Zeitr\u00e4umen welche Ma\u00dfnahmen greifen k\u00f6nnten, und bis wann diese eingeleitet werden m\u00fcssen, um etwa das Zwei-Grad-Ziel noch zu erreichen. Dasselbe gilt f\u00fcr den geforderten Ausbau der erneuerbaren Energien: Bis wann soll welches Niveau erreicht werden? Die Aussage des IPCC-Experten Ottmar Edenhofer, dass die Emissionen der n\u00e4chsten 50 Jahre das Klima f\u00fcr die zweite H\u00e4lfte des Jahrhunderts bestimmen, ist da gar zu allgemein. In Anbetracht der Tatsache, dass verschiedene zeitlich genau ausgef\u00fchrte Szenarien im IPCC-Bericht eine zentrale Rolle spielen, w\u00e4ren hier zumindest die oder andere genauere Angaben zu erwarten. Wir werten daher nur \u201eknapp erf\u00fcllt\u201c.<\/p>\n<p>[\/et_pb_blurb][et_pb_blurb title=&#8220;10. Der politische\/wirtschaftliche\/soziale\/kulturelle KONTEXT (z.B. KOSTEN) wird einbezogen.&#8220; use_icon=&#8220;on&#8220; font_icon=&#8220;&#xe051;||divi||400&#8243; icon_color=&#8220;#E02B20&#8243; icon_placement=&#8220;left&#8220; image_icon_width=&#8220;50px&#8220; content_max_width=&#8220;100%&#8220; admin_label=&#8220;10. Kontext\/Kosten&#8220; _builder_version=&#8220;4.14.2&#8243; _module_preset=&#8220;default&#8220; header_font_size=&#8220;18px&#8220; custom_margin=&#8220;||35px||false|false&#8220; custom_padding=&#8220;||||false|false&#8220; icon_font_size=&#8220;50px&#8220; global_colors_info=&#8220;{}&#8220;]<\/p>\n<p>Sowohl in der Anmoderation wie auch im Film werden Kosten mehrfach kurz angesprochen, ohne diesen Punkt jedoch wenigstens an einem Beispiel zu konkretisieren. So hei\u00dft es, dass Ma\u00dfnahmen gegen den Klimawandel laut IPCC zu vertretbaren Kosten ergriffen werden k\u00f6nnen, doch es fehlt jede Erl\u00e4uterung dazu, was das bedeutet. Auch zur EU-Verordnung zu Kaffeemaschinen fehlen konkrete Angaben: Wie gro\u00df ist der Einspareffekt f\u00fcr einen Durchschnittshaushalt? Oder: Welche Kosten sind f\u00fcr die Hersteller mit der neuen Regelung verbunden? Zum Ausbau der erneuerbaren Energien hei\u00dft es, Deutschland k\u00f6nne \u201edie neuen Technologien auch gewinnbringend verkaufen\u201c. Hier w\u00e4re eine differenzierte Einordnung erforderlich \u2013 man denke etwa an die j\u00fcngsten Probleme in der Solarbranche. Zu Klimaschutzma\u00dfnahmen hei\u00dft es nur allgemein, sie kosteten \u201eweniger als gedacht\u201c, w\u00e4hrend der IPCC-Bericht ausdr\u00fccklich darauf hinweist, wie variabel und schwer abzusch\u00e4tzen die Kosten f\u00fcr den Klimaschutz sind.<\/p>\n<p>Der politische Kontext wird nicht weiter thematisiert, Konflikte zwischen Wirtschaft und Umweltorganisationen werden allenfalls angedeutet.<\/p>\n<p>[\/et_pb_blurb][et_pb_text admin_label=&#8220;Headline Allgemeinjournalistische Kriterien&#8220; _builder_version=&#8220;4.10.6&#8243; _module_preset=&#8220;default&#8220; text_text_color=&#8220;#FFFFFF&#8220; background_color=&#8220;RGBA(0,0,0,0)&#8220; custom_margin=&#8220;5px||5px||false|false&#8220; saved_tabs=&#8220;all&#8220; global_colors_info=&#8220;{}&#8220;]<\/p>\n<h1>Allgemeinjournalistische Kriterien<\/h1>\n<p>[\/et_pb_text][et_pb_blurb title=&#8220;1. Das THEMA ist aktuell, relevant oder originell. (THEMENAUSWAHL)&#8220; use_icon=&#8220;on&#8220; font_icon=&#8220;&#xe052;||divi||400&#8243; icon_color=&#8220;#7AAE30&#8243; icon_placement=&#8220;left&#8220; image_icon_width=&#8220;50px&#8220; content_max_width=&#8220;100%&#8220; admin_label=&#8220;1. Themenauswahl&#8220; _builder_version=&#8220;4.14.2&#8243; _module_preset=&#8220;default&#8220; header_font_size=&#8220;18px&#8220; custom_margin=&#8220;||35px||false|false&#8220; icon_font_size=&#8220;50px&#8220; global_colors_info=&#8220;{}&#8220;]<\/p>\n<p>Der Beitrag besch\u00e4ftigt sich anl\u00e4sslich des neuen IPCC-Berichts mit dem Klimawandel und nennt Ma\u00dfnahmen, um den CO<sub>2<\/sub>-Ausstoss zu begrenzen &#8211; also ein aktuelles und relevantes Thema. Mit der EU-Richtlinie zu energiesparenden Haushaltsger\u00e4ten wird ein origineller Einstieg in den Film gew\u00e4hlt.<\/p>\n<p>[\/et_pb_blurb][et_pb_blurb title=&#8220;2. Die journalistische Darstellung des Themas ist gelungen. (VERST\u00c4NDLICHKEIT\/VERMITTLUNG)&#8220; use_icon=&#8220;on&#8220; font_icon=&#8220;&#xe051;||divi||400&#8243; icon_color=&#8220;#E02B20&#8243; icon_placement=&#8220;left&#8220; image_icon_width=&#8220;50px&#8220; content_max_width=&#8220;100%&#8220; admin_label=&#8220;2. Verst\u00e4ndlichkeit\/Vermittlung&#8220; _builder_version=&#8220;4.14.2&#8243; _module_preset=&#8220;default&#8220; header_font_size=&#8220;18px&#8220; custom_margin=&#8220;||35px||false|false&#8220; custom_padding=&#8220;||||false|false&#8220; icon_font_size=&#8220;50px&#8220; global_colors_info=&#8220;{}&#8220;]<\/p>\n<p>Bei einer L\u00e4nge von rund 01:40 Minuten (+ 30 Sekunden Anmoderation) besch\u00e4ftigt sich der Nachrichtenbeitrag mit einer Vielzahl von Themen: der EU-\u00d6kodesign-Richtlinie und dem Stromverbrauch von Kaffeemaschinen, dem Ausbau der regenerativen Energien, den Auswirkungen des Klimawandels, der Wirtschaftsentwicklung in Schwellenl\u00e4ndern wie China, der deutschen Braunkohle und dem Sofortprogramm der Bundesregierung zum Klimaschutz.<\/p>\n<p>Dadurch wird zwar die Vielschichtigkeit des Klimaproblems deutlich, in der K\u00fcrze der zur Verf\u00fcgung stehenden Zeit geling es aber nicht, den vielen angesprochenen Themen gerecht zu werden.<\/p>\n<p>Die vielen thematischen Spr\u00fcnge verwirren, eine klare Struktur des Beitrags ist nicht erkennbar.<\/p>\n<p>Am Ende bleiben Zuschauerinnen und Zuschauer mit vielen Fragen zur\u00fcck. Sinnvoll w\u00e4re es hier gewesen, sich auf weniger Themen zu beschr\u00e4nken, und diese genauer und verst\u00e4ndlich darzustellen.<\/p>\n<p>Problematisch finden wir den O-Ton von Stefan Singer (WWF). Er mahnt allgemein staatliche Regelungen an; durch Schnitt und Text wirkt es so, als ob sich seine \u00c4u\u00dferungen unmittelbar auf die Kaffeemaschinen beziehen. Ob dies tats\u00e4chlich der Fall ist, es geht aber aus dem O-Ton selbst nicht hervor.<\/p>\n<p>[\/et_pb_blurb][et_pb_blurb title=&#8220;3. Die Fakten sind richtig dargestellt. (FAKTENTREUE)&#8220; use_icon=&#8220;on&#8220; font_icon=&#8220;&#xe051;||divi||400&#8243; icon_color=&#8220;#E02B20&#8243; icon_placement=&#8220;left&#8220; image_icon_width=&#8220;50px&#8220; content_max_width=&#8220;100%&#8220; admin_label=&#8220;3. Faktentreue&#8220; _builder_version=&#8220;4.14.2&#8243; _module_preset=&#8220;default&#8220; header_font_size=&#8220;18px&#8220; custom_margin=&#8220;||35px||false|false&#8220; custom_padding=&#8220;||||false|false&#8220; icon_font_size=&#8220;50px&#8220; global_colors_info=&#8220;{}&#8220;]<\/p>\n<p>Der Beitrag enth\u00e4lt einige Faktenfehler. So wird das Zwei-Grad-Ziel falsch dargestellt (siehe Kriterium 1).<\/p>\n<p>Nicht korrekt ist die Angabe, dass Kaffeemaschinen sich k\u00fcnftig nach f\u00fcnf Minuten ausschalten m\u00fcssen \u2013 f\u00fcr die im Film gezeigten Ger\u00e4te ohne Isolierkanne gilt eine Abschaltzeit von 40 Minuten.<\/p>\n<p>Die Angabe zur Stromerzeugung aus Braunkohle \/ Kohle ist irref\u00fchrend: Der Beitrag erw\u00e4hnt und zeigt die Braunkohle und spricht dann im n\u00e4chsten Satz aber allgemein von Kohle. Zitat: \u201eDie H\u00e4lfte unseres Stroms wird damit erzeugt.&#8220; Zuschauerinnen und Zuschauer denken in hier wahrscheinlich noch an Braunkohle, deren der Anteil an der Stromerzeugung betrug 2013 aber nur rund 26 %. Braun- und Steinkohle haben einen Anteil von 45,5 Prozent, was man evtl. auf 50 Prozent aufrunden k\u00f6nnte, aber auch dann w\u00e4re ein \u201eca.\u201c oder \u201efast\u201c angebracht gewesen (<a href=\"\/\/www.bundesregierung.de\/Content\/DE\/Artikel\/2014\/01\/2014-01-13-bdew-energiebilanz-2013.html\">zur Quelle<\/a>).<\/p>\n<p>Dass Smog, St\u00fcrme und Taifune zweifelsfrei eine direkte Folge des Klimawandels sind, ist ebenfalls nicht richtig.<\/p>\n<p>[\/et_pb_blurb][\/et_pb_column][\/et_pb_row][\/et_pb_section][et_pb_section fb_built=&#8220;1&#8243; _builder_version=&#8220;4.9.10&#8243; _module_preset=&#8220;default&#8220; background_color=&#8220;#f4f4f4&#8243; custom_margin=&#8220;0px||0px||false|false&#8220; custom_padding=&#8220;0px||0px||false|false&#8220; da_disable_devices=&#8220;off|off|off&#8220; global_colors_info=&#8220;{}&#8220; da_is_popup=&#8220;off&#8220; da_exit_intent=&#8220;off&#8220; da_has_close=&#8220;on&#8220; da_alt_close=&#8220;off&#8220; da_dark_close=&#8220;off&#8220; da_not_modal=&#8220;on&#8220; da_is_singular=&#8220;off&#8220; da_with_loader=&#8220;off&#8220; da_has_shadow=&#8220;on&#8220;][et_pb_row admin_label=&#8220;Endnote Kriterien&#8220; _builder_version=&#8220;4.9.4&#8243; _module_preset=&#8220;default&#8220; background_color=&#8220;RGBA(0,0,0,0)&#8220; width=&#8220;100%&#8220; custom_margin=&#8220;0px|0px|0px|0px|false|false&#8220; custom_padding=&#8220;15px|15px|15px|15px|false|false&#8220; global_colors_info=&#8220;{}&#8220;][et_pb_column type=&#8220;4_4&#8243; _builder_version=&#8220;4.9.4&#8243; _module_preset=&#8220;default&#8220; global_colors_info=&#8220;{}&#8220;][et_pb_text admin_label=&#8220;Headline &amp; Text&#8220; _builder_version=&#8220;4.14.2&#8243; _module_preset=&#8220;default&#8220; custom_margin=&#8220;||5px|||&#8220; global_colors_info=&#8220;{}&#8220;]<\/p>\n<h3>Umweltjournalistische Kriterien: 4 von 9 erf\u00fcllt<\/h3>\n<h3>Allgemeinjournalistische Kriterien: 1 von 3 erf\u00fcllt<\/h3>\n<p>Wegen der M\u00e4ngel in der Darstellung und der Faktenfehler werten wir um einen Stern ab.<\/p>\n<p>[\/et_pb_text][dipl_star_rating rating=&#8220;@ET-DC@eyJkeW5hbWljIjp0cnVlLCJjb250ZW50IjoiY3VzdG9tX21ldGFfc3Rlcm5lIiwic2V0dGluZ3MiOnsiYmVmb3JlIjoiIiwiYWZ0ZXIiOiIiLCJlbmFibGVfaHRtbCI6Im9mZiJ9fQ==@&#8220; rating_out_of=&#8220;5&#8243; rating_position=&#8220;after_title&#8220; show_rating_number=&#8220;off&#8220; star_font_size=&#8220;35px&#8220; empty_star_color=&#8220;#969696&#8243; _builder_version=&#8220;4.14.2&#8243; _dynamic_attributes=&#8220;rating&#8220; _module_preset=&#8220;default&#8220; text_orientation=&#8220;left&#8220; custom_margin=&#8220;10px||0px||false|false&#8220; custom_padding=&#8220;10px||0px||false|false&#8220; global_module=&#8220;321&#8243; saved_tabs=&#8220;all&#8220; global_colors_info=&#8220;{}&#8220;][\/dipl_star_rating][\/et_pb_column][\/et_pb_row][\/et_pb_section][et_pb_section fb_built=&#8220;1&#8243; admin_label=&#8220;Bewertungen Legende &#8220; _builder_version=&#8220;4.9.4&#8243; _module_preset=&#8220;default&#8220; custom_padding=&#8220;4px||5px|||&#8220; da_disable_devices=&#8220;off|off|off&#8220; global_module=&#8220;323&#8243; saved_tabs=&#8220;all&#8220; collapsed=&#8220;off&#8220; global_colors_info=&#8220;{}&#8220; da_is_popup=&#8220;off&#8220; da_exit_intent=&#8220;off&#8220; da_has_close=&#8220;on&#8220; da_alt_close=&#8220;off&#8220; da_dark_close=&#8220;off&#8220; da_not_modal=&#8220;on&#8220; da_is_singular=&#8220;off&#8220; da_with_loader=&#8220;off&#8220; da_has_shadow=&#8220;on&#8220;][et_pb_row column_structure=&#8220;1_3,1_3,1_3&#8243; _builder_version=&#8220;4.9.4&#8243; _module_preset=&#8220;default&#8220; custom_padding=&#8220;||6px|||&#8220; global_colors_info=&#8220;{}&#8220;][et_pb_column type=&#8220;1_3&#8243; _builder_version=&#8220;4.9.4&#8243; _module_preset=&#8220;default&#8220; global_colors_info=&#8220;{}&#8220;][et_pb_blurb title=&#8220;Kriterium erf\u00fcllt &#8220; use_icon=&#8220;on&#8220; font_icon=&#8220;&#xe052;||divi||400&#8243; icon_color=&#8220;#7AAE30&#8243; icon_placement=&#8220;left&#8220; _builder_version=&#8220;4.13.0&#8243; _module_preset=&#8220;default&#8220; header_text_color=&#8220;#444444&#8243; header_font_size=&#8220;16px&#8220; header_line_height=&#8220;2em&#8220; custom_margin=&#8220;|0px|0px||false|false&#8220; custom_padding=&#8220;0px|0px|0px||false|false&#8220; global_colors_info=&#8220;{}&#8220;][\/et_pb_blurb][\/et_pb_column][et_pb_column type=&#8220;1_3&#8243; _builder_version=&#8220;4.9.4&#8243; _module_preset=&#8220;default&#8220; global_colors_info=&#8220;{}&#8220;][et_pb_blurb title=&#8220;Kriterium nicht erf\u00fcllt&#8220; use_icon=&#8220;on&#8220; font_icon=&#8220;&#xe051;||divi||400&#8243; icon_color=&#8220;#E02B20&#8243; icon_placement=&#8220;left&#8220; _builder_version=&#8220;4.13.0&#8243; _module_preset=&#8220;default&#8220; header_text_color=&#8220;#444444&#8243; header_font_size=&#8220;16px&#8220; header_line_height=&#8220;2em&#8220; custom_margin=&#8220;||0px|0px|false|false&#8220; custom_padding=&#8220;0px||0px|0px|false|false&#8220; global_colors_info=&#8220;{}&#8220;][\/et_pb_blurb][\/et_pb_column][et_pb_column type=&#8220;1_3&#8243; _builder_version=&#8220;4.9.4&#8243; _module_preset=&#8220;default&#8220; global_colors_info=&#8220;{}&#8220;][et_pb_blurb title=&#8220;Kriterium nicht anwendbar&#8220; use_icon=&#8220;on&#8220; font_icon=&#8220;&#xe055;||divi||400&#8243; icon_color=&#8220;rgba(68,68,68,0.68)&#8220; icon_placement=&#8220;left&#8220; _builder_version=&#8220;4.13.0&#8243; _module_preset=&#8220;default&#8220; header_text_color=&#8220;#444444&#8243; header_font_size=&#8220;16px&#8220; header_line_height=&#8220;2em&#8220; custom_margin=&#8220;||0px|0px|false|false&#8220; custom_padding=&#8220;0px||0px||false|false&#8220; global_colors_info=&#8220;{}&#8220;][\/et_pb_blurb][\/et_pb_column][\/et_pb_row][\/et_pb_section][et_pb_section fb_built=&#8220;1&#8243; admin_label=&#8220;Schreiben Sie uns&#8220; _builder_version=&#8220;4.9.10&#8243; _module_preset=&#8220;default&#8220; custom_margin=&#8220;||0px||false|false&#8220; custom_padding=&#8220;5px||0px||false|false&#8220; da_disable_devices=&#8220;off|off|off&#8220; global_module=&#8220;1074&#8243; saved_tabs=&#8220;all&#8220; global_colors_info=&#8220;{}&#8220; da_is_popup=&#8220;off&#8220; da_exit_intent=&#8220;off&#8220; da_has_close=&#8220;on&#8220; da_alt_close=&#8220;off&#8220; da_dark_close=&#8220;off&#8220; da_not_modal=&#8220;on&#8220; da_is_singular=&#8220;off&#8220; da_with_loader=&#8220;off&#8220; da_has_shadow=&#8220;on&#8220;][et_pb_row _builder_version=&#8220;4.10.7&#8243; _module_preset=&#8220;default&#8220; custom_padding=&#8220;7px||25px||false|false&#8220; global_colors_info=&#8220;{}&#8220;][et_pb_column type=&#8220;4_4&#8243; _builder_version=&#8220;4.9.10&#8243; _module_preset=&#8220;default&#8220; global_colors_info=&#8220;{}&#8220;][et_pb_button button_url=&#8220;mailto:astrid.viciano@tu-dortmund.de?Subject=Beitrag%20im%20Medien-Doktor%20Gesundheit&#8220; button_text=&#8220;Schreiben Sie uns&#8220; button_alignment=&#8220;left&#8220; _builder_version=&#8220;4.9.10&#8243; _module_preset=&#8220;default&#8220; global_colors_info=&#8220;{}&#8220;][\/et_pb_button][\/et_pb_column][\/et_pb_row][\/et_pb_section]<\/p>\n","protected":false},"excerpt":{"rendered":"<p>Der TV-Beitrag von RTL Aktuell besch\u00e4ftigt sich aus Anlass des neuen Berichts des Weltklimarats IPCC mit dem Klimawandel und verschiedenen Ans\u00e4tzen, die CO2-Emissionen zu mindern. Herausgestellt wird dabei vor allem die neue \u00d6kodesign-Richtlinie der EU, die die Laufzeit von Kaffeemaschinen begrenzt. <\/p>\n","protected":false},"author":11,"featured_media":3881,"comment_status":"closed","ping_status":"open","sticky":false,"template":"","format":"standard","meta":{"_acf_changed":false,"_et_pb_use_builder":"on","_et_pb_old_content":"","_et_gb_content_width":"","footnotes":""},"categories":[78],"tags":[],"class_list":["post-3862","post","type-post","status-publish","format-standard","has-post-thumbnail","hentry","category-rtl-aktuell"],"acf":[],"_links":{"self":[{"href":"https:\/\/medien-doktor.de\/umwelt\/wp-json\/wp\/v2\/posts\/3862","targetHints":{"allow":["GET"]}}],"collection":[{"href":"https:\/\/medien-doktor.de\/umwelt\/wp-json\/wp\/v2\/posts"}],"about":[{"href":"https:\/\/medien-doktor.de\/umwelt\/wp-json\/wp\/v2\/types\/post"}],"author":[{"embeddable":true,"href":"https:\/\/medien-doktor.de\/umwelt\/wp-json\/wp\/v2\/users\/11"}],"replies":[{"embeddable":true,"href":"https:\/\/medien-doktor.de\/umwelt\/wp-json\/wp\/v2\/comments?post=3862"}],"version-history":[{"count":5,"href":"https:\/\/medien-doktor.de\/umwelt\/wp-json\/wp\/v2\/posts\/3862\/revisions"}],"predecessor-version":[{"id":3883,"href":"https:\/\/medien-doktor.de\/umwelt\/wp-json\/wp\/v2\/posts\/3862\/revisions\/3883"}],"wp:featuredmedia":[{"embeddable":true,"href":"https:\/\/medien-doktor.de\/umwelt\/wp-json\/wp\/v2\/media\/3881"}],"wp:attachment":[{"href":"https:\/\/medien-doktor.de\/umwelt\/wp-json\/wp\/v2\/media?parent=3862"}],"wp:term":[{"taxonomy":"category","embeddable":true,"href":"https:\/\/medien-doktor.de\/umwelt\/wp-json\/wp\/v2\/categories?post=3862"},{"taxonomy":"post_tag","embeddable":true,"href":"https:\/\/medien-doktor.de\/umwelt\/wp-json\/wp\/v2\/tags?post=3862"}],"curies":[{"name":"wp","href":"https:\/\/api.w.org\/{rel}","templated":true}]}}