{"id":3408,"date":"2017-03-20T13:57:17","date_gmt":"2017-03-20T12:57:17","guid":{"rendered":"https:\/\/medien-doktor.de\/umwelt\/?p=3408"},"modified":"2021-12-08T14:31:35","modified_gmt":"2021-12-08T13:31:35","slug":"agrarindustrie-bedroht-die-artenvielfalt","status":"publish","type":"post","link":"https:\/\/medien-doktor.de\/umwelt\/2017\/03\/agrarindustrie-bedroht-die-artenvielfalt\/","title":{"rendered":"\u201eAgrarindustrie bedroht die Artenvielfalt\u201c"},"content":{"rendered":"<p>[et_pb_section fb_built=&#8220;1&#8243; admin_label=&#8220;Sektion&#8220; _builder_version=&#8220;4.9.10&#8243; _module_preset=&#8220;default&#8220; background_color=&#8220;#f4f4f4&#8243; custom_margin=&#8220;0px||0px||false|false&#8220; custom_padding=&#8220;0px||0px||false|false&#8220; da_disable_devices=&#8220;off|off|off&#8220; global_colors_info=&#8220;{}&#8220; da_is_popup=&#8220;off&#8220; da_exit_intent=&#8220;off&#8220; da_has_close=&#8220;on&#8220; da_alt_close=&#8220;off&#8220; da_dark_close=&#8220;off&#8220; da_not_modal=&#8220;on&#8220; da_is_singular=&#8220;off&#8220; da_with_loader=&#8220;off&#8220; da_has_shadow=&#8220;on&#8220;][et_pb_row column_structure=&#8220;2_3,1_3&#8243; admin_label=&#8220;Medium und Link&#8220; _builder_version=&#8220;4.9.10&#8243; _module_preset=&#8220;default&#8220; background_color=&#8220;RGBA(0,0,0,0)&#8220; width=&#8220;100%&#8220; custom_margin=&#8220;0px|0px|0px|0px|false|false&#8220; custom_padding=&#8220;15px|15px|15px|15px|false|false&#8220; global_colors_info=&#8220;{}&#8220;][et_pb_column type=&#8220;2_3&#8243; _builder_version=&#8220;4.9.4&#8243; _module_preset=&#8220;default&#8220; global_colors_info=&#8220;{}&#8220;][et_pb_text admin_label=&#8220;Datum&#8220; _builder_version=&#8220;4.14.2&#8243; _dynamic_attributes=&#8220;content&#8220; _module_preset=&#8220;default&#8220; custom_margin=&#8220;0px||0px||false|false&#8220; custom_padding=&#8220;0px||0px||false|false&#8220; global_module=&#8220;320&#8243; saved_tabs=&#8220;all&#8220; global_colors_info=&#8220;{}&#8220;]@ET-DC@eyJkeW5hbWljIjp0cnVlLCJjb250ZW50IjoicG9zdF9kYXRlIiwic2V0dGluZ3MiOnsiYmVmb3JlIjoiQmV3ZXJ0ZXQgYW0gIiwiYWZ0ZXIiOiIiLCJkYXRlX2Zvcm1hdCI6ImRlZmF1bHQiLCJjdXN0b21fZGF0ZV9mb3JtYXQiOiIifX0=@[\/et_pb_text][et_pb_text admin_label=&#8220;Medium&#8220; _builder_version=&#8220;4.9.10&#8243; _dynamic_attributes=&#8220;content&#8220; _module_preset=&#8220;default&#8220; custom_margin=&#8220;0px||0px||false|false&#8220; custom_padding=&#8220;0px||0px||false|false&#8220; global_module=&#8220;318&#8243; saved_tabs=&#8220;all&#8220; global_colors_info=&#8220;{}&#8220;]@ET-DC@eyJkeW5hbWljIjp0cnVlLCJjb250ZW50IjoicG9zdF9jYXRlZ29yaWVzIiwic2V0dGluZ3MiOnsiYmVmb3JlIjoiVmVyXHUwMGY2ZmZlbnRsaWNodCB2b246ICIsImFmdGVyIjoiIiwibGlua190b190ZXJtX3BhZ2UiOiJvZmYiLCJzZXBhcmF0b3IiOiIgfCAiLCJjYXRlZ29yeV90eXBlIjoiY2F0ZWdvcnkifX0=@[\/et_pb_text][\/et_pb_column][et_pb_column type=&#8220;1_3&#8243; _builder_version=&#8220;4.9.4&#8243; _module_preset=&#8220;default&#8220; global_colors_info=&#8220;{}&#8220;][et_pb_button button_url=&#8220;http:\/\/www.morgenpost.de\/web-wissen\/article209679189\/Agrarindustrie-bedroht-Artenvielfalt.html&#8220; button_text=&#8220;zum Originalartikel&#8220; button_alignment=&#8220;right&#8220; admin_label=&#8220;Link Original&#8220; _builder_version=&#8220;4.14.1&#8243; _module_preset=&#8220;default&#8220; custom_margin=&#8220;0px||||false|false&#8220; custom_margin_tablet=&#8220;&#8220; custom_margin_phone=&#8220;-14px||||false|false&#8220; custom_margin_last_edited=&#8220;on|desktop&#8220; custom_padding=&#8220;0px||||false|false&#8220; global_colors_info=&#8220;{}&#8220;][\/et_pb_button][\/et_pb_column][\/et_pb_row][\/et_pb_section][et_pb_section fb_built=&#8220;1&#8243; admin_label=&#8220;Sektion&#8220; _builder_version=&#8220;4.9.4&#8243; _module_preset=&#8220;default&#8220; custom_margin=&#8220;10px||10px||false|false&#8220; custom_padding=&#8220;10px||10px||false|false&#8220; da_disable_devices=&#8220;off|off|off&#8220; global_colors_info=&#8220;{}&#8220; da_is_popup=&#8220;off&#8220; da_exit_intent=&#8220;off&#8220; da_has_close=&#8220;on&#8220; da_alt_close=&#8220;off&#8220; da_dark_close=&#8220;off&#8220; da_not_modal=&#8220;on&#8220; da_is_singular=&#8220;off&#8220; da_with_loader=&#8220;off&#8220; da_has_shadow=&#8220;on&#8220;][et_pb_row admin_label=&#8220;Einleitung&#8220; _builder_version=&#8220;4.9.4&#8243; _module_preset=&#8220;default&#8220; custom_margin=&#8220;0px||0px||false|false&#8220; custom_padding=&#8220;0px||0px||false|false&#8220; global_colors_info=&#8220;{}&#8220;][et_pb_column type=&#8220;4_4&#8243; _builder_version=&#8220;4.9.4&#8243; _module_preset=&#8220;default&#8220; global_colors_info=&#8220;{}&#8220;][et_pb_text _builder_version=&#8220;4.14.1&#8243; _module_preset=&#8220;default&#8220; global_colors_info=&#8220;{}&#8220;]<\/p>\n<p>Viele V\u00f6gel, Insekten und andere Arten sind immer seltener auf Wiesen und Feldern zu sehen, berichtet ein Artikel in der WAZ. Er nennt zahlreiche Beispiele, diskutiert aber keine Handlungsoptionen.<br \/>Da der Beitrag der WAZ nicht frei online verf\u00fcgbar ist, verlinken wir zum fast gleichlautenden Artikel in der Berliner Morgenpost.<\/p>\n<p>[\/et_pb_text][\/et_pb_column][\/et_pb_row][\/et_pb_section][et_pb_section fb_built=&#8220;1&#8243; admin_label=&#8220;Sektion&#8220; _builder_version=&#8220;4.9.10&#8243; _module_preset=&#8220;default&#8220; background_color=&#8220;#f4f4f4&#8243; custom_margin=&#8220;0px||0px||false|false&#8220; custom_padding=&#8220;0px||0px||false|false&#8220; da_disable_devices=&#8220;off|off|off&#8220; global_colors_info=&#8220;{}&#8220; da_is_popup=&#8220;off&#8220; da_exit_intent=&#8220;off&#8220; da_has_close=&#8220;on&#8220; da_alt_close=&#8220;off&#8220; da_dark_close=&#8220;off&#8220; da_not_modal=&#8220;on&#8220; da_is_singular=&#8220;off&#8220; da_with_loader=&#8220;off&#8220; da_has_shadow=&#8220;on&#8220;][et_pb_row admin_label=&#8220;Zusammenfassung&#8220; _builder_version=&#8220;4.9.4&#8243; _module_preset=&#8220;default&#8220; background_color=&#8220;RGBA(0,0,0,0)&#8220; width=&#8220;100%&#8220; custom_margin=&#8220;0px|0px|0px|0px|false|false&#8220; custom_padding=&#8220;15px|15px|15px|15px|false|false&#8220; global_colors_info=&#8220;{}&#8220;][et_pb_column type=&#8220;4_4&#8243; _builder_version=&#8220;4.9.4&#8243; _module_preset=&#8220;default&#8220; global_colors_info=&#8220;{}&#8220;][et_pb_text admin_label=&#8220;Headline und Zusammenfassung&#8220; _builder_version=&#8220;4.14.1&#8243; _module_preset=&#8220;default&#8220; custom_margin=&#8220;||2px|||&#8220; saved_tabs=&#8220;all&#8220; global_colors_info=&#8220;{}&#8220;]<\/p>\n<h3>Zusammenfassung<\/h3>\n<p>Der gut verst\u00e4ndliche Artikel in der WAZ schildert, wie die industrielle Landwirtschaft die Artenvielfalt im l\u00e4ndlichen Raum bedroht \u2013 er greift damit ein relevantes und hochaktuelles Problem auf. Zum Beleg f\u00fchrt der Beitrag eine Vielzahl von Studien, Quellen und Beispielen an. Bei den genannten Fachpublikationen h\u00e4tten wir uns z.T. genauere Quellenangaben gew\u00fcnscht. Es wird klar, dass es vorwiegend um die Situation in Deutschland geht, der Artenr\u00fcckgang aber international zu beobachten ist. Der zeitliche Rahmen wird anhand einiger Beispiele noch ausreichend deutlich gemacht.<\/p>\n<p>Da die unterschiedlichen Beobachtungen, Organismen, Vergleichszahlen und Daten eher aneinandergereiht als aufeinander bezogen und eingeordnet werden, wirkt der Bericht gegen Ende etwas verwirrend und erm\u00fcdend, zumal er \u00fcber die blo\u00dfe Schilderung des Artenr\u00fcckgangs kaum hinaus geht und keine L\u00f6sungsans\u00e4tze einbezieht. Der Gewinn f\u00fcr Leserinnen und Leser w\u00e4re noch gr\u00f6\u00dfer, wenn der Artikel zus\u00e4tzlich den Kontext des Problems aufgezeigt und beispielsweise \u00f6konomische und soziale Folgen angesprochen h\u00e4tte. Ein Vertreter der als Hauptursache genannten Landwirtschaft kommt nicht zu Wort.<\/p>\n<p>[\/et_pb_text][dipl_star_rating rating=&#8220;@ET-DC@eyJkeW5hbWljIjp0cnVlLCJjb250ZW50IjoiY3VzdG9tX21ldGFfc3Rlcm5lIiwic2V0dGluZ3MiOnsiYmVmb3JlIjoiIiwiYWZ0ZXIiOiIiLCJlbmFibGVfaHRtbCI6Im9mZiJ9fQ==@&#8220; rating_out_of=&#8220;5&#8243; rating_position=&#8220;after_title&#8220; show_rating_number=&#8220;off&#8220; star_font_size=&#8220;35px&#8220; empty_star_color=&#8220;#969696&#8243; _builder_version=&#8220;4.14.2&#8243; _dynamic_attributes=&#8220;rating&#8220; _module_preset=&#8220;default&#8220; text_orientation=&#8220;left&#8220; custom_margin=&#8220;10px||0px||false|false&#8220; custom_padding=&#8220;10px||0px||false|false&#8220; global_module=&#8220;321&#8243; saved_tabs=&#8220;all&#8220; global_colors_info=&#8220;{}&#8220;][\/dipl_star_rating][\/et_pb_column][\/et_pb_row][\/et_pb_section][et_pb_section fb_built=&#8220;1&#8243; _builder_version=&#8220;4.9.4&#8243; _module_preset=&#8220;default&#8220; custom_margin=&#8220;0px||||false|false&#8220; custom_padding=&#8220;0px||5px||false|false&#8220; da_disable_devices=&#8220;off|off|off&#8220; global_colors_info=&#8220;{}&#8220; da_is_popup=&#8220;off&#8220; da_exit_intent=&#8220;off&#8220; da_has_close=&#8220;on&#8220; da_alt_close=&#8220;off&#8220; da_dark_close=&#8220;off&#8220; da_not_modal=&#8220;on&#8220; da_is_singular=&#8220;off&#8220; da_with_loader=&#8220;off&#8220; da_has_shadow=&#8220;on&#8220;][et_pb_row admin_label=&#8220;Bewertungen&#8220; _builder_version=&#8220;4.9.10&#8243; _module_preset=&#8220;default&#8220; custom_margin=&#8220;||0px||false|false&#8220; custom_padding=&#8220;||0px||false|false&#8220; global_colors_info=&#8220;{}&#8220;][et_pb_column type=&#8220;4_4&#8243; _builder_version=&#8220;4.9.4&#8243; _module_preset=&#8220;default&#8220; global_colors_info=&#8220;{}&#8220;][et_pb_text admin_label=&#8220;Headline Umweltjournalistische Kriterien&#8220; _builder_version=&#8220;4.13.1&#8243; _module_preset=&#8220;default&#8220; text_text_color=&#8220;#FFFFFF&#8220; background_color=&#8220;RGBA(0,0,0,0)&#8220; custom_margin=&#8220;5px||5px||false|false&#8220; saved_tabs=&#8220;all&#8220; global_colors_info=&#8220;{}&#8220;]<\/p>\n<h1>Umweltjournalistische Kriterien<\/h1>\n<p>[\/et_pb_text][et_pb_blurb title=&#8220;1. KEINE \u00dcBERTREIBUNG\/VERHARMLOSUNG: Risiken und Chancen werden weder \u00fcbertrieben dargestellt noch bagatellisiert.&#8220; use_icon=&#8220;on&#8220; font_icon=&#8220;&#xe052;||divi||400&#8243; icon_color=&#8220;#7AAE30&#8243; icon_placement=&#8220;left&#8220; image_icon_width=&#8220;50px&#8220; content_max_width=&#8220;100%&#8220; admin_label=&#8220;1 Gr\u00fcn \/ Erf\u00fcllt&#8220; _builder_version=&#8220;4.14.1&#8243; _module_preset=&#8220;default&#8220; header_font_size=&#8220;18px&#8220; custom_margin=&#8220;||35px||false|false&#8220; icon_font_size=&#8220;50px&#8220; global_colors_info=&#8220;{}&#8220;]<\/p>\n<p>Der Beitrag stellt die Auswirkungen der intensiven Landwirtschaft auf die Artenvielfalt angemessen und mit konkreten Zahlen und Fakten dar. Es wird geschildert, dass zahlreiche Arten, wie etwa der Kiebitz, seltener werden, einige jedoch von der Entwicklung profitieren, wie z.B. Wildschweine. Die Sprache des Beitrags bleibt dabei n\u00fcchtern, die verschiedenen Forschungsergebnisse, die den Artenr\u00fcckgang belegen, werden ohne Alarmismus berichtet.<\/p>\n<p>[\/et_pb_blurb][et_pb_blurb title=&#8220;2. BELEGE\/EVIDENZ: Studien, Fakten und Zahlen werden so dargestellt, dass deren Aussagekraft deutlich wird.&#8220; use_icon=&#8220;on&#8220; font_icon=&#8220;&#xe051;||divi||400&#8243; icon_color=&#8220;#E02B20&#8243; icon_placement=&#8220;left&#8220; image_icon_width=&#8220;50px&#8220; content_max_width=&#8220;100%&#8220; admin_label=&#8220;2 Rot\/ Nicht erf\u00fcllt &#8220; _builder_version=&#8220;4.14.1&#8243; _module_preset=&#8220;default&#8220; header_font_size=&#8220;18px&#8220; custom_margin=&#8220;||35px||false|false&#8220; custom_padding=&#8220;||||false|false&#8220; icon_font_size=&#8220;50px&#8220; global_colors_info=&#8220;{}&#8220;]<\/p>\n<p>Es wird eine F\u00fclle von Ergebnissen referiert, doch dar\u00fcber, wie sie zustande kamen, also \u00fcber die Methodik der Untersuchungen, erfahren Leserinnen und Leser nichts. Sie k\u00f6nnen daher auch nicht einsch\u00e4tzen, wie aussagekr\u00e4ftig die einzelnen Befunde sind. Die Vielzahl unabh\u00e4ngiger Ergebnisse l\u00e4sst den Trend dennoch glaubhaft werden, deshalb werten wir nur \u201eknapp nicht erf\u00fcllt\u201c.<\/p>\n<p>[\/et_pb_blurb][et_pb_blurb title=&#8220;  3. EXPERTEN\/QUELLENTRANSPARENZ: Quellen werden benannt, Abh\u00e4ngigkeiten deutlich gemacht und zentrale Aussagen durch mindestens zwei Quellen belegt.&#8220; use_icon=&#8220;on&#8220; font_icon=&#8220;&#xe052;||divi||400&#8243; icon_color=&#8220;#7AAE30&#8243; icon_placement=&#8220;left&#8220; image_icon_width=&#8220;50px&#8220; content_max_width=&#8220;100%&#8220; admin_label=&#8220;3 Gr\u00fcn \/ Erf\u00fcllt&#8220; _builder_version=&#8220;4.14.1&#8243; _module_preset=&#8220;default&#8220; header_font_size=&#8220;18px&#8220; custom_margin=&#8220;||35px||false|false&#8220; icon_font_size=&#8220;50px&#8220; global_colors_info=&#8220;{}&#8220;]<\/p>\n<p>Der Beitrag f\u00fchrt eine Vielzahl von Quellen, Untersuchungen und Studien an \u2013 z.B. aus den Fachzeitschriften \u201eNature\u201c, und \u201eEcology Letters\u201c <strong>\u2013 <\/strong>sowie Beobachtungen und Einsch\u00e4tzungen von WWF, Nabu, dem Entomologischen Verein Krefeld und anderen. Die Funktion der zitierten Experten sowie ihre Zugeh\u00f6rigkeit\u00a0 zu einer Organisation oder Universit\u00e4t wird angegeben. Hinsichtlich der Einsch\u00e4tzung, dass die Landwirtschaft die bedeutsamste Gef\u00e4hrdungsursache ist, w\u00e4re der <a href=\"https:\/\/www.bfn.de\/fileadmin\/BfN\/presse\/2015\/Dokumente\/Artenschutzreport_Download.pdf\">Artenschutzreport des Bundesamts f\u00fcr Naturschutz <\/a>eine wichtige weitere Quelle gewesen (S. 21).<br \/>Da die Quellenangaben knapp gehalten sind, ist es zum Teil schwer nachzuvollziehen, auf welche Publikationen sich die einzelnen Aussagen genau beziehen. Beispielsweise ist von einer \u201eeuropaweiten Metastudie\u201c ohne Angaben von Autoren, Organisation oder Zeitschrift die Rede. Wir vermuten dass der <a href=\"http:\/\/www.easac.eu\/fileadmin\/Reports\/Easac_15_ES_web_complete.pdf\">EASAC report <\/a>(2015) gemeint sein k\u00f6nnte, der allerdings keine Metastudie sondern ein Literatur-Review ist, oder evtl. auch die \u00dcbersichtsarbeit<br \/><a href=\"http:\/\/link.springer.com\/article\/10.1007\/s11356-014-3229-5\">\u201eConclusions of the Worldwide Integrated Assessment on the risks of neonicotinoids and fipronil to biodiversity and ecosystem functioning\u201c<\/a>, die sich aber nicht nur auf Europa bezieht. Au\u00dferdem gibt es zu diesem Themenkomplex noch die europ\u00e4ische <a href=\"https:\/\/ec.europa.eu\/food\/animals\/live_animals\/bees\/study_on_mortality_en\">Studie EPILOBEE<\/a>, eine beschreibende epidemiologische Arbeit.<br \/>Wegen der Ungenauigkeit dieser und weiterer Quellenangaben werten wir nur \u201eknapp erf\u00fcllt\u201c.<\/p>\n<p>[\/et_pb_blurb][et_pb_blurb title=&#8220;4. PRO UND CONTRA: Es werden die wesentlichen relevanten Standpunkte angemessen dargestellt.&#8220; use_icon=&#8220;on&#8220; font_icon=&#8220;&#xe051;||divi||400&#8243; icon_color=&#8220;#E02B20&#8243; icon_placement=&#8220;left&#8220; image_icon_width=&#8220;50px&#8220; content_max_width=&#8220;100%&#8220; admin_label=&#8220;4 Rot\/ Nicht erf\u00fcllt &#8220; _builder_version=&#8220;4.14.2&#8243; _module_preset=&#8220;default&#8220; header_font_size=&#8220;18px&#8220; custom_margin=&#8220;||35px||false|false&#8220; custom_padding=&#8220;||||false|false&#8220; icon_font_size=&#8220;50px&#8220; global_colors_info=&#8220;{}&#8220;]<\/p>\n<p>Es herrscht in der Wissenschaft ein weitgehender Konsens dar\u00fcber, dass die industrielle Landwirtschaft die Artenvielfalt bedroht. \u00dcber das Ausma\u00df und m\u00f6gliche Gegenma\u00dfnahmen wird jedoch intensiv diskutiert. Hier h\u00e4tten wir erwartet, dass auch Vertreter der Landwirtschaft zu Wort kommen, die ja durchaus unterschiedliche Positionen zu der Problematik einnehmen (siehe z.B. <a href=\"https:\/\/www.topagrar.com\/news\/Home-top-News-BOeLW-erklaert-in-Grundsatzpapier-Umbau-der-Landwirtschaft-7037716.html\">hier <\/a>).<br \/>Auch Differenzierungen, wie sie in den Studien vorhanden sind, findet sich im Artikel nicht: Z.B. wird die Tatsache, dass der Bestand grunds\u00e4tzlich seltener Vogelarten eher zunimmt, w\u00e4hrend h\u00e4ufige Arten zur\u00fcckgehen, nicht erw\u00e4hnt (Ecology Letters).<\/p>\n<p>[\/et_pb_blurb][et_pb_blurb title=&#8220;5. PRESSEMITTEILUNG: Der Beitrag geht deutlich \u00fcber die Pressemitteilung\/das Pressematerial hinaus.&#8220; use_icon=&#8220;on&#8220; font_icon=&#8220;&#xe052;||divi||400&#8243; icon_color=&#8220;#7AAE30&#8243; icon_placement=&#8220;left&#8220; image_icon_width=&#8220;50px&#8220; content_max_width=&#8220;100%&#8220; admin_label=&#8220;5 Gr\u00fcn \/ Erf\u00fcllt&#8220; _builder_version=&#8220;4.14.1&#8243; _module_preset=&#8220;default&#8220; header_font_size=&#8220;18px&#8220; custom_margin=&#8220;||35px||false|false&#8220; icon_font_size=&#8220;50px&#8220; global_colors_info=&#8220;{}&#8220;]<\/p>\n<p>Der Beitrag geht deutlich \u00fcber die vorliegenden Pressemitteilungen hinaus, indem er verschiedene Studien und Experten zitiert.<\/p>\n<p>[\/et_pb_blurb][et_pb_blurb title=&#8220;6. ALT oder NEU: Der Beitrag macht klar, ob es sich um ein neu aufgetretenes Umweltproblem, eine innovative Umwelttechnik o.\u00e4. handelt, oder ob diese schon l\u00e4nger existieren.&#8220; use_icon=&#8220;on&#8220; font_icon=&#8220;&#xe052;||divi||400&#8243; icon_color=&#8220;#7AAE30&#8243; icon_placement=&#8220;left&#8220; image_icon_width=&#8220;50px&#8220; content_max_width=&#8220;100%&#8220; admin_label=&#8220;6 Gr\u00fcn \/ Erf\u00fcllt&#8220; _builder_version=&#8220;4.14.1&#8243; _module_preset=&#8220;default&#8220; header_font_size=&#8220;18px&#8220; custom_margin=&#8220;||35px||false|false&#8220; icon_font_size=&#8220;50px&#8220; global_colors_info=&#8220;{}&#8220;]<\/p>\n<p>Es wird klar, dass es sich beim Verlust der Artenvielfalt um eine schon l\u00e4nger andauernde Entwicklung handelt, und dass zu diesem bestehenden Trend eine neue Studie in \u201eNature\u201c publiziert wurde, die offenbar den Anlass f\u00fcr diesen Artikel liefert. Dabei h\u00e4tte deutlicher werden k\u00f6nnen, seit wann der R\u00fcckgang der biologischen Vielfalt in der Agrarlandschaft zu beobachten ist.<\/p>\n<p>[\/et_pb_blurb][et_pb_blurb title=&#8220;7. L\u00d6SUNGSHORIZONTE und HANDLUNGSOPTIONEN\/kein \u201eGreenwashing\u201c: Der Beitrag nennt Wege, um ein Umweltproblem zu l\u00f6sen, soweit dies m\u00f6glich und angebracht ist.&#8220; use_icon=&#8220;on&#8220; font_icon=&#8220;&#xe051;||divi||400&#8243; icon_color=&#8220;#E02B20&#8243; icon_placement=&#8220;left&#8220; image_icon_width=&#8220;50px&#8220; content_max_width=&#8220;100%&#8220; admin_label=&#8220;7 Rot\/ Nicht erf\u00fcllt &#8220; _builder_version=&#8220;4.14.1&#8243; _module_preset=&#8220;default&#8220; header_font_size=&#8220;18px&#8220; custom_margin=&#8220;||35px||false|false&#8220; custom_padding=&#8220;||||false|false&#8220; icon_font_size=&#8220;50px&#8220; global_colors_info=&#8220;{}&#8220;]<\/p>\n<p>Der Beitrag nennt keine L\u00f6sungsm\u00f6glichkeiten und Handlungsoptionen. In Anbetracht der L\u00e4nge des Artikels und der Vielzahl der m\u00f6glichen Beispiele h\u00e4tten wir dies doch erwartet. Ans\u00e4tze wie eine \u00f6kologische Landwirtschaft, Extensivierung, Ackerrandstreifenprogramme, Brachen, andere Pestizide etc. erw\u00e4hnt der Beitrag nicht einmal exemplarisch.<\/p>\n<p>[\/et_pb_blurb][et_pb_blurb title=&#8220;8. R\u00c4UMLICHE DIMENSION (lokal\/regional\/global): Die r\u00e4umlichen Dimensionen eines Umweltthemas werden dargestellt.&#8220; use_icon=&#8220;on&#8220; font_icon=&#8220;&#xe052;||divi||400&#8243; icon_color=&#8220;#7AAE30&#8243; icon_placement=&#8220;left&#8220; image_icon_width=&#8220;50px&#8220; content_max_width=&#8220;100%&#8220; admin_label=&#8220;8 Gr\u00fcn \/ Erf\u00fcllt&#8220; _builder_version=&#8220;4.14.1&#8243; _module_preset=&#8220;default&#8220; header_font_size=&#8220;18px&#8220; custom_margin=&#8220;||35px||false|false&#8220; icon_font_size=&#8220;50px&#8220; global_colors_info=&#8220;{}&#8220;]<\/p>\n<p>Der Artikel bezieht sich haupts\u00e4chlich auf die Situation in Deutschland. Das ist auch der Fokus des Nature-Fachbeitrags, der im zweiten Absatz des Textes genannt wird. Gleichzeitig macht der Artikel deutlich, dass die Befunde generell dort gelten, wo Landwirtschaft in industriellem Stil betrieben wird. Die Untersuchung, die in den \u201eEcology Letters\u201c erschien, bezieht sich z.B. auf Vogelbest\u00e4nde in 25 europ\u00e4ischen L\u00e4ndern, wie der Artikel korrekt berichtet. Zur Wirkung der Neonicotinoide auf Insekten wird die Situation in China als Vergleich herangezogen.<\/p>\n<p>[\/et_pb_blurb][et_pb_blurb title=&#8220;9. ZEITLICHE DIMENSION (Nachhaltigkeit): Die zeitliche Reichweite eines Umweltproblems oder Ph\u00e4nomens wird dargestellt.&#8220; use_icon=&#8220;on&#8220; font_icon=&#8220;&#xe052;||divi||400&#8243; icon_color=&#8220;#7AAE30&#8243; icon_placement=&#8220;left&#8220; image_icon_width=&#8220;50px&#8220; content_max_width=&#8220;100%&#8220; admin_label=&#8220;9 Gr\u00fcn \/ Erf\u00fcllt&#8220; _builder_version=&#8220;4.14.1&#8243; _module_preset=&#8220;default&#8220; header_font_size=&#8220;18px&#8220; custom_margin=&#8220;||35px||false|false&#8220; icon_font_size=&#8220;50px&#8220; global_colors_info=&#8220;{}&#8220;]<\/p>\n<p>Der Artikel macht deutlich, dass es sich beim R\u00fcckgang der Artenvielfalt nicht um ein singul\u00e4res Ereignis handelt, sondern um einen seit l\u00e4ngerem andauernden und anhaltenden Prozess. Im Artikel werden exemplarisch verschiedene Vergleichszahlen genannt, so die Entwicklung in von Wildbienen in den vergangenen 10 Jahren und das Wachstum der Anbaufl\u00e4che f\u00fcr Mais in den letzten 30 Jahren. Bei anderen Angaben fehlt der Zeitbezug \u2013 so erf\u00e4hrt man nicht, in welchem Zeitraum die Zahl der Fluginsekten um die genannten 80 Prozent abgenommen hat. Die \u00fcbergreifende Frage, wann die landwirtschaftliche Intensivierung begann, die Artenvielfalt zu bedrohen, bzw. seit wann dieser R\u00fcckgang beobachtet wird, spricht der Artikel nicht an. Insgesamt werten wir \u201eknapp erf\u00fcllt\u201c.<\/p>\n<p>[\/et_pb_blurb][et_pb_blurb title=&#8220;10. KONTEXT\/KOSTEN: Es werden politische, soziale oder wirtschaftliche Aspekte eines Umweltthemas einbezogen.&#8220; use_icon=&#8220;on&#8220; font_icon=&#8220;&#xe051;||divi||400&#8243; icon_color=&#8220;#E02B20&#8243; icon_placement=&#8220;left&#8220; image_icon_width=&#8220;50px&#8220; content_max_width=&#8220;100%&#8220; admin_label=&#8220;10 Rot\/ Nicht erf\u00fcllt &#8220; _builder_version=&#8220;4.14.1&#8243; _module_preset=&#8220;default&#8220; header_font_size=&#8220;18px&#8220; custom_margin=&#8220;||35px||false|false&#8220; custom_padding=&#8220;||||false|false&#8220; icon_font_size=&#8220;50px&#8220; global_colors_info=&#8220;{}&#8220;]<\/p>\n<div id=\"criteria_box\">\n<div id=\"criteria_col_content\">\n<p>Auf den offensichtlichen gesellschaftlichen und wirtschaftlichen Kontext des Themas geht der Artikel nicht ein. \u201eAgrarindustrie bedroht die Artenvielfalt\u201c lautet die \u00dcberschrift des Artikels, und letztlich dienen die zahlreichen Quellen dazu, diesen Befund f\u00fcr verschiedene Arten und Regionen immer wieder zu best\u00e4tigen. Dabei fallen Fragen unter den Tisch wie z.B.: Welcher Verlust entsteht dadurch, dass \u00d6kosystemleistungen wie die Best\u00e4ubung wegfallen? Welcher \u00f6konomische Druck besteht f\u00fcr die Landwirte, dennoch bedenkliche Pestizide zu verwenden? Welche kulturellen Konsequenzen hat die Ver\u00e4nderung der Landwirtschaft \u2013 z.B. durch den Verlust an Erholungsgebieten? Was w\u00fcrde eine Extensivierung bedeuten: \u00f6konomisch, sozial, f\u00fcr die Erzeugung (und den Preis) von Lebensmitteln? Welche rechtlichen Rahmenbedingungen k\u00f6nnten helfen (z.B. Verbot bestimmter Pestizide)? Welche Regelungen versch\u00e4rfen das Problem (z.B. Energiepflanzen)? Was k\u00f6nnten Verbraucher tun? Nat\u00fcrlich ist es nicht m\u00f6glich<strong>,<\/strong> auf all diese Aspekte einzugehen, aber bei der L\u00e4nge des Artikels h\u00e4tten doch einige Punkte angesprochen werden k\u00f6nnen.<\/p>\n<\/div>\n<\/div>\n<p>[\/et_pb_blurb][et_pb_text admin_label=&#8220;Headline Allgemeinjournalistische Kriterien&#8220; _builder_version=&#8220;4.10.6&#8243; _module_preset=&#8220;default&#8220; text_text_color=&#8220;#FFFFFF&#8220; background_color=&#8220;RGBA(0,0,0,0)&#8220; custom_margin=&#8220;5px||5px||false|false&#8220; saved_tabs=&#8220;all&#8220; global_colors_info=&#8220;{}&#8220;]<\/p>\n<h1>Allgemeinjournalistische Kriterien<\/h1>\n<p>[\/et_pb_text][et_pb_blurb title=&#8220;1. THEMENAUSWAHL: Das Thema ist aktuell, oder auch unabh\u00e4ngig von aktuellen Anl\u00e4ssen relevant oder originell.&#8220; use_icon=&#8220;on&#8220; font_icon=&#8220;&#xe052;||divi||400&#8243; icon_color=&#8220;#7AAE30&#8243; icon_placement=&#8220;left&#8220; image_icon_width=&#8220;50px&#8220; content_max_width=&#8220;100%&#8220; admin_label=&#8220;1 Gr\u00fcn \/ Erf\u00fcllt&#8220; _builder_version=&#8220;4.14.1&#8243; _module_preset=&#8220;default&#8220; header_font_size=&#8220;18px&#8220; custom_margin=&#8220;||35px||false|false&#8220; icon_font_size=&#8220;50px&#8220; global_colors_info=&#8220;{}&#8220;]<\/p>\n<p>Das Thema ist dauerhaft relevant, mit der zitierten Nature-Studie liegt ein aktueller Anlass f\u00fcr die Berichterstattung vor.<\/p>\n<p>[\/et_pb_blurb][et_pb_blurb title=&#8220;2. VERMITTLUNG: Komplexe Umweltzusammenh\u00e4nge werden verst\u00e4ndlich gemacht.&#8220; use_icon=&#8220;on&#8220; font_icon=&#8220;&#xe052;||divi||400&#8243; icon_color=&#8220;#7AAE30&#8243; icon_placement=&#8220;left&#8220; image_icon_width=&#8220;50px&#8220; content_max_width=&#8220;100%&#8220; admin_label=&#8220;2 Gr\u00fcn \/ Erf\u00fcllt&#8220; _builder_version=&#8220;4.14.1&#8243; _module_preset=&#8220;default&#8220; header_font_size=&#8220;18px&#8220; custom_margin=&#8220;||35px||false|false&#8220; icon_font_size=&#8220;50px&#8220; global_colors_info=&#8220;{}&#8220;]<\/p>\n<p>Der Text ist gut verst\u00e4ndlich. Der Einstieg mit dem konkreten Beispiel Kiebitz nimmt den Leser mit und macht das Problem deutlich. Allerdings halten wir die These f\u00fcr gewagt, das \u201ekaum eine Vogelart so bekannt\u201c sei \u2013 es gibt gewiss viele bekanntere V\u00f6gel. Im weiteren Verlauf wird eine Vielzahl an Studien, Beispielen und Organismen aneinander gereiht, was zu einer gewissen Verwirrung und auch Erm\u00fcdung f\u00fchren kann. Hier w\u00e4re \u00fcber den \u201eLagebericht\u201c hinaus ein Bezug zum gesellschaftlichen Kontext (siehe Kriterium 10) und zu L\u00f6sungsans\u00e4tzen (Kriterium 7) geeignet gewesen, den Beitrag noch interessanter zu machen. Wir werten \u201eknapp erf\u00fcllt\u201c.<\/p>\n<p>[\/et_pb_blurb][et_pb_blurb title=&#8220;3. FAKTENTREUE: Der Beitrag gibt die wesentlichen Daten und Fakten korrekt wieder.&#8220; use_icon=&#8220;on&#8220; font_icon=&#8220;&#xe052;||divi||400&#8243; icon_color=&#8220;#7AAE30&#8243; icon_placement=&#8220;left&#8220; image_icon_width=&#8220;50px&#8220; content_max_width=&#8220;100%&#8220; admin_label=&#8220;3 Gr\u00fcn \/ Erf\u00fcllt&#8220; _builder_version=&#8220;4.14.1&#8243; _module_preset=&#8220;default&#8220; header_font_size=&#8220;18px&#8220; custom_margin=&#8220;||35px||false|false&#8220; icon_font_size=&#8220;50px&#8220; global_colors_info=&#8220;{}&#8220;]<\/p>\n<p>Uns sind keine Faktenfehler aufgefallen.<\/p>\n<p>[\/et_pb_blurb][\/et_pb_column][\/et_pb_row][\/et_pb_section][et_pb_section fb_built=&#8220;1&#8243; _builder_version=&#8220;4.9.10&#8243; _module_preset=&#8220;default&#8220; background_color=&#8220;#f4f4f4&#8243; custom_margin=&#8220;0px||0px||false|false&#8220; custom_padding=&#8220;0px||0px||false|false&#8220; da_disable_devices=&#8220;off|off|off&#8220; global_colors_info=&#8220;{}&#8220; da_is_popup=&#8220;off&#8220; da_exit_intent=&#8220;off&#8220; da_has_close=&#8220;on&#8220; da_alt_close=&#8220;off&#8220; da_dark_close=&#8220;off&#8220; da_not_modal=&#8220;on&#8220; da_is_singular=&#8220;off&#8220; da_with_loader=&#8220;off&#8220; da_has_shadow=&#8220;on&#8220;][et_pb_row admin_label=&#8220;Endnote Kriterien&#8220; _builder_version=&#8220;4.9.4&#8243; _module_preset=&#8220;default&#8220; background_color=&#8220;RGBA(0,0,0,0)&#8220; width=&#8220;100%&#8220; custom_margin=&#8220;0px|0px|0px|0px|false|false&#8220; custom_padding=&#8220;15px|15px|15px|15px|false|false&#8220; global_colors_info=&#8220;{}&#8220;][et_pb_column type=&#8220;4_4&#8243; _builder_version=&#8220;4.9.4&#8243; _module_preset=&#8220;default&#8220; global_colors_info=&#8220;{}&#8220;][et_pb_text admin_label=&#8220;Headline &amp; Text&#8220; _builder_version=&#8220;4.14.1&#8243; _module_preset=&#8220;default&#8220; custom_margin=&#8220;||5px|||&#8220; global_colors_info=&#8220;{}&#8220;]<\/p>\n<h3>Umweltjournalistische Kriterien: 6 von 10 erf\u00fcllt<\/h3>\n<h3>Allgemeinjournalistische Kriterien: 3 von 3 erf\u00fcllt<\/h3>\n<p>[\/et_pb_text][dipl_star_rating rating=&#8220;@ET-DC@eyJkeW5hbWljIjp0cnVlLCJjb250ZW50IjoiY3VzdG9tX21ldGFfc3Rlcm5lIiwic2V0dGluZ3MiOnsiYmVmb3JlIjoiIiwiYWZ0ZXIiOiIiLCJlbmFibGVfaHRtbCI6Im9mZiJ9fQ==@&#8220; rating_out_of=&#8220;5&#8243; rating_position=&#8220;after_title&#8220; show_rating_number=&#8220;off&#8220; star_font_size=&#8220;35px&#8220; empty_star_color=&#8220;#969696&#8243; _builder_version=&#8220;4.14.2&#8243; _dynamic_attributes=&#8220;rating&#8220; _module_preset=&#8220;default&#8220; text_orientation=&#8220;left&#8220; custom_margin=&#8220;10px||0px||false|false&#8220; custom_padding=&#8220;10px||0px||false|false&#8220; global_module=&#8220;321&#8243; saved_tabs=&#8220;all&#8220; global_colors_info=&#8220;{}&#8220;][\/dipl_star_rating][\/et_pb_column][\/et_pb_row][\/et_pb_section][et_pb_section fb_built=&#8220;1&#8243; admin_label=&#8220;Bewertungen Legende &#8220; _builder_version=&#8220;4.9.4&#8243; _module_preset=&#8220;default&#8220; custom_padding=&#8220;4px||5px|||&#8220; da_disable_devices=&#8220;off|off|off&#8220; global_module=&#8220;323&#8243; saved_tabs=&#8220;all&#8220; collapsed=&#8220;off&#8220; global_colors_info=&#8220;{}&#8220; da_is_popup=&#8220;off&#8220; da_exit_intent=&#8220;off&#8220; da_has_close=&#8220;on&#8220; da_alt_close=&#8220;off&#8220; da_dark_close=&#8220;off&#8220; da_not_modal=&#8220;on&#8220; da_is_singular=&#8220;off&#8220; da_with_loader=&#8220;off&#8220; da_has_shadow=&#8220;on&#8220;][et_pb_row column_structure=&#8220;1_3,1_3,1_3&#8243; _builder_version=&#8220;4.9.4&#8243; _module_preset=&#8220;default&#8220; custom_padding=&#8220;||6px|||&#8220; global_colors_info=&#8220;{}&#8220;][et_pb_column type=&#8220;1_3&#8243; _builder_version=&#8220;4.9.4&#8243; _module_preset=&#8220;default&#8220; global_colors_info=&#8220;{}&#8220;][et_pb_blurb title=&#8220;Kriterium erf\u00fcllt &#8220; use_icon=&#8220;on&#8220; font_icon=&#8220;&#xe052;||divi||400&#8243; icon_color=&#8220;#7AAE30&#8243; icon_placement=&#8220;left&#8220; _builder_version=&#8220;4.13.0&#8243; _module_preset=&#8220;default&#8220; header_text_color=&#8220;#444444&#8243; header_font_size=&#8220;16px&#8220; header_line_height=&#8220;2em&#8220; custom_margin=&#8220;|0px|0px||false|false&#8220; custom_padding=&#8220;0px|0px|0px||false|false&#8220; global_colors_info=&#8220;{}&#8220;][\/et_pb_blurb][\/et_pb_column][et_pb_column type=&#8220;1_3&#8243; _builder_version=&#8220;4.9.4&#8243; _module_preset=&#8220;default&#8220; global_colors_info=&#8220;{}&#8220;][et_pb_blurb title=&#8220;Kriterium nicht erf\u00fcllt&#8220; use_icon=&#8220;on&#8220; font_icon=&#8220;&#xe051;||divi||400&#8243; icon_color=&#8220;#E02B20&#8243; icon_placement=&#8220;left&#8220; _builder_version=&#8220;4.13.0&#8243; _module_preset=&#8220;default&#8220; header_text_color=&#8220;#444444&#8243; header_font_size=&#8220;16px&#8220; header_line_height=&#8220;2em&#8220; custom_margin=&#8220;||0px|0px|false|false&#8220; custom_padding=&#8220;0px||0px|0px|false|false&#8220; global_colors_info=&#8220;{}&#8220;][\/et_pb_blurb][\/et_pb_column][et_pb_column type=&#8220;1_3&#8243; _builder_version=&#8220;4.9.4&#8243; _module_preset=&#8220;default&#8220; global_colors_info=&#8220;{}&#8220;][et_pb_blurb title=&#8220;Kriterium nicht anwendbar&#8220; use_icon=&#8220;on&#8220; font_icon=&#8220;&#xe055;||divi||400&#8243; icon_color=&#8220;rgba(68,68,68,0.68)&#8220; icon_placement=&#8220;left&#8220; _builder_version=&#8220;4.13.0&#8243; _module_preset=&#8220;default&#8220; header_text_color=&#8220;#444444&#8243; header_font_size=&#8220;16px&#8220; header_line_height=&#8220;2em&#8220; custom_margin=&#8220;||0px|0px|false|false&#8220; custom_padding=&#8220;0px||0px||false|false&#8220; global_colors_info=&#8220;{}&#8220;][\/et_pb_blurb][\/et_pb_column][\/et_pb_row][\/et_pb_section][et_pb_section fb_built=&#8220;1&#8243; admin_label=&#8220;Schreiben Sie uns&#8220; _builder_version=&#8220;4.9.10&#8243; _module_preset=&#8220;default&#8220; custom_margin=&#8220;||0px||false|false&#8220; custom_padding=&#8220;5px||0px||false|false&#8220; da_disable_devices=&#8220;off|off|off&#8220; global_module=&#8220;1074&#8243; saved_tabs=&#8220;all&#8220; global_colors_info=&#8220;{}&#8220; da_is_popup=&#8220;off&#8220; da_exit_intent=&#8220;off&#8220; da_has_close=&#8220;on&#8220; da_alt_close=&#8220;off&#8220; da_dark_close=&#8220;off&#8220; da_not_modal=&#8220;on&#8220; da_is_singular=&#8220;off&#8220; da_with_loader=&#8220;off&#8220; da_has_shadow=&#8220;on&#8220;][et_pb_row _builder_version=&#8220;4.10.7&#8243; _module_preset=&#8220;default&#8220; custom_padding=&#8220;7px||25px||false|false&#8220; global_colors_info=&#8220;{}&#8220;][et_pb_column type=&#8220;4_4&#8243; _builder_version=&#8220;4.9.10&#8243; _module_preset=&#8220;default&#8220; global_colors_info=&#8220;{}&#8220;][et_pb_button button_url=&#8220;mailto:astrid.viciano@tu-dortmund.de?Subject=Beitrag%20im%20Medien-Doktor%20Gesundheit&#8220; button_text=&#8220;Schreiben Sie uns&#8220; button_alignment=&#8220;left&#8220; _builder_version=&#8220;4.9.10&#8243; _module_preset=&#8220;default&#8220; global_colors_info=&#8220;{}&#8220;][\/et_pb_button][\/et_pb_column][\/et_pb_row][\/et_pb_section]<\/p>\n","protected":false},"excerpt":{"rendered":"<p>Viele V\u00f6gel, Insekten und andere Arten sind immer seltener auf Wiesen und Feldern zu sehen, berichtet ein Artikel in der WAZ. Er nennt zahlreiche Beispiele, diskutiert aber keine Handlungsoptionen.<br \/>\nDa der Beitrag der WAZ nicht frei online verf\u00fcgbar ist, verlinken wir zum fast gleichlautenden Artikel in der Berliner Morgenpost.<\/p>\n","protected":false},"author":17,"featured_media":3814,"comment_status":"closed","ping_status":"open","sticky":false,"template":"","format":"standard","meta":{"_acf_changed":false,"_et_pb_use_builder":"on","_et_pb_old_content":"","_et_gb_content_width":"","footnotes":""},"categories":[65],"tags":[],"class_list":["post-3408","post","type-post","status-publish","format-standard","has-post-thumbnail","hentry","category-waz"],"acf":[],"_links":{"self":[{"href":"https:\/\/medien-doktor.de\/umwelt\/wp-json\/wp\/v2\/posts\/3408","targetHints":{"allow":["GET"]}}],"collection":[{"href":"https:\/\/medien-doktor.de\/umwelt\/wp-json\/wp\/v2\/posts"}],"about":[{"href":"https:\/\/medien-doktor.de\/umwelt\/wp-json\/wp\/v2\/types\/post"}],"author":[{"embeddable":true,"href":"https:\/\/medien-doktor.de\/umwelt\/wp-json\/wp\/v2\/users\/17"}],"replies":[{"embeddable":true,"href":"https:\/\/medien-doktor.de\/umwelt\/wp-json\/wp\/v2\/comments?post=3408"}],"version-history":[{"count":9,"href":"https:\/\/medien-doktor.de\/umwelt\/wp-json\/wp\/v2\/posts\/3408\/revisions"}],"predecessor-version":[{"id":3672,"href":"https:\/\/medien-doktor.de\/umwelt\/wp-json\/wp\/v2\/posts\/3408\/revisions\/3672"}],"wp:featuredmedia":[{"embeddable":true,"href":"https:\/\/medien-doktor.de\/umwelt\/wp-json\/wp\/v2\/media\/3814"}],"wp:attachment":[{"href":"https:\/\/medien-doktor.de\/umwelt\/wp-json\/wp\/v2\/media?parent=3408"}],"wp:term":[{"taxonomy":"category","embeddable":true,"href":"https:\/\/medien-doktor.de\/umwelt\/wp-json\/wp\/v2\/categories?post=3408"},{"taxonomy":"post_tag","embeddable":true,"href":"https:\/\/medien-doktor.de\/umwelt\/wp-json\/wp\/v2\/tags?post=3408"}],"curies":[{"name":"wp","href":"https:\/\/api.w.org\/{rel}","templated":true}]}}