{"id":3395,"date":"2017-04-06T13:39:14","date_gmt":"2017-04-06T11:39:14","guid":{"rendered":"https:\/\/medien-doktor.de\/umwelt\/?p=3395"},"modified":"2021-12-07T09:51:38","modified_gmt":"2021-12-07T08:51:38","slug":"problem-erderwaermung-adieu-klimaziel","status":"publish","type":"post","link":"https:\/\/medien-doktor.de\/umwelt\/2017\/04\/problem-erderwaermung-adieu-klimaziel\/","title":{"rendered":"\u201eProblem Erderw\u00e4rmung: Adieu Klimaziel\u201c"},"content":{"rendered":"<p>[et_pb_section fb_built=&#8220;1&#8243; admin_label=&#8220;Sektion&#8220; _builder_version=&#8220;4.9.10&#8243; _module_preset=&#8220;default&#8220; background_color=&#8220;#f4f4f4&#8243; custom_margin=&#8220;0px||0px||false|false&#8220; custom_padding=&#8220;0px||0px||false|false&#8220; da_disable_devices=&#8220;off|off|off&#8220; global_colors_info=&#8220;{}&#8220; da_is_popup=&#8220;off&#8220; da_exit_intent=&#8220;off&#8220; da_has_close=&#8220;on&#8220; da_alt_close=&#8220;off&#8220; da_dark_close=&#8220;off&#8220; da_not_modal=&#8220;on&#8220; da_is_singular=&#8220;off&#8220; da_with_loader=&#8220;off&#8220; da_has_shadow=&#8220;on&#8220;][et_pb_row column_structure=&#8220;2_3,1_3&#8243; admin_label=&#8220;Medium und Link&#8220; _builder_version=&#8220;4.9.10&#8243; _module_preset=&#8220;default&#8220; background_color=&#8220;RGBA(0,0,0,0)&#8220; width=&#8220;100%&#8220; custom_margin=&#8220;0px|0px|0px|0px|false|false&#8220; custom_padding=&#8220;15px|15px|15px|15px|false|false&#8220; global_colors_info=&#8220;{}&#8220;][et_pb_column type=&#8220;2_3&#8243; _builder_version=&#8220;4.9.4&#8243; _module_preset=&#8220;default&#8220; global_colors_info=&#8220;{}&#8220;][et_pb_text admin_label=&#8220;Datum&#8220; _builder_version=&#8220;4.14.2&#8243; _dynamic_attributes=&#8220;content&#8220; _module_preset=&#8220;default&#8220; custom_margin=&#8220;0px||0px||false|false&#8220; custom_padding=&#8220;0px||0px||false|false&#8220; global_module=&#8220;320&#8243; saved_tabs=&#8220;all&#8220; global_colors_info=&#8220;{}&#8220;]@ET-DC@eyJkeW5hbWljIjp0cnVlLCJjb250ZW50IjoicG9zdF9kYXRlIiwic2V0dGluZ3MiOnsiYmVmb3JlIjoiQmV3ZXJ0ZXQgYW0gIiwiYWZ0ZXIiOiIiLCJkYXRlX2Zvcm1hdCI6ImRlZmF1bHQiLCJjdXN0b21fZGF0ZV9mb3JtYXQiOiIifX0=@[\/et_pb_text][et_pb_text admin_label=&#8220;Medium&#8220; _builder_version=&#8220;4.9.10&#8243; _dynamic_attributes=&#8220;content&#8220; _module_preset=&#8220;default&#8220; custom_margin=&#8220;0px||0px||false|false&#8220; custom_padding=&#8220;0px||0px||false|false&#8220; global_module=&#8220;318&#8243; saved_tabs=&#8220;all&#8220; global_colors_info=&#8220;{}&#8220;]@ET-DC@eyJkeW5hbWljIjp0cnVlLCJjb250ZW50IjoicG9zdF9jYXRlZ29yaWVzIiwic2V0dGluZ3MiOnsiYmVmb3JlIjoiVmVyXHUwMGY2ZmZlbnRsaWNodCB2b246ICIsImFmdGVyIjoiIiwibGlua190b190ZXJtX3BhZ2UiOiJvZmYiLCJzZXBhcmF0b3IiOiIgfCAiLCJjYXRlZ29yeV90eXBlIjoiY2F0ZWdvcnkifX0=@[\/et_pb_text][\/et_pb_column][et_pb_column type=&#8220;1_3&#8243; _builder_version=&#8220;4.9.4&#8243; _module_preset=&#8220;default&#8220; global_colors_info=&#8220;{}&#8220;][et_pb_button button_url=&#8220;http:\/\/www.spiegel.de\/wissenschaft\/natur\/erderwaermung-deutschland-scheitert-beim-klimaschutz-a-1138926.html&#8220; button_text=&#8220;zum Originalartikel&#8220; button_alignment=&#8220;right&#8220; admin_label=&#8220;Link Original&#8220; _builder_version=&#8220;4.14.1&#8243; _module_preset=&#8220;default&#8220; custom_margin=&#8220;0px||||false|false&#8220; custom_margin_tablet=&#8220;&#8220; custom_margin_phone=&#8220;-14px||||false|false&#8220; custom_margin_last_edited=&#8220;on|desktop&#8220; custom_padding=&#8220;0px||||false|false&#8220; global_colors_info=&#8220;{}&#8220;][\/et_pb_button][\/et_pb_column][\/et_pb_row][\/et_pb_section][et_pb_section fb_built=&#8220;1&#8243; admin_label=&#8220;Sektion&#8220; _builder_version=&#8220;4.9.4&#8243; _module_preset=&#8220;default&#8220; custom_margin=&#8220;10px||10px||false|false&#8220; custom_padding=&#8220;10px||10px||false|false&#8220; da_disable_devices=&#8220;off|off|off&#8220; global_colors_info=&#8220;{}&#8220; da_is_popup=&#8220;off&#8220; da_exit_intent=&#8220;off&#8220; da_has_close=&#8220;on&#8220; da_alt_close=&#8220;off&#8220; da_dark_close=&#8220;off&#8220; da_not_modal=&#8220;on&#8220; da_is_singular=&#8220;off&#8220; da_with_loader=&#8220;off&#8220; da_has_shadow=&#8220;on&#8220;][et_pb_row admin_label=&#8220;Einleitung&#8220; _builder_version=&#8220;4.9.4&#8243; _module_preset=&#8220;default&#8220; custom_margin=&#8220;0px||0px||false|false&#8220; custom_padding=&#8220;0px||0px||false|false&#8220; global_colors_info=&#8220;{}&#8220;][et_pb_column type=&#8220;4_4&#8243; _builder_version=&#8220;4.9.4&#8243; _module_preset=&#8220;default&#8220; global_colors_info=&#8220;{}&#8220;][et_pb_text _builder_version=&#8220;4.14.2&#8243; _module_preset=&#8220;default&#8220; global_colors_info=&#8220;{}&#8220;]<\/p>\n<p>Die Emissionen von Treibhausgasen sind in den letzten Jahren in Deutschland kaum zur\u00fcckgegangen, die Klimaziele daher kaum noch zu erreichen, berichtet Spiegel Online. Der Beietrag bezieht sich auf eine Studie im Auftrag der Gr\u00fcnen Bundestagsfraktion und Zahlen des Umweltbundesamts (UBA). Handlungsoptionen, die das UBA untersucht hat, erw\u00e4hnt er nicht.<\/p>\n<p>[\/et_pb_text][\/et_pb_column][\/et_pb_row][\/et_pb_section][et_pb_section fb_built=&#8220;1&#8243; admin_label=&#8220;Sektion&#8220; _builder_version=&#8220;4.9.10&#8243; _module_preset=&#8220;default&#8220; background_color=&#8220;#f4f4f4&#8243; custom_margin=&#8220;0px||0px||false|false&#8220; custom_padding=&#8220;0px||0px||false|false&#8220; da_disable_devices=&#8220;off|off|off&#8220; global_colors_info=&#8220;{}&#8220; da_is_popup=&#8220;off&#8220; da_exit_intent=&#8220;off&#8220; da_has_close=&#8220;on&#8220; da_alt_close=&#8220;off&#8220; da_dark_close=&#8220;off&#8220; da_not_modal=&#8220;on&#8220; da_is_singular=&#8220;off&#8220; da_with_loader=&#8220;off&#8220; da_has_shadow=&#8220;on&#8220;][et_pb_row admin_label=&#8220;Zusammenfassung&#8220; _builder_version=&#8220;4.9.4&#8243; _module_preset=&#8220;default&#8220; background_color=&#8220;RGBA(0,0,0,0)&#8220; width=&#8220;100%&#8220; custom_margin=&#8220;0px|0px|0px|0px|false|false&#8220; custom_padding=&#8220;15px|15px|15px|15px|false|false&#8220; global_colors_info=&#8220;{}&#8220;][et_pb_column type=&#8220;4_4&#8243; _builder_version=&#8220;4.9.4&#8243; _module_preset=&#8220;default&#8220; global_colors_info=&#8220;{}&#8220;][et_pb_text admin_label=&#8220;Headline und Zusammenfassung&#8220; _builder_version=&#8220;4.14.2&#8243; _module_preset=&#8220;default&#8220; custom_margin=&#8220;||2px|||&#8220; saved_tabs=&#8220;all&#8220; global_colors_info=&#8220;{}&#8220;]<\/p>\n<h3>Zusammenfassung<\/h3>\n<p>Spiegel Online berichtet \u00fcber eine Studie, die zeigt, dass Deutschland seine Klimaziele voraussichtlich verfehlen wird, wenn der Aussto\u00df von Treibhausgasen in den n\u00e4chsten Jahren nicht sehr stark sinkt. Die Bundestagsfraktion der Gr\u00fcnen wird als Auftraggeber der Studie genannt, und der Text f\u00fchrt aus, dass Zahlen des Umweltbundesamts die Aussagen best\u00e4tigen. Die Zeithorizonte, um die es geht, werden noch ausreichend klar, die pessimistische Zukunftsperspektive des Beitrags wird indes nicht nachvollziehbar begr\u00fcndet. Der Online-Beitrag verlinkt zu einem fr\u00fcheren Artikel zum Thema, damit wird klar, dass die Problematik schon l\u00e4nger bekannt ist. Er umrei\u00dft den politischen Kontext und f\u00fchrt Zitate von Vertretern unterschiedlicher Parteien an, doch fehlt die wirtschaftliche Dimension. Unbefriedigend finden wir die Informationen zu Handlungsoptionen: W\u00e4hrend das Umweltbundesamt dazu f\u00fcr den Verkehrsbereich verschiedene Szenarien durchrechnet, bleibt der Beitrag hier gar zu allgemein. In der Darstellung ist der Text zwar verst\u00e4ndlich, aber zum Teil sehr h\u00f6lzern formuliert, mit einigen eher irritierenden kommentierenden Bemerkungen.<\/p>\n<p>[\/et_pb_text][dipl_star_rating rating=&#8220;@ET-DC@eyJkeW5hbWljIjp0cnVlLCJjb250ZW50IjoiY3VzdG9tX21ldGFfc3Rlcm5lIiwic2V0dGluZ3MiOnsiYmVmb3JlIjoiIiwiYWZ0ZXIiOiIiLCJlbmFibGVfaHRtbCI6Im9mZiJ9fQ==@&#8220; rating_out_of=&#8220;5&#8243; rating_position=&#8220;after_title&#8220; show_rating_number=&#8220;off&#8220; star_font_size=&#8220;35px&#8220; empty_star_color=&#8220;#969696&#8243; _builder_version=&#8220;4.14.2&#8243; _dynamic_attributes=&#8220;rating&#8220; _module_preset=&#8220;default&#8220; text_orientation=&#8220;left&#8220; custom_margin=&#8220;10px||0px||false|false&#8220; custom_padding=&#8220;10px||0px||false|false&#8220; global_module=&#8220;321&#8243; saved_tabs=&#8220;all&#8220; global_colors_info=&#8220;{}&#8220;][\/dipl_star_rating][\/et_pb_column][\/et_pb_row][\/et_pb_section][et_pb_section fb_built=&#8220;1&#8243; _builder_version=&#8220;4.9.4&#8243; _module_preset=&#8220;default&#8220; custom_margin=&#8220;0px||||false|false&#8220; custom_padding=&#8220;0px||5px||false|false&#8220; da_disable_devices=&#8220;off|off|off&#8220; global_colors_info=&#8220;{}&#8220; da_is_popup=&#8220;off&#8220; da_exit_intent=&#8220;off&#8220; da_has_close=&#8220;on&#8220; da_alt_close=&#8220;off&#8220; da_dark_close=&#8220;off&#8220; da_not_modal=&#8220;on&#8220; da_is_singular=&#8220;off&#8220; da_with_loader=&#8220;off&#8220; da_has_shadow=&#8220;on&#8220;][et_pb_row admin_label=&#8220;Bewertungen&#8220; _builder_version=&#8220;4.9.10&#8243; _module_preset=&#8220;default&#8220; custom_margin=&#8220;||0px||false|false&#8220; custom_padding=&#8220;||0px||false|false&#8220; global_colors_info=&#8220;{}&#8220;][et_pb_column type=&#8220;4_4&#8243; _builder_version=&#8220;4.9.4&#8243; _module_preset=&#8220;default&#8220; global_colors_info=&#8220;{}&#8220;][et_pb_text admin_label=&#8220;Headline Umweltjournalistische Kriterien&#8220; _builder_version=&#8220;4.13.1&#8243; _module_preset=&#8220;default&#8220; text_text_color=&#8220;#FFFFFF&#8220; background_color=&#8220;RGBA(0,0,0,0)&#8220; custom_margin=&#8220;5px||5px||false|false&#8220; saved_tabs=&#8220;all&#8220; global_colors_info=&#8220;{}&#8220;]<\/p>\n<h1>Umweltjournalistische Kriterien<\/h1>\n<p>[\/et_pb_text][et_pb_blurb title=&#8220;1. KEINE \u00dcBERTREIBUNG\/VERHARMLOSUNG: Risiken und Chancen werden weder \u00fcbertrieben dargestellt noch bagatellisiert.&#8220; use_icon=&#8220;on&#8220; font_icon=&#8220;&#xe052;||divi||400&#8243; icon_color=&#8220;#7AAE30&#8243; icon_placement=&#8220;left&#8220; image_icon_width=&#8220;50px&#8220; content_max_width=&#8220;100%&#8220; admin_label=&#8220;1 Gr\u00fcn \/ Erf\u00fcllt&#8220; _builder_version=&#8220;4.14.1&#8243; _module_preset=&#8220;default&#8220; header_font_size=&#8220;18px&#8220; custom_margin=&#8220;||35px||false|false&#8220; icon_font_size=&#8220;50px&#8220; global_colors_info=&#8220;{}&#8220;]Es wird beschrieben, dass die Emissionen von Treibhausgasen in den letzten Jahren in Deutschland kaum zur\u00fcckgegangen sind, und es deshalb schwer m\u00f6glich erscheint, die Klimaziele f\u00fcr 2020 und 2030 zu erreichen, bzw. dass daf\u00fcr in den kommenden Jahren sehr gro\u00dfe Anstrengungen n\u00f6tig w\u00e4ren. Dies erscheint angesichts der vorliegenden Zahlen nicht \u00fcbertrieben.[\/et_pb_blurb][et_pb_blurb title=&#8220;2. BELEGE\/EVIDENZ: Studien, Fakten und Zahlen werden so dargestellt, dass deren Aussagekraft deutlich wird.&#8220; use_icon=&#8220;on&#8220; font_icon=&#8220;&#xe052;||divi||400&#8243; icon_color=&#8220;#7AAE30&#8243; icon_placement=&#8220;left&#8220; image_icon_width=&#8220;50px&#8220; content_max_width=&#8220;100%&#8220; admin_label=&#8220;2 Gr\u00fcn \/ Erf\u00fcllt&#8220; _builder_version=&#8220;4.14.1&#8243; _module_preset=&#8220;default&#8220; header_font_size=&#8220;18px&#8220; custom_margin=&#8220;||35px||false|false&#8220; icon_font_size=&#8220;50px&#8220; global_colors_info=&#8220;{}&#8220;]Wie das Beratungsunternehmen arepo und das Umweltbundesamt (UBA) die Daten erfasst und zusammengestellt haben, wird aus dem Text nicht deutlich. Die Angaben werden aber so erl\u00e4utert und ins Verh\u00e4ltnis zueinander gesetzt, dass man einen angemessenen Eindruck bekommt, wie schwierig es sein wird, die gesetzten Ziele zu erreichen. Wir werten daher noch \u201eknapp erf\u00fcllt\u201c.[\/et_pb_blurb][et_pb_blurb title=&#8220;3. EXPERTEN\/QUELLENTRANSPARENZ: Quellen werden benannt, Abh\u00e4ngigkeiten deutlich gemacht und zentrale Aussagen durch mindestens zwei Quellen belegt.&#8220; use_icon=&#8220;on&#8220; font_icon=&#8220;&#xe052;||divi||400&#8243; icon_color=&#8220;#7AAE30&#8243; icon_placement=&#8220;left&#8220; image_icon_width=&#8220;50px&#8220; content_max_width=&#8220;100%&#8220; admin_label=&#8220;3 Gr\u00fcn \/ Erf\u00fcllt&#8220; _builder_version=&#8220;4.14.1&#8243; _module_preset=&#8220;default&#8220; header_font_size=&#8220;18px&#8220; custom_margin=&#8220;||35px||false|false&#8220; icon_font_size=&#8220;50px&#8220; global_colors_info=&#8220;{}&#8220;]Der Beitrag erkl\u00e4rt, von wem die Studie erstellt worden ist \u2013 vom Beratungsunternehmen arepo consult \u2013 und dass die Bundestagsfraktion der Gr\u00fcnen der Auftraggeber ist. Au\u00dferdem berichtet der Artikel, dass die Zahlen der Studie durch die des Umweltbundesamtes gest\u00fctzt werden. Damit gibt es zwei klar identifizierte Quellen.[\/et_pb_blurb][et_pb_blurb title=&#8220;4. PRO UND CONTRA: Es werden die wesentlichen relevanten Standpunkte angemessen dargestellt.&#8220; use_icon=&#8220;on&#8220; font_icon=&#8220;&#xe055;||divi||400&#8243; icon_color=&#8220;rgba(68,68,68,0.68)&#8220; icon_placement=&#8220;left&#8220; image_icon_width=&#8220;50px&#8220; content_max_width=&#8220;100%&#8220; admin_label=&#8220;4 Grau \/ Nicht anwendbar &#8220; _builder_version=&#8220;4.14.1&#8243; _module_preset=&#8220;default&#8220; header_font_size=&#8220;18px&#8220; custom_margin=&#8220;||35px||false|false&#8220; icon_font_size=&#8220;50px&#8220; global_colors_info=&#8220;{}&#8220;]Der Bericht beschreibt in erster Linie das Problem der zu langsam sinkenden CO<sub>2<\/sub>-Emissionen. Es gibt keine ernstzunehmenden Vertreter der These, dass das drohende Verfehlen der Klimaziele kein Problem darstelle. Daher wenden wir das Kriterium nicht an. Allerdings w\u00e4re es interessant gewesen, Vertreter der Bundesregierung mit den Befunden zu konfrontieren.[\/et_pb_blurb][et_pb_blurb title=&#8220;5. PRESSEMITTEILUNG: Der Beitrag geht deutlich \u00fcber die Pressemitteilung\/das Pressematerial hinaus.&#8220; use_icon=&#8220;on&#8220; font_icon=&#8220;&#xe052;||divi||400&#8243; icon_color=&#8220;#7AAE30&#8243; icon_placement=&#8220;left&#8220; image_icon_width=&#8220;50px&#8220; content_max_width=&#8220;100%&#8220; admin_label=&#8220;5 Gr\u00fcn \/ Erf\u00fcllt&#8220; _builder_version=&#8220;4.14.2&#8243; _module_preset=&#8220;default&#8220; header_font_size=&#8220;18px&#8220; custom_margin=&#8220;||35px||false|false&#8220; icon_font_size=&#8220;50px&#8220; global_colors_info=&#8220;{}&#8220;]<\/p>\n<p>Auch wenn er vieles von einer entsprechenden Webseite der Gr\u00fcnen Bundestagsfraktion \u00fcbernimmt, und einige Passagen recht \u00e4hnlich klingen, liefert der Beitrag dennoch deutlich mehr Informationen, beispielsweise durch den Bezug auf Daten des Umweltbundesamtes und die Zitate von Politikern.<\/p>\n<p>[\/et_pb_blurb][et_pb_blurb title=&#8220; 6. ALT oder NEU: Der Beitrag macht klar, ob es sich um ein neu aufgetretenes Umweltproblem, eine innovative Umwelttechnik o.\u00e4. handelt, oder ob diese schon l\u00e4nger existieren.&#8220; use_icon=&#8220;on&#8220; font_icon=&#8220;&#xe052;||divi||400&#8243; icon_color=&#8220;#7AAE30&#8243; icon_placement=&#8220;left&#8220; image_icon_width=&#8220;50px&#8220; content_max_width=&#8220;100%&#8220; admin_label=&#8220;6 Gr\u00fcn \/ Erf\u00fcllt&#8220; _builder_version=&#8220;4.14.2&#8243; _module_preset=&#8220;default&#8220; header_font_size=&#8220;18px&#8220; custom_margin=&#8220;||35px||false|false&#8220; icon_font_size=&#8220;50px&#8220; global_colors_info=&#8220;{}&#8220;]<\/p>\n<p>Im Beitrag wird klar, dass ein neues Gutachten zur Entwicklung der Treibhausgasemissionen in Deutschland vorliegt, und es au\u00dferdem aktuelle Zahlen des Umweltbundesamts dazu gibt. Der Online-Beitrag verlinkt au\u00dferdem auf einen <a href=\"http:\/\/www.spiegel.de\/wissenschaft\/natur\/klimaschutzplan-2050-regierung-in-der-klimafalle-a-1119357.html\">Beitrag aus 2016<\/a> \u2013 damit wird deutlich, dass diese Ergebnisse nicht \u00fcberraschend kommen und die Problematik schon l\u00e4nger diskutiert wird.<\/p>\n<p>[\/et_pb_blurb][et_pb_blurb title=&#8220;7. L\u00d6SUNGSHORIZONTE und HANDLUNGSOPTIONEN\/kein \u201eGreenwashing\u201c: Der Beitrag nennt Wege, um ein Umweltproblem zu l\u00f6sen, soweit dies m\u00f6glich und angebracht ist.&#8220; use_icon=&#8220;on&#8220; font_icon=&#8220;&#xe051;||divi||400&#8243; icon_color=&#8220;#E02B20&#8243; icon_placement=&#8220;left&#8220; image_icon_width=&#8220;50px&#8220; content_max_width=&#8220;100%&#8220; admin_label=&#8220;7 Rot\/ Nicht erf\u00fcllt &#8220; _builder_version=&#8220;4.14.2&#8243; _module_preset=&#8220;default&#8220; header_font_size=&#8220;18px&#8220; custom_margin=&#8220;||35px||false|false&#8220; custom_padding=&#8220;||||false|false&#8220; icon_font_size=&#8220;50px&#8220; global_colors_info=&#8220;{}&#8220;]<\/p>\n<p>Der Beitrag spricht nur in sehr groben Z\u00fcgen M\u00f6glichkeiten an, die Treibhausgas-Emissionen zu verringern und nennt allgemein die L\u00f6sungsans\u00e4tze der arepo-Studie: \u201eRaus aus der Kohle, h\u00f6heres Tempo bei der Energieeffizienz und \u201anachhaltige, strukturelle und innovative L\u00f6sungen\u2018 im Verkehrsbereich.\u201c Der Verkehrssektor wird als Hauptschuldiger ausgemacht. Dass im <a href=\"http:\/\/www.umweltbundesamt.de\/publikationen\/erarbeitung-einer-fachlichen-strategie-zur\">Bericht des UBA<\/a> sehr viel konkretere L\u00f6sungsans\u00e4tze vorgestellt und speziell f\u00fcr die Verringerung der Verkehrsemissionen vier Szenarien durchgerechnet werden, erfahren Leserinnen und Leser nicht. W\u00e4hrend das UBA formuliert: \u201eDamit Deutschland seine Klimaschutzziele erreicht, muss der Verkehr bis 2050 treibhausgasneutral werden\u201c, und daf\u00fcr Handlungswege vorstellt, hei\u00dft es im Beitrag pauschal, schon eine ann\u00e4hernde Einhaltung der Klimaziele sei \u201eso gut wie unm\u00f6glich\u201c. Diese Bewertung wird nicht ausreichend begr\u00fcndet und stellt so eine reine Meinungs\u00e4u\u00dferung dar \u2013 diese w\u00e4re nur in einem Kommentar angebracht.<\/p>\n<p>[\/et_pb_blurb][et_pb_blurb title=&#8220;8. R\u00c4UMLICHE DIMENSION (lokal\/regional\/global): Die r\u00e4umlichen Dimensionen eines Umweltthemas werden dargestellt.&#8220; use_icon=&#8220;on&#8220; font_icon=&#8220;&#xe052;||divi||400&#8243; icon_color=&#8220;#7AAE30&#8243; icon_placement=&#8220;left&#8220; image_icon_width=&#8220;50px&#8220; content_max_width=&#8220;100%&#8220; admin_label=&#8220;8 Gr\u00fcn \/ Erf\u00fcllt&#8220; _builder_version=&#8220;4.14.1&#8243; _module_preset=&#8220;default&#8220; header_font_size=&#8220;18px&#8220; custom_margin=&#8220;||35px||false|false&#8220; icon_font_size=&#8220;50px&#8220; global_colors_info=&#8220;{}&#8220;]Dass es sich bei der Erderw\u00e4rmung um eine globale Problematik handelt, darf als bekannt vorausgesetzt werden. Der Beitrag spricht dies durch den Bezug zum Weltklimagipfel in Paris kurz an. Im Wesentlichen aber geht es im Beitrag um die Entwicklung in Deutschland. Zitiert wird CDU-Politiker Peter Altmaier, der den Weg nationaler Klimaziele f\u00fcr falsch h\u00e4lt. Insgesamt wird klar, dass es unterschiedliche Handlungsdimensionen (national \/ europ\u00e4isch \/ international) gibt.[\/et_pb_blurb][et_pb_blurb title=&#8220;9. ZEITLICHE DIMENSION (Nachhaltigkeit): Die zeitliche Reichweite eines Umweltproblems oder Ph\u00e4nomens wird dargestellt.&#8220; use_icon=&#8220;on&#8220; font_icon=&#8220;&#xe052;||divi||400&#8243; icon_color=&#8220;#7AAE30&#8243; icon_placement=&#8220;left&#8220; image_icon_width=&#8220;50px&#8220; content_max_width=&#8220;100%&#8220; admin_label=&#8220;9 Gr\u00fcn \/ Erf\u00fcllt&#8220; _builder_version=&#8220;4.14.1&#8243; _module_preset=&#8220;default&#8220; header_font_size=&#8220;18px&#8220; custom_margin=&#8220;||35px||false|false&#8220; icon_font_size=&#8220;50px&#8220; global_colors_info=&#8220;{}&#8220;]Der Beitrag berichtet, dass der Aussto\u00df von Treibhausgasen in Deutschland seit 2009 kaum noch gesunken ist, und dass die die Klimaziele f\u00fcr 2020 und 2030 nicht erreicht werden k\u00f6nnen, wenn die Emissionen nicht rasch erheblich reduziert werden. Es fehlt jedoch ein mit Zahlen und Fakten belegter Ausblick in die Zukunft \u2013 mit welchen Mitteln k\u00f6nnte man in welchem Zeitraum was noch erreichen? Die Studie des UBA h\u00e4tte hier Material liefern k\u00f6nnen. Wir werten daher nur \u201eknapp erf\u00fcllt\u201c.[\/et_pb_blurb][et_pb_blurb title=&#8220;10. KONTEXT\/KOSTEN: Es werden politische, soziale oder wirtschaftliche Aspekte eines Umweltthemas einbezogen.&#8220; use_icon=&#8220;on&#8220; font_icon=&#8220;&#xe052;||divi||400&#8243; icon_color=&#8220;#7AAE30&#8243; icon_placement=&#8220;left&#8220; image_icon_width=&#8220;50px&#8220; content_max_width=&#8220;100%&#8220; admin_label=&#8220;10 Gr\u00fcn \/ Erf\u00fcllt&#8220; _builder_version=&#8220;4.14.1&#8243; _module_preset=&#8220;default&#8220; header_font_size=&#8220;18px&#8220; custom_margin=&#8220;||35px||false|false&#8220; icon_font_size=&#8220;50px&#8220; global_colors_info=&#8220;{}&#8220;]Der politische Kontext des Themas wird klar, so zitiert der Beitrag unterschiedliche Stellungnahmen von Politikern der Gr\u00fcnen und der CDU. V\u00f6llig au\u00dfen vor bleiben dagegen die Kosten und Auswirkungen auf die Wirtschaft. Da dies f\u00fcr die Diskussion um das Erreichen der Klimaziele ein wichtiger Punkt ist, werten wir nur \u201eknapp erf\u00fcllt\u201c.[\/et_pb_blurb][et_pb_text admin_label=&#8220;Headline Allgemeinjournalistische Kriterien&#8220; _builder_version=&#8220;4.10.6&#8243; _module_preset=&#8220;default&#8220; text_text_color=&#8220;#FFFFFF&#8220; background_color=&#8220;RGBA(0,0,0,0)&#8220; custom_margin=&#8220;5px||5px||false|false&#8220; saved_tabs=&#8220;all&#8220; global_colors_info=&#8220;{}&#8220;]<\/p>\n<h1>Allgemeinjournalistische Kriterien<\/h1>\n<p>[\/et_pb_text][et_pb_blurb title=&#8220;1. THEMENAUSWAHL: Das Thema ist aktuell, oder auch unabh\u00e4ngig von aktuellen Anl\u00e4ssen relevant oder originell.&#8220; use_icon=&#8220;on&#8220; font_icon=&#8220;&#xe052;||divi||400&#8243; icon_color=&#8220;#7AAE30&#8243; icon_placement=&#8220;left&#8220; image_icon_width=&#8220;50px&#8220; content_max_width=&#8220;100%&#8220; admin_label=&#8220;1 Gr\u00fcn \/ Erf\u00fcllt&#8220; _builder_version=&#8220;4.14.1&#8243; _module_preset=&#8220;default&#8220; header_font_size=&#8220;18px&#8220; custom_margin=&#8220;||35px||false|false&#8220; icon_font_size=&#8220;50px&#8220; global_colors_info=&#8220;{}&#8220;]Das Klimathema und die Entwicklung der CO<sub>2<\/sub>-Emissionen in Deutschland sind dauerhaft relevant; mit der arepo-Studie gibt es einen aktuellen Anlass f\u00fcr den Beitrag.[\/et_pb_blurb][et_pb_blurb title=&#8220;2. VERMITTLUNG: Komplexe Umweltzusammenh\u00e4nge werden verst\u00e4ndlich gemacht.&#8220; use_icon=&#8220;on&#8220; font_icon=&#8220;&#xe051;||divi||400&#8243; icon_color=&#8220;#E02B20&#8243; icon_placement=&#8220;left&#8220; image_icon_width=&#8220;50px&#8220; content_max_width=&#8220;100%&#8220; admin_label=&#8220;2 Rot\/ Nicht erf\u00fcllt &#8220; _builder_version=&#8220;4.14.1&#8243; _module_preset=&#8220;default&#8220; header_font_size=&#8220;18px&#8220; custom_margin=&#8220;||35px||false|false&#8220; custom_padding=&#8220;||||false|false&#8220; icon_font_size=&#8220;50px&#8220; global_colors_info=&#8220;{}&#8220;]Der Text ist sprachlich zwar verst\u00e4ndlich und kommt weitgehend ohne Fachvokabular aus. Aber er ist mit vielen Substantivierungen oft sperrig formuliert, beispielsweise mit S\u00e4tzen wie \u201eGerade im Heizungsbereich sank zwar der Energieeinsatz pro Person leicht, wurde jedoch durch die demographische Ver\u00e4nderung \u2013 im Wesentlichen durch die Zuwanderung \u2013 mehr als ausgeglichen.\u201c Auch die unklare Struktur erschwert an einigen Stellen das Lesen. So wird beschrieben: \u201eBis zum Jahr 2020 wollte Deutschland nur noch 750 Millionen Tonnen emittieren (Zum Vergleich: 1990 waren 1250 Millionen Tonnen), im Jahr 2030 sollten es noch 560 Millionen Tonnen sein.\u201c Wer sich fragt, wieviel denn nun derzeit emittiert wird, muss vier Abs\u00e4tze zur\u00fcckgehen, um sich in Erinnerung zu rufen, dass es 2016 \u201e906 Millionen Tonnen CO2-\u00c4quivalente\u201c waren.<\/p>\n<p>Insgesamt ist der Bericht recht trocken geschrieben. Umso irritierender wirken einige kommentierende Einsprengsel (siehe auch Kriterium 7), etwa der \u201epomp\u00f6se\u201c Weltklimagipfel oder die \u201eknackige\u201c Empfehlung.<\/p>\n<p>Es fehlt ein Spannungsbogen, der auch Leserinnen und Leser in den Text ziehen k\u00f6nnte, die sich nicht bereits f\u00fcr das Thema interessieren.[\/et_pb_blurb][et_pb_blurb title=&#8220;3. FAKTENTREUE: Der Beitrag gibt die wesentlichen Daten und Fakten korrekt wieder.&#8220; use_icon=&#8220;on&#8220; font_icon=&#8220;&#xe052;||divi||400&#8243; icon_color=&#8220;#7AAE30&#8243; icon_placement=&#8220;left&#8220; image_icon_width=&#8220;50px&#8220; content_max_width=&#8220;100%&#8220; admin_label=&#8220;Gr\u00fcn \/ Erf\u00fcllt&#8220; _builder_version=&#8220;4.14.1&#8243; _module_preset=&#8220;default&#8220; header_font_size=&#8220;18px&#8220; custom_margin=&#8220;||35px||false|false&#8220; icon_font_size=&#8220;50px&#8220; global_colors_info=&#8220;{}&#8220;]Uns sind keine Faktenfehler aufgefallen.[\/et_pb_blurb][\/et_pb_column][\/et_pb_row][\/et_pb_section][et_pb_section fb_built=&#8220;1&#8243; _builder_version=&#8220;4.9.10&#8243; _module_preset=&#8220;default&#8220; background_color=&#8220;#f4f4f4&#8243; custom_margin=&#8220;0px||0px||false|false&#8220; custom_padding=&#8220;0px||0px||false|false&#8220; da_disable_devices=&#8220;off|off|off&#8220; global_colors_info=&#8220;{}&#8220; da_is_popup=&#8220;off&#8220; da_exit_intent=&#8220;off&#8220; da_has_close=&#8220;on&#8220; da_alt_close=&#8220;off&#8220; da_dark_close=&#8220;off&#8220; da_not_modal=&#8220;on&#8220; da_is_singular=&#8220;off&#8220; da_with_loader=&#8220;off&#8220; da_has_shadow=&#8220;on&#8220;][et_pb_row admin_label=&#8220;Endnote Kriterien&#8220; _builder_version=&#8220;4.9.4&#8243; _module_preset=&#8220;default&#8220; background_color=&#8220;RGBA(0,0,0,0)&#8220; width=&#8220;100%&#8220; custom_margin=&#8220;0px|0px|0px|0px|false|false&#8220; custom_padding=&#8220;15px|15px|15px|15px|false|false&#8220; global_colors_info=&#8220;{}&#8220;][et_pb_column type=&#8220;4_4&#8243; _builder_version=&#8220;4.9.4&#8243; _module_preset=&#8220;default&#8220; global_colors_info=&#8220;{}&#8220;][et_pb_text admin_label=&#8220;Headline &amp; Text&#8220; _builder_version=&#8220;4.14.1&#8243; _module_preset=&#8220;default&#8220; custom_margin=&#8220;||5px|||&#8220; global_colors_info=&#8220;{}&#8220;]<\/p>\n<h3>Umweltjournalistische Kriterien: 8 von 9 erf\u00fcllt<\/h3>\n<h3>Allgemeinjournalistische Kriterien: 2 von 3 erf\u00fcllt<\/h3>\n<p>Da drei umweltjournalistische Kriterien nur \u201eknapp erf\u00fcllt\u201c sind, werten wir um einen Stern ab.[\/et_pb_text][dipl_star_rating rating=&#8220;@ET-DC@eyJkeW5hbWljIjp0cnVlLCJjb250ZW50IjoiY3VzdG9tX21ldGFfc3Rlcm5lIiwic2V0dGluZ3MiOnsiYmVmb3JlIjoiIiwiYWZ0ZXIiOiIiLCJlbmFibGVfaHRtbCI6Im9mZiJ9fQ==@&#8220; rating_out_of=&#8220;5&#8243; rating_position=&#8220;after_title&#8220; show_rating_number=&#8220;off&#8220; star_font_size=&#8220;35px&#8220; empty_star_color=&#8220;#969696&#8243; _builder_version=&#8220;4.14.2&#8243; _dynamic_attributes=&#8220;rating&#8220; _module_preset=&#8220;default&#8220; text_orientation=&#8220;left&#8220; custom_margin=&#8220;10px||0px||false|false&#8220; custom_padding=&#8220;10px||0px||false|false&#8220; global_module=&#8220;321&#8243; saved_tabs=&#8220;all&#8220; global_colors_info=&#8220;{}&#8220;][\/dipl_star_rating][\/et_pb_column][\/et_pb_row][\/et_pb_section][et_pb_section fb_built=&#8220;1&#8243; admin_label=&#8220;Bewertungen Legende &#8220; _builder_version=&#8220;4.9.4&#8243; _module_preset=&#8220;default&#8220; custom_padding=&#8220;4px||5px|||&#8220; da_disable_devices=&#8220;off|off|off&#8220; global_module=&#8220;323&#8243; saved_tabs=&#8220;all&#8220; collapsed=&#8220;off&#8220; global_colors_info=&#8220;{}&#8220; da_is_popup=&#8220;off&#8220; da_exit_intent=&#8220;off&#8220; da_has_close=&#8220;on&#8220; da_alt_close=&#8220;off&#8220; da_dark_close=&#8220;off&#8220; da_not_modal=&#8220;on&#8220; da_is_singular=&#8220;off&#8220; da_with_loader=&#8220;off&#8220; da_has_shadow=&#8220;on&#8220;][et_pb_row column_structure=&#8220;1_3,1_3,1_3&#8243; _builder_version=&#8220;4.9.4&#8243; _module_preset=&#8220;default&#8220; custom_padding=&#8220;||6px|||&#8220; global_colors_info=&#8220;{}&#8220;][et_pb_column type=&#8220;1_3&#8243; _builder_version=&#8220;4.9.4&#8243; _module_preset=&#8220;default&#8220; global_colors_info=&#8220;{}&#8220;][et_pb_blurb title=&#8220;Kriterium erf\u00fcllt &#8220; use_icon=&#8220;on&#8220; font_icon=&#8220;&#xe052;||divi||400&#8243; icon_color=&#8220;#7AAE30&#8243; icon_placement=&#8220;left&#8220; _builder_version=&#8220;4.13.0&#8243; _module_preset=&#8220;default&#8220; header_text_color=&#8220;#444444&#8243; header_font_size=&#8220;16px&#8220; header_line_height=&#8220;2em&#8220; custom_margin=&#8220;|0px|0px||false|false&#8220; custom_padding=&#8220;0px|0px|0px||false|false&#8220; global_colors_info=&#8220;{}&#8220;][\/et_pb_blurb][\/et_pb_column][et_pb_column type=&#8220;1_3&#8243; _builder_version=&#8220;4.9.4&#8243; _module_preset=&#8220;default&#8220; global_colors_info=&#8220;{}&#8220;][et_pb_blurb title=&#8220;Kriterium nicht erf\u00fcllt&#8220; use_icon=&#8220;on&#8220; font_icon=&#8220;&#xe051;||divi||400&#8243; icon_color=&#8220;#E02B20&#8243; icon_placement=&#8220;left&#8220; _builder_version=&#8220;4.13.0&#8243; _module_preset=&#8220;default&#8220; header_text_color=&#8220;#444444&#8243; header_font_size=&#8220;16px&#8220; header_line_height=&#8220;2em&#8220; custom_margin=&#8220;||0px|0px|false|false&#8220; custom_padding=&#8220;0px||0px|0px|false|false&#8220; global_colors_info=&#8220;{}&#8220;][\/et_pb_blurb][\/et_pb_column][et_pb_column type=&#8220;1_3&#8243; _builder_version=&#8220;4.9.4&#8243; _module_preset=&#8220;default&#8220; global_colors_info=&#8220;{}&#8220;][et_pb_blurb title=&#8220;Kriterium nicht anwendbar&#8220; use_icon=&#8220;on&#8220; font_icon=&#8220;&#xe055;||divi||400&#8243; icon_color=&#8220;rgba(68,68,68,0.68)&#8220; icon_placement=&#8220;left&#8220; _builder_version=&#8220;4.13.0&#8243; _module_preset=&#8220;default&#8220; header_text_color=&#8220;#444444&#8243; header_font_size=&#8220;16px&#8220; header_line_height=&#8220;2em&#8220; custom_margin=&#8220;||0px|0px|false|false&#8220; custom_padding=&#8220;0px||0px||false|false&#8220; global_colors_info=&#8220;{}&#8220;][\/et_pb_blurb][\/et_pb_column][\/et_pb_row][\/et_pb_section][et_pb_section fb_built=&#8220;1&#8243; admin_label=&#8220;Schreiben Sie uns&#8220; _builder_version=&#8220;4.9.10&#8243; _module_preset=&#8220;default&#8220; custom_margin=&#8220;||0px||false|false&#8220; custom_padding=&#8220;5px||0px||false|false&#8220; da_disable_devices=&#8220;off|off|off&#8220; global_module=&#8220;1074&#8243; saved_tabs=&#8220;all&#8220; global_colors_info=&#8220;{}&#8220; da_is_popup=&#8220;off&#8220; da_exit_intent=&#8220;off&#8220; da_has_close=&#8220;on&#8220; da_alt_close=&#8220;off&#8220; da_dark_close=&#8220;off&#8220; da_not_modal=&#8220;on&#8220; da_is_singular=&#8220;off&#8220; da_with_loader=&#8220;off&#8220; da_has_shadow=&#8220;on&#8220;][et_pb_row _builder_version=&#8220;4.10.7&#8243; _module_preset=&#8220;default&#8220; custom_padding=&#8220;7px||25px||false|false&#8220; global_colors_info=&#8220;{}&#8220;][et_pb_column type=&#8220;4_4&#8243; _builder_version=&#8220;4.9.10&#8243; _module_preset=&#8220;default&#8220; global_colors_info=&#8220;{}&#8220;][et_pb_button button_url=&#8220;mailto:astrid.viciano@tu-dortmund.de?Subject=Beitrag%20im%20Medien-Doktor%20Gesundheit&#8220; button_text=&#8220;Schreiben Sie uns&#8220; button_alignment=&#8220;left&#8220; _builder_version=&#8220;4.9.10&#8243; _module_preset=&#8220;default&#8220; global_colors_info=&#8220;{}&#8220;][\/et_pb_button][\/et_pb_column][\/et_pb_row][\/et_pb_section]<\/p>\n","protected":false},"excerpt":{"rendered":"<p>Die Emissionen von Treibhausgasen sind in den letzten Jahren in Deutschland kaum zur\u00fcckgegangen, die Klimaziele daher kaum noch zu erreichen, berichtet Spiegel Online. Der Beietrag bezieht sich auf eine Studie im Auftrag der Gr\u00fcnen Bundestagsfraktion und Zahlen des Umweltbundesamts (UBA). Handlungsoptionen, die das UBA untersucht hat, erw\u00e4hnt er nicht.<\/p>\n","protected":false},"author":17,"featured_media":3570,"comment_status":"closed","ping_status":"open","sticky":false,"template":"","format":"standard","meta":{"_acf_changed":false,"_et_pb_use_builder":"on","_et_pb_old_content":"","_et_gb_content_width":"","footnotes":""},"categories":[66],"tags":[],"class_list":["post-3395","post","type-post","status-publish","format-standard","has-post-thumbnail","hentry","category-spiegel-online"],"acf":[],"_links":{"self":[{"href":"https:\/\/medien-doktor.de\/umwelt\/wp-json\/wp\/v2\/posts\/3395","targetHints":{"allow":["GET"]}}],"collection":[{"href":"https:\/\/medien-doktor.de\/umwelt\/wp-json\/wp\/v2\/posts"}],"about":[{"href":"https:\/\/medien-doktor.de\/umwelt\/wp-json\/wp\/v2\/types\/post"}],"author":[{"embeddable":true,"href":"https:\/\/medien-doktor.de\/umwelt\/wp-json\/wp\/v2\/users\/17"}],"replies":[{"embeddable":true,"href":"https:\/\/medien-doktor.de\/umwelt\/wp-json\/wp\/v2\/comments?post=3395"}],"version-history":[{"count":22,"href":"https:\/\/medien-doktor.de\/umwelt\/wp-json\/wp\/v2\/posts\/3395\/revisions"}],"predecessor-version":[{"id":3665,"href":"https:\/\/medien-doktor.de\/umwelt\/wp-json\/wp\/v2\/posts\/3395\/revisions\/3665"}],"wp:featuredmedia":[{"embeddable":true,"href":"https:\/\/medien-doktor.de\/umwelt\/wp-json\/wp\/v2\/media\/3570"}],"wp:attachment":[{"href":"https:\/\/medien-doktor.de\/umwelt\/wp-json\/wp\/v2\/media?parent=3395"}],"wp:term":[{"taxonomy":"category","embeddable":true,"href":"https:\/\/medien-doktor.de\/umwelt\/wp-json\/wp\/v2\/categories?post=3395"},{"taxonomy":"post_tag","embeddable":true,"href":"https:\/\/medien-doktor.de\/umwelt\/wp-json\/wp\/v2\/tags?post=3395"}],"curies":[{"name":"wp","href":"https:\/\/api.w.org\/{rel}","templated":true}]}}