{"id":2722,"date":"2019-07-03T19:19:44","date_gmt":"2019-07-03T17:19:44","guid":{"rendered":"https:\/\/medien-doktor.de\/mediate\/?p=2722"},"modified":"2022-04-25T11:42:21","modified_gmt":"2022-04-25T09:42:21","slug":"bluttest-erkennt-ungeborene-mit-down-syndrom","status":"publish","type":"post","link":"https:\/\/medien-doktor.de\/mediate\/2019\/07\/bluttest-erkennt-ungeborene-mit-down-syndrom\/","title":{"rendered":"\u201eBluttest erkennt Ungeborene mit Down-Syndrom\u201c"},"content":{"rendered":"<p>[et_pb_section fb_built=&#8220;1&#8243; admin_label=&#8220;Sektion&#8220; _builder_version=&#8220;4.16&#8243; _module_preset=&#8220;default&#8220; background_color=&#8220;#f4f4f4&#8243; custom_margin=&#8220;0px||0px||false|false&#8220; custom_padding=&#8220;0px||0px||false|false&#8220; da_disable_devices=&#8220;off|off|off&#8220; global_colors_info=&#8220;{}&#8220; da_is_popup=&#8220;off&#8220; da_exit_intent=&#8220;off&#8220; da_has_close=&#8220;on&#8220; da_alt_close=&#8220;off&#8220; da_dark_close=&#8220;off&#8220; da_not_modal=&#8220;on&#8220; da_is_singular=&#8220;off&#8220; da_with_loader=&#8220;off&#8220; da_has_shadow=&#8220;on&#8220;][et_pb_row column_structure=&#8220;2_3,1_3&#8243; admin_label=&#8220;Medium und Link&#8220; _builder_version=&#8220;4.16&#8243; _module_preset=&#8220;default&#8220; background_color=&#8220;RGBA(0,0,0,0)&#8220; width=&#8220;100%&#8220; custom_margin=&#8220;0px|0px|0px|0px|false|false&#8220; custom_padding=&#8220;15px|15px|15px|15px|false|false&#8220; global_colors_info=&#8220;{}&#8220;][et_pb_column type=&#8220;2_3&#8243; _builder_version=&#8220;4.16&#8243; _module_preset=&#8220;default&#8220; global_colors_info=&#8220;{}&#8220;][et_pb_text admin_label=&#8220;Datum&#8220; _builder_version=&#8220;4.16&#8243; _dynamic_attributes=&#8220;content&#8220; _module_preset=&#8220;default&#8220; custom_margin=&#8220;0px||0px||false|false&#8220; custom_padding=&#8220;0px||0px||false|false&#8220; global_module=&#8220;320&#8243; saved_tabs=&#8220;all&#8220; global_colors_info=&#8220;{}&#8220;]@ET-DC@eyJkeW5hbWljIjp0cnVlLCJjb250ZW50IjoicG9zdF9kYXRlIiwic2V0dGluZ3MiOnsiYmVmb3JlIjoiQmV3ZXJ0ZXQgYW0gIiwiYWZ0ZXIiOiIiLCJkYXRlX2Zvcm1hdCI6ImRlZmF1bHQiLCJjdXN0b21fZGF0ZV9mb3JtYXQiOiIifX0=@[\/et_pb_text][et_pb_text admin_label=&#8220;Medium&#8220; _builder_version=&#8220;4.16&#8243; _dynamic_attributes=&#8220;content&#8220; _module_preset=&#8220;default&#8220; custom_margin=&#8220;0px||0px||false|false&#8220; custom_padding=&#8220;0px||0px||false|false&#8220; global_module=&#8220;318&#8243; saved_tabs=&#8220;all&#8220; global_colors_info=&#8220;{}&#8220;]@ET-DC@eyJkeW5hbWljIjp0cnVlLCJjb250ZW50IjoicG9zdF9jYXRlZ29yaWVzIiwic2V0dGluZ3MiOnsiYmVmb3JlIjoiVmVyXHUwMGY2ZmZlbnRsaWNodCB2b246ICIsImFmdGVyIjoiIiwibGlua190b190ZXJtX3BhZ2UiOiJvZmYiLCJzZXBhcmF0b3IiOiIgfCAiLCJjYXRlZ29yeV90eXBlIjoiY2F0ZWdvcnkifX0=@[\/et_pb_text][\/et_pb_column][et_pb_column type=&#8220;1_3&#8243; _builder_version=&#8220;4.16&#8243; _module_preset=&#8220;default&#8220; global_colors_info=&#8220;{}&#8220;][\/et_pb_column][\/et_pb_row][\/et_pb_section][et_pb_section fb_built=&#8220;1&#8243; admin_label=&#8220;Sektion&#8220; _builder_version=&#8220;4.16&#8243; _module_preset=&#8220;default&#8220; custom_margin=&#8220;10px||10px||false|false&#8220; custom_padding=&#8220;10px||10px||false|false&#8220; da_disable_devices=&#8220;off|off|off&#8220; global_colors_info=&#8220;{}&#8220; da_is_popup=&#8220;off&#8220; da_exit_intent=&#8220;off&#8220; da_has_close=&#8220;on&#8220; da_alt_close=&#8220;off&#8220; da_dark_close=&#8220;off&#8220; da_not_modal=&#8220;on&#8220; da_is_singular=&#8220;off&#8220; da_with_loader=&#8220;off&#8220; da_has_shadow=&#8220;on&#8220;][et_pb_row admin_label=&#8220;Einleitung&#8220; _builder_version=&#8220;4.16&#8243; _module_preset=&#8220;default&#8220; custom_margin=&#8220;0px||0px||false|false&#8220; custom_padding=&#8220;0px||0px||false|false&#8220; global_colors_info=&#8220;{}&#8220;][et_pb_column type=&#8220;4_4&#8243; _builder_version=&#8220;4.16&#8243; _module_preset=&#8220;default&#8220; global_colors_info=&#8220;{}&#8220;][et_pb_text _builder_version=&#8220;4.16&#8243; _module_preset=&#8220;default&#8220; global_colors_info=&#8220;{}&#8220;]<\/p>\n<p>In einem ausf\u00fchrlichen und sachlichen Frage-Antwort-Format informiert dieser Artikel aus dem Mai 2017 in weiten Teilen sehr gut \u00fcber pr\u00e4natale Gentests auf Trisomie 21. Das fanden auch unsere Studenten-Teams und der Medizin-Experte.<\/p>\n<p>[\/et_pb_text][\/et_pb_column][\/et_pb_row][\/et_pb_section][et_pb_section fb_built=&#8220;1&#8243; admin_label=&#8220;Sektion&#8220; _builder_version=&#8220;4.16&#8243; _module_preset=&#8220;default&#8220; background_color=&#8220;#f4f4f4&#8243; custom_margin=&#8220;0px||0px||false|false&#8220; custom_padding=&#8220;0px||0px||false|false&#8220; da_disable_devices=&#8220;off|off|off&#8220; global_colors_info=&#8220;{}&#8220; da_is_popup=&#8220;off&#8220; da_exit_intent=&#8220;off&#8220; da_has_close=&#8220;on&#8220; da_alt_close=&#8220;off&#8220; da_dark_close=&#8220;off&#8220; da_not_modal=&#8220;on&#8220; da_is_singular=&#8220;off&#8220; da_with_loader=&#8220;off&#8220; da_has_shadow=&#8220;on&#8220;][et_pb_row admin_label=&#8220;Zusammenfassung&#8220; _builder_version=&#8220;4.16&#8243; _module_preset=&#8220;default&#8220; background_color=&#8220;RGBA(0,0,0,0)&#8220; width=&#8220;100%&#8220; custom_margin=&#8220;0px|0px|0px|0px|false|false&#8220; custom_padding=&#8220;15px|15px|15px|15px|false|false&#8220; global_colors_info=&#8220;{}&#8220;][et_pb_column type=&#8220;4_4&#8243; _builder_version=&#8220;4.16&#8243; _module_preset=&#8220;default&#8220; global_colors_info=&#8220;{}&#8220;][et_pb_text admin_label=&#8220;Headline und Zusammenfassung&#8220; _builder_version=&#8220;4.16&#8243; _module_preset=&#8220;default&#8220; custom_margin=&#8220;||2px|||&#8220; saved_tabs=&#8220;all&#8220; global_colors_info=&#8220;{}&#8220;]<\/p>\n<h3>Zusammenfassung<\/h3>\n<p>Der ausf\u00fchrliche Artikel in den N\u00fcrnberger Nachrichten aus dem Mai 2017 informiert Leserinnen und Leser in einem Frage-Antwort-Format insgesamt sehr gut \u00fcber pr\u00e4natale Gentests auf Trisomie 21, auch wenn die Aussagekraft des Tests nicht ausreichend erkl\u00e4rt wird. Besser, wenn auch nicht vollst\u00e4ndig sind die Informationen zu m\u00f6glichen Risiken und Nebenwirkungen. Ausf\u00fchrlich wird die Studienlage beschrieben. Es kommen zahlreiche Experten zu Wort, Interessenkonflikte werden thematisiert. Der Text macht deutlich, seit wann es den Test gibt und welche Alternativen werdenden M\u00fctter angeboten werden. Sie bekommen ausreichende Informationen zu den Kosten. Trisomie 21 wird nicht \u00fcbertrieben dargestellt. Die anstehende Bewertung des IQWiG (2017) war ein ausreichend relevanter Anlass aktuell \u00fcber den Test zu berichten, was insgesamt in verst\u00e4ndlicher, n\u00fcchterner und informativer Form im Frage-Antwort-Format gelingt.<\/p>\n<h4>Medizin-ExpertIn<\/h4>\n<p>Der Artikel berichtet in allen Aspekten ausreichend gut. &#8230; <a href=\"#zusammenfassung\">Mehr<\/a><\/p>\n<h4>StudentInnen-Teams<\/h4>\n<p>Der Artikel berichtet bis auf vereinzelte Aspekte ausreichend gut. &#8230; <a href=\"#zusammenfassung\">Mehr<\/a><\/p>\n<p>[\/et_pb_text][dipl_star_rating rating=&#8220;@ET-DC@eyJkeW5hbWljIjp0cnVlLCJjb250ZW50IjoiY3VzdG9tX21ldGFfc3Rlcm5lIiwic2V0dGluZ3MiOnsiYmVmb3JlIjoiIiwiYWZ0ZXIiOiIiLCJlbmFibGVfaHRtbCI6Im9mZiJ9fQ==@&#8220; rating_out_of=&#8220;5&#8243; rating_position=&#8220;after_title&#8220; show_rating_number=&#8220;off&#8220; star_font_size=&#8220;35px&#8220; empty_star_color=&#8220;#969696&#8243; _builder_version=&#8220;4.9.11&#8243; _dynamic_attributes=&#8220;rating&#8220; _module_preset=&#8220;default&#8220; text_orientation=&#8220;left&#8220; custom_margin=&#8220;10px||0px||false|false&#8220; custom_padding=&#8220;10px||0px||false|false&#8220; global_module=&#8220;321&#8243; saved_tabs=&#8220;all&#8220; global_colors_info=&#8220;{}&#8220;][\/dipl_star_rating][\/et_pb_column][\/et_pb_row][\/et_pb_section][et_pb_section fb_built=&#8220;1&#8243; _builder_version=&#8220;4.16&#8243; _module_preset=&#8220;default&#8220; custom_margin=&#8220;0px||||false|false&#8220; custom_padding=&#8220;0px||5px||false|false&#8220; da_disable_devices=&#8220;off|off|off&#8220; global_colors_info=&#8220;{}&#8220; da_is_popup=&#8220;off&#8220; da_exit_intent=&#8220;off&#8220; da_has_close=&#8220;on&#8220; da_alt_close=&#8220;off&#8220; da_dark_close=&#8220;off&#8220; da_not_modal=&#8220;on&#8220; da_is_singular=&#8220;off&#8220; da_with_loader=&#8220;off&#8220; da_has_shadow=&#8220;on&#8220;][et_pb_row admin_label=&#8220;Bewertungen&#8220; _builder_version=&#8220;4.16&#8243; _module_preset=&#8220;default&#8220; custom_margin=&#8220;||0px||false|false&#8220; custom_padding=&#8220;||0px||false|false&#8220; global_colors_info=&#8220;{}&#8220;][et_pb_column type=&#8220;4_4&#8243; _builder_version=&#8220;4.16&#8243; _module_preset=&#8220;default&#8220; global_colors_info=&#8220;{}&#8220;][et_pb_text admin_label=&#8220;Headline Medizinjournalistische Kriterien&#8220; _builder_version=&#8220;4.16&#8243; _module_preset=&#8220;default&#8220; text_text_color=&#8220;#FFFFFF&#8220; background_color=&#8220;RGBA(0,0,0,0)&#8220; custom_margin=&#8220;5px||5px||false|false&#8220; saved_tabs=&#8220;all&#8220; global_colors_info=&#8220;{}&#8220;]<\/p>\n<h2>Medizinjournalistische Kriterien<\/h2>\n<p>[\/et_pb_text][et_pb_blurb title=&#8220;1. Die Aussagekraft\/der NUTZEN ist ausreichend und verst\u00e4ndlich dargestellt.&#8220; use_icon=&#8220;on&#8220; font_icon=&#8220;&#xe051;||divi||400&#8243; icon_color=&#8220;#E02B20&#8243; icon_placement=&#8220;left&#8220; image_icon_width=&#8220;50px&#8220; content_max_width=&#8220;100%&#8220; admin_label=&#8220;1. Nutzen&#8220; _builder_version=&#8220;4.16&#8243; _module_preset=&#8220;default&#8220; header_font_size=&#8220;18px&#8220; custom_margin=&#8220;||35px||false|false&#8220; custom_padding=&#8220;||||false|false&#8220; icon_font_size=&#8220;50px&#8220; global_colors_info=&#8220;{}&#8220;]<\/p>\n<p>\u201eAufgrund der bisher zum Thema vorliegenden 37 Studien entdecken die Bluttests in 99,2 Prozent aller F\u00e4lle eine Trisomie 21. Sie sind also sehr genau.\u201c Damit gibt der Text den Wert f\u00fcr die Sensitivit\u00e4t an (also f\u00fcr den Fall, dass ein Betroffener als Betroffener richtig erkannt wird.) Es gibt indes keine Angaben zum Wert der Spezifit\u00e4t, also f\u00fcr den Fall, dass ein Nicht-Betroffener vom Test auch als Nicht-Betroffener erkannt wird.<\/p>\n<p>Daher werten wir das Kriterium, wenn auch knapp als \u201enicht erf\u00fcllt\u201c.<\/p>\n<p>[\/et_pb_blurb][et_pb_blurb title=&#8220;2. RISIKEN und Nebenwirkungen werden angemessen ber\u00fccksichtigt.&#8220; use_icon=&#8220;on&#8220; font_icon=&#8220;&#xe052;||divi||400&#8243; icon_color=&#8220;#7AAE30&#8243; icon_placement=&#8220;left&#8220; image_icon_width=&#8220;50px&#8220; content_max_width=&#8220;100%&#8220; admin_label=&#8220;2. Risiken&#8220; _builder_version=&#8220;4.16&#8243; _module_preset=&#8220;default&#8220; header_font_size=&#8220;18px&#8220; custom_margin=&#8220;||35px||false|false&#8220; icon_font_size=&#8220;50px&#8220; global_colors_info=&#8220;{}&#8220;]<\/p>\n<p>Zum Problem der falsch-Positiven Testergebnisse hei\u00dft es: \u201eNur in 0,09 Prozent der F\u00e4lle meldet der Test eine Anomalie, obwohl das Ungeborene gesund ist.\u201c Auf den Fall der falsch-Negativen Testergebnisse geht der Text leider nicht ein. Daf\u00fcr erkl\u00e4rt er, dass er eben nicht das Problem einer Fruchtwasseruntersuchung hat, bei der es zu einem gewissen Prozentsatz zu schwerwiegenden Komplikationen kommen kann. Zudem wird die Bef\u00fcrchtung angesprochen, dass der einfache Test zu mehr Abtreibungen f\u00fchren k\u00f6nnte. Alles in allem werten wir daher, knapp \u201eerf\u00fcllt\u201c.<\/p>\n<p>[\/et_pb_blurb][et_pb_blurb title=&#8220;3. Die Qualit\u00e4t der Evidenz (STUDIEN) wird richtig eingeordnet.&#8220; use_icon=&#8220;on&#8220; font_icon=&#8220;&#xe052;||divi||400&#8243; icon_color=&#8220;#7AAE30&#8243; icon_placement=&#8220;left&#8220; image_icon_width=&#8220;50px&#8220; content_max_width=&#8220;100%&#8220; admin_label=&#8220;3. Belege&#8220; _builder_version=&#8220;4.16&#8243; _module_preset=&#8220;default&#8220; header_font_size=&#8220;18px&#8220; custom_margin=&#8220;||35px||false|false&#8220; icon_font_size=&#8220;50px&#8220; global_colors_info=&#8220;{}&#8220;]<\/p>\n<p>Es wird unter dem Punkt \u201eWas ergaben Studien zu den Bluttests?\u201c dargestellt, dass es bereits 37 Studien zu den Bluttests gibt (teils mit mehr als tausend Schwangerschaften und dem Hinweis \u201edie Gr\u00f6\u00dfe der Stichprobe hat viel Einfluss auf die Aussagekraft von solchen Studien\u201c). Auch wird erkl\u00e4rt, dass keine der bisher durchgef\u00fchrten Studien nach allen Qualit\u00e4tsstandards perfekt durchgef\u00fchrt worden ist, und dass die meisten von Herstellern finanziert w\u00fcrden, was deren Aussagekraft schw\u00e4che. So hei\u00dft es abschlie\u00dfend: \u201eAuch eine sogenannte Meta-Analyse mehrerer Arbeiten hat festgestellt, dass es noch keine Studie zu den neuen Bluttests gibt, die nach allen Qualit\u00e4tsstandards perfekt ist.\u201c\u2028 Auch wird erw\u00e4hnt, dass das IQWiG nun (2017) eine Bewertung vornehmen wird. Damit wird klar, dass die Aussagen zur Verl\u00e4sslichkeit noch mit einer gewissen Vorsicht zu genie\u00dfen sind.<\/p>\n<p>Auch in einem anderen Bereich wird die Evidenz erl\u00e4utert: \u201e90 Prozent der Frauen w\u00fcrden sich bei einem Verdacht auf Trisomie 21 f\u00fcr einen Abbruch der Schwangerschaft entscheiden. Die Journalistin Kathrin Zinkant von der S\u00fcddeutschen Zeitung hat auf die d\u00fcnne Datengrundlage hingewiesen: Eine Studie habe zwar sogar einen Anteil von 96 Prozent f\u00fcr Abtreibungen bei Verdacht auf Trisomie 21 festgestellt &#8211; aber nur mit Bezug auf das Jahr 2002.\u201c<\/p>\n<p>[\/et_pb_blurb][et_pb_blurb title=&#8220;4. Es werden weitere EXPERTEN\/Quellen zitiert und es wird auf INTERESSENSKONFLIKTE hingewiesen.&#8220; use_icon=&#8220;on&#8220; font_icon=&#8220;&#xe052;||divi||400&#8243; icon_color=&#8220;#7AAE30&#8243; icon_placement=&#8220;left&#8220; image_icon_width=&#8220;50px&#8220; content_max_width=&#8220;100%&#8220; admin_label=&#8220;4. Experten&#8220; _builder_version=&#8220;4.16&#8243; _module_preset=&#8220;default&#8220; header_font_size=&#8220;18px&#8220; custom_margin=&#8220;||35px||false|false&#8220; icon_font_size=&#8220;50px&#8220; global_colors_info=&#8220;{}&#8220;]<\/p>\n<p>Es werden mehrere unabh\u00e4ngige Experten zitiert, vor allem indes zu ethischen Aspekten. Dar\u00fcber hinaus wird auf verschiedene Studien verwiesen, bei denen indes das Problem best\u00fcnde, \u201edass ein betr\u00e4chtlicher Teil der bisherigen Forschung stark von den Anbietern der nicht-invasiven Pr\u00e4nataltests gef\u00f6rdert wurde.\u201c Auf diese Weise wird das Problem der Interessenkonflikte angesprochen.<\/p>\n<p>[\/et_pb_blurb][et_pb_blurb title=&#8220;5. Der Beitrag geht \u00fcber die PRESSEMITTEILUNG hinaus.&#8220; use_icon=&#8220;on&#8220; font_icon=&#8220;&#xe052;||divi||400&#8243; icon_color=&#8220;#7AAE30&#8243; icon_placement=&#8220;left&#8220; image_icon_width=&#8220;50px&#8220; content_max_width=&#8220;100%&#8220; admin_label=&#8220;5. Mehr als PM&#8220; _builder_version=&#8220;4.16&#8243; _module_preset=&#8220;default&#8220; header_font_size=&#8220;18px&#8220; custom_margin=&#8220;||35px||false|false&#8220; icon_font_size=&#8220;50px&#8220; global_colors_info=&#8220;{}&#8220;]<\/p>\n<p>Eine Pressemitteilung haben wir dazu nicht gefunden, indes ausreichende Anzeichen, dass eine Pressemitteilung nicht alleinige Quelle des Artikels war.<\/p>\n<p>[\/et_pb_blurb][et_pb_blurb title=&#8220;6. Der Beitrag macht klar, wie NEU der Ansatz wirklich ist.&#8220; use_icon=&#8220;on&#8220; font_icon=&#8220;&#xe052;||divi||400&#8243; icon_color=&#8220;#7AAE30&#8243; icon_placement=&#8220;left&#8220; image_icon_width=&#8220;50px&#8220; content_max_width=&#8220;100%&#8220; admin_label=&#8220;6. Neuheit&#8220; _builder_version=&#8220;4.16&#8243; _module_preset=&#8220;default&#8220; header_font_size=&#8220;18px&#8220; custom_margin=&#8220;||35px||false|false&#8220; icon_font_size=&#8220;50px&#8220; global_colors_info=&#8220;{}&#8220;]<\/p>\n<p>Es wird erw\u00e4hnt, dass der erste Bluttest im Jahr 2012 in Deutschland zugelassen wurde, und dass inzwischen weitere in Deutschland erh\u00e4ltlich sind.<\/p>\n<p>[\/et_pb_blurb][et_pb_blurb title=&#8220;7. Es werden ALTERNATIVE Tests vorgestellt.&#8220; use_icon=&#8220;on&#8220; font_icon=&#8220;&#xe052;||divi||400&#8243; icon_color=&#8220;#7AAE30&#8243; icon_placement=&#8220;left&#8220; image_icon_width=&#8220;50px&#8220; content_max_width=&#8220;100%&#8220; admin_label=&#8220;7. Alternativen&#8220; _builder_version=&#8220;4.16&#8243; _module_preset=&#8220;default&#8220; header_font_size=&#8220;18px&#8220; custom_margin=&#8220;||35px||false|false&#8220; icon_font_size=&#8220;50px&#8220; global_colors_info=&#8220;{}&#8220;]<\/p>\n<p>Es werden alle bislang \u00fcblichen Pr\u00e4nataluntersuchungen vorgestellt, fast alle auch kurz erkl\u00e4rt, teilweise auch im Vergleich \u00ad\u2013 Ultraschall, Nackenfaltenuntersuchung im Ultraschall, Amniozentese, Chorionzottenbiopsie, Chordozentese. Auch der Triple-Test wird erw\u00e4hnt, allerdings nicht weiter erkl\u00e4rt.<\/p>\n<p>[\/et_pb_blurb][et_pb_blurb title=&#8220;8. Es wird klar, ob oder wann ein Test VERF\u00dcGBAR ist.&#8220; use_icon=&#8220;on&#8220; font_icon=&#8220;&#xe052;||divi||400&#8243; icon_color=&#8220;#7AAE30&#8243; icon_placement=&#8220;left&#8220; image_icon_width=&#8220;50px&#8220; content_max_width=&#8220;100%&#8220; admin_label=&#8220;8. Verf\u00fcgbarkeit&#8220; _builder_version=&#8220;4.16&#8243; _module_preset=&#8220;default&#8220; header_font_size=&#8220;18px&#8220; custom_margin=&#8220;||35px||false|false&#8220; icon_font_size=&#8220;50px&#8220; global_colors_info=&#8220;{}&#8220;]<\/p>\n<p>Es wird deutlich, dass der Test bzw. die Tests in Deutschland verf\u00fcgbar sind. Es wird nicht explizit erkl\u00e4rt, ob man die Tests \u00fcber den Frauenarzt bekommen kann, oder wo man sie durchf\u00fchren lassen kann. Daher nur knapp erf\u00fcllt.<\/p>\n<p>[\/et_pb_blurb][et_pb_blurb title=&#8220;9. Der Beitrag geht (angemessen) auf die KOSTEN ein.&#8220; use_icon=&#8220;on&#8220; font_icon=&#8220;&#xe052;||divi||400&#8243; icon_color=&#8220;#7AAE30&#8243; icon_placement=&#8220;left&#8220; image_icon_width=&#8220;50px&#8220; content_max_width=&#8220;100%&#8220; admin_label=&#8220;9. Kosten&#8220; _builder_version=&#8220;4.16&#8243; _module_preset=&#8220;default&#8220; header_font_size=&#8220;18px&#8220; custom_margin=&#8220;||35px||false|false&#8220; icon_font_size=&#8220;50px&#8220; global_colors_info=&#8220;{}&#8220;]<\/p>\n<p>Die Kosten werden detailliert thematisiert: \u201eEr kostet heute [2017, Anmerkung der Redaktion] in der g\u00fcnstigsten Variante 199 Euro. Mittlerweile gibt es weitere Anbieter: Die Cenata GmbH aus T\u00fcbingen bietet ab 249 Euro den \u201eHarmony Test\u201c an, die Labore von Amedes buhlen mit dem \u201ePanorama-Test\u201c zu Preisen ab 449 Euro um Kunden, und das Zentrum f\u00fcr Humangenetik und Laboratoriumsdiagnostik Martinsried verkauft seinen Test unter dem Namen \u201ePrenatalis\u201c ab 428 Euro.\u201c Auch wird darauf eingegangen, dass die Kosten von einigen Krankenkassen \u00fcbernommen werden, von anderen nicht und dass zun\u00e4chst eine Analyse des IQWiG durchgef\u00fchrt werden muss, bevor die Krankenkassen generell die Kosten \u00fcbernehmen werden.<\/p>\n<p>[\/et_pb_blurb][et_pb_blurb title=&#8220;10. Der Beitrag vermeidet Krankheits\u00fcbertreibungen\/-erfindungen (DISEASE MONGERING).&#8220; use_icon=&#8220;on&#8220; font_icon=&#8220;&#xe052;||divi||400&#8243; icon_color=&#8220;#7AAE30&#8243; icon_placement=&#8220;left&#8220; image_icon_width=&#8220;50px&#8220; content_max_width=&#8220;100%&#8220; admin_label=&#8220;10. Krankheitserfindungen&#8220; _builder_version=&#8220;4.16&#8243; _module_preset=&#8220;default&#8220; header_font_size=&#8220;18px&#8220; custom_margin=&#8220;||35px||false|false&#8220; icon_font_size=&#8220;50px&#8220; global_colors_info=&#8220;{}&#8220;]<\/p>\n<p>Die Trisomie 21 oder andere Chromosomenaberrationen werden nicht \u00fcbertrieben dargestellt. Es wird auf ethische Aspekte und die Folgen f\u00fcr den gesellschaftlichen Blick auf Menschen mit diesen Aberrationen eingegangen, doch auch da findet die Darlegung ohne \u00dcbertreibung oder Erfindung statt.<\/p>\n<p>Dass es auch umstritten ist, Trisomie 21 als Krankheit zu bezeichnen, h\u00e4tte die Darstellung vervollst\u00e4ndigt. Siehe dazu zum Beispiel der Hinweis auf der Seite des Deutschen Down-Syndrom Infocenters: https:\/\/www.ds-infocenter.de\/html\/dswasistdas.html \u201eDas Down-Syndrom ist somit eine genetisch bedingte, nicht ver\u00e4nderbare Veranlagung, es ist keine Krankheit.\u201c<\/p>\n<p>[\/et_pb_blurb][et_pb_text admin_label=&#8220;Headline Allgemeinjournalistische Kriterien&#8220; _builder_version=&#8220;4.16&#8243; _module_preset=&#8220;default&#8220; text_text_color=&#8220;#FFFFFF&#8220; background_color=&#8220;RGBA(0,0,0,0)&#8220; custom_margin=&#8220;5px||5px||false|false&#8220; saved_tabs=&#8220;all&#8220; global_colors_info=&#8220;{}&#8220;]<\/p>\n<h2>Allgemeinjournalistische Kriterien<\/h2>\n<p>[\/et_pb_text][et_pb_blurb title=&#8220;1. Das THEMA ist aktuell, relevant oder ungew\u00f6hnlich.&#8220; use_icon=&#8220;on&#8220; font_icon=&#8220;&#xe052;||divi||400&#8243; icon_color=&#8220;#7AAE30&#8243; icon_placement=&#8220;left&#8220; image_icon_width=&#8220;50px&#8220; content_max_width=&#8220;100%&#8220; admin_label=&#8220;1. Themenauswahl&#8220; _builder_version=&#8220;4.16&#8243; _module_preset=&#8220;default&#8220; header_font_size=&#8220;18px&#8220; custom_margin=&#8220;||35px||false|false&#8220; icon_font_size=&#8220;50px&#8220; global_colors_info=&#8220;{}&#8220;]<\/p>\n<p>Im Jahr 2017 stand die Bewertung des IQWiG zu den Pr\u00e4nataltests an. Daher hatte das Thema eine hohe Aktualit\u00e4t. Zudem sind diese Bluttests ohnehin ein sehr relevantes Thema, da sie f\u00fcr Schwangere eine \u2013 dem Eingriff nach \u2013 risikoarme Prozedur darstellen, gleichzeitig aber ethische Fragen aufwerfen.<\/p>\n<p>[\/et_pb_blurb][et_pb_blurb title=&#8220;2. Die journalistische Umsetzung des Themas ist gelungen? (VERST\u00c4NDLICHKEIT\/VERMITTLUNG)&#8220; use_icon=&#8220;on&#8220; font_icon=&#8220;&#xe052;||divi||400&#8243; icon_color=&#8220;#7AAE30&#8243; icon_placement=&#8220;left&#8220; image_icon_width=&#8220;50px&#8220; content_max_width=&#8220;100%&#8220; admin_label=&#8220;2. Verst\u00e4ndlichkeit&#8220; _builder_version=&#8220;4.16&#8243; _module_preset=&#8220;default&#8220; header_font_size=&#8220;18px&#8220; custom_margin=&#8220;||35px||false|false&#8220; icon_font_size=&#8220;50px&#8220; global_colors_info=&#8220;{}&#8220;]<\/p>\n<p>In besonnener und ausgewogener Weise wird das Thema in Form eines Frage-Antwort-Formats dargestellt. Das sehr informativ und \u00fcbersichtlich, indes auch nicht besonders spannend ist. Kritische Stimmen kommen zu Wort, es werden viele verschiedene Aspekte des Themas beleuchtet. Auch ist die Sprache laiengerecht und die Struktur logisch und verst\u00e4ndlich.<\/p>\n<p>[\/et_pb_blurb][et_pb_blurb title=&#8220;3. Die Fakten sind richtig dargestellt?&#8220; use_icon=&#8220;on&#8220; font_icon=&#8220;&#xe052;||divi||400&#8243; icon_color=&#8220;#7AAE30&#8243; icon_placement=&#8220;left&#8220; image_icon_width=&#8220;50px&#8220; content_max_width=&#8220;100%&#8220; admin_label=&#8220;3. Faktentreue&#8220; _builder_version=&#8220;4.16&#8243; _module_preset=&#8220;default&#8220; header_font_size=&#8220;18px&#8220; custom_margin=&#8220;||35px||false|false&#8220; icon_font_size=&#8220;50px&#8220; global_colors_info=&#8220;{}&#8220;]<\/p>\n<p>Faktenfehler sind uns keine aufgefallen.<\/p>\n<p>[\/et_pb_blurb][\/et_pb_column][\/et_pb_row][\/et_pb_section][et_pb_section fb_built=&#8220;1&#8243; _builder_version=&#8220;4.16&#8243; _module_preset=&#8220;default&#8220; background_color=&#8220;#f4f4f4&#8243; custom_margin=&#8220;0px||0px||false|false&#8220; custom_padding=&#8220;0px||0px||false|false&#8220; da_disable_devices=&#8220;off|off|off&#8220; global_colors_info=&#8220;{}&#8220; da_is_popup=&#8220;off&#8220; da_exit_intent=&#8220;off&#8220; da_has_close=&#8220;on&#8220; da_alt_close=&#8220;off&#8220; da_dark_close=&#8220;off&#8220; da_not_modal=&#8220;on&#8220; da_is_singular=&#8220;off&#8220; da_with_loader=&#8220;off&#8220; da_has_shadow=&#8220;on&#8220;][et_pb_row admin_label=&#8220;Endnote Kriterien&#8220; _builder_version=&#8220;4.16&#8243; _module_preset=&#8220;default&#8220; background_color=&#8220;RGBA(0,0,0,0)&#8220; width=&#8220;100%&#8220; custom_margin=&#8220;0px|0px|0px|0px|false|false&#8220; custom_padding=&#8220;15px|15px|15px|15px|false|false&#8220; global_colors_info=&#8220;{}&#8220;][et_pb_column type=&#8220;4_4&#8243; _builder_version=&#8220;4.16&#8243; _module_preset=&#8220;default&#8220; global_colors_info=&#8220;{}&#8220;][et_pb_text admin_label=&#8220;Headline &#038; Text&#8220; _builder_version=&#8220;4.16&#8243; _module_preset=&#8220;default&#8220; custom_margin=&#8220;||5px|||&#8220; global_colors_info=&#8220;{}&#8220;]<\/p>\n<h3>Medizinjournalistische Kriterien: 9 von 10 erf\u00fcllt<\/h3>\n<h3>Allgemeinjournalistische Kriterien: 3 von 3 erf\u00fcllt<\/h3>\n<p>[\/et_pb_text][dipl_star_rating rating=&#8220;@ET-DC@eyJkeW5hbWljIjp0cnVlLCJjb250ZW50IjoiY3VzdG9tX21ldGFfc3Rlcm5lIiwic2V0dGluZ3MiOnsiYmVmb3JlIjoiIiwiYWZ0ZXIiOiIiLCJlbmFibGVfaHRtbCI6Im9mZiJ9fQ==@&#8220; rating_out_of=&#8220;5&#8243; rating_position=&#8220;after_title&#8220; show_rating_number=&#8220;off&#8220; star_font_size=&#8220;35px&#8220; empty_star_color=&#8220;#969696&#8243; _builder_version=&#8220;4.9.11&#8243; _dynamic_attributes=&#8220;rating&#8220; _module_preset=&#8220;default&#8220; text_orientation=&#8220;left&#8220; custom_margin=&#8220;10px||0px||false|false&#8220; custom_padding=&#8220;10px||0px||false|false&#8220; global_module=&#8220;321&#8243; saved_tabs=&#8220;all&#8220; global_colors_info=&#8220;{}&#8220;][\/dipl_star_rating][et_pb_text admin_label=&#8220;Zusammenfassung Ende&#8220; module_id=&#8220;zusammenfassung&#8220; _builder_version=&#8220;4.16&#8243; _module_preset=&#8220;default&#8220; global_colors_info=&#8220;{}&#8220;]<\/p>\n<h3>\u00a0<\/h3>\n<h3>Zusammenfassung<\/h3>\n\n\t\t\t<div class='et-tabs-container et_sliderfx_fade et_sliderauto_false et_sliderauto_speed_5000 et_slidertype_top_tabs'>\n\t\t\t\t<ul class='et-tabs-control'>\n\t\t\t<li><a href='#'>\n\t\t\tBewertung Medizin-ExpertIn\n\t\t<\/a><\/li> \n\t\t<li><a href='#'>\n\t\t\tBewertung StudentInnen-Teams\n\t\t<\/a><\/li>\n\t\t<\/ul> \n\t\t<div class='et-tabs-content'>\n\t\t\t<div class='et-tabs-content-main-wrap'>\n\t\t\t\t<div class='et-tabs-content-wrapper'>\n\t\t\t\t\t<div class='et_slidecontent'>\n\t\t\tDer Artikel wird rundum als gelungen bewertet, auch die Aussagekraft erscheint hinreichend erl\u00e4utert. LeserInnen bekommen zu allen Kriterien ausreichende Informationen. Erst nachdem der Nutzen und die Risiken dargelegt worden seien, seien die ethischen Fragen aufgegriffen und erkl\u00e4rt worden. Es werde u.a. auf die Problematik eingegangen, dass durch die vermehrte Nutzung der Bluttests auch vermehrt Abtreibungen durchgef\u00fchrt werden k\u00f6nnten, und eine bereits getroffene Entscheidung f\u00fcr das Kind infrage gestellt werden k\u00f6nnte. Der Artikel sei gut strukturiert und sehr gut verst\u00e4ndlich. (Bewertung: 5 Sterne)\n\t\t<\/div> \n\t\t<div class='et_slidecontent'>\n\t\t\tDie drei Studententeams bewerten den Artikel ebenfalls als gelungen. Lediglich bei \u201eRisiken und Nebenwirkungen\u201c fand ein Team, dass der Aspekt der \u201eethischen und sozialen \u201aRisiken\u2018\u201c nicht hinreichend angesprochen wurde. Ein zweites Team kritisierte, dass die Herkunft der angesprochenen Studie nicht n\u00e4her beschrieben ist, wodurch m\u00f6gliche Interessenkonflikte nicht zu \u00fcberpr\u00fcfen seien. (Einzelwertungen der Teams: 5 Sterne, 5 Sterne, 4 Sterne)\n\t\t<\/div>\n\t\t\t\t<\/div>\n\t\t\t<\/div>\n\t\t<\/div>\n\t\t\t<\/div>\n<p>&nbsp;<\/p>\n<p>[\/et_pb_text][\/et_pb_column][\/et_pb_row][\/et_pb_section][et_pb_section fb_built=&#8220;1&#8243; admin_label=&#8220;Bewertungen Legende &#8220; _builder_version=&#8220;4.16&#8243; _module_preset=&#8220;default&#8220; custom_padding=&#8220;4px||5px|||&#8220; da_disable_devices=&#8220;off|off|off&#8220; global_module=&#8220;323&#8243; saved_tabs=&#8220;all&#8220; collapsed=&#8220;off&#8220; global_colors_info=&#8220;{}&#8220; da_is_popup=&#8220;off&#8220; da_exit_intent=&#8220;off&#8220; da_has_close=&#8220;on&#8220; da_alt_close=&#8220;off&#8220; da_dark_close=&#8220;off&#8220; da_not_modal=&#8220;on&#8220; da_is_singular=&#8220;off&#8220; da_with_loader=&#8220;off&#8220; da_has_shadow=&#8220;on&#8220;][et_pb_row column_structure=&#8220;1_3,1_3,1_3&#8243; _builder_version=&#8220;4.16&#8243; _module_preset=&#8220;default&#8220; custom_padding=&#8220;||6px|||&#8220; global_colors_info=&#8220;{}&#8220;][et_pb_column type=&#8220;1_3&#8243; _builder_version=&#8220;4.16&#8243; _module_preset=&#8220;default&#8220; global_colors_info=&#8220;{}&#8220;][et_pb_blurb title=&#8220;Kriterium erf\u00fcllt &#8220; use_icon=&#8220;on&#8220; font_icon=&#8220;&#xe052;||divi||400&#8243; icon_color=&#8220;#7AAE30&#8243; icon_placement=&#8220;left&#8220; _builder_version=&#8220;4.16&#8243; _module_preset=&#8220;default&#8220; header_text_color=&#8220;#444444&#8243; header_font_size=&#8220;16px&#8220; header_line_height=&#8220;2em&#8220; custom_margin=&#8220;|0px|0px||false|false&#8220; custom_padding=&#8220;0px|0px|0px||false|false&#8220; global_colors_info=&#8220;{}&#8220;][\/et_pb_blurb][\/et_pb_column][et_pb_column type=&#8220;1_3&#8243; _builder_version=&#8220;4.16&#8243; _module_preset=&#8220;default&#8220; global_colors_info=&#8220;{}&#8220;][et_pb_blurb title=&#8220;Kriterium nicht erf\u00fcllt&#8220; use_icon=&#8220;on&#8220; font_icon=&#8220;&#xe051;||divi||400&#8243; icon_color=&#8220;#E02B20&#8243; icon_placement=&#8220;left&#8220; _builder_version=&#8220;4.16&#8243; _module_preset=&#8220;default&#8220; header_text_color=&#8220;#444444&#8243; header_font_size=&#8220;16px&#8220; header_line_height=&#8220;2em&#8220; custom_margin=&#8220;||0px|0px|false|false&#8220; custom_padding=&#8220;0px||0px|0px|false|false&#8220; global_colors_info=&#8220;{}&#8220;][\/et_pb_blurb][\/et_pb_column][et_pb_column type=&#8220;1_3&#8243; _builder_version=&#8220;4.16&#8243; _module_preset=&#8220;default&#8220; global_colors_info=&#8220;{}&#8220;][et_pb_blurb title=&#8220;Kriterium nicht anwendbar&#8220; use_icon=&#8220;on&#8220; font_icon=&#8220;&#xe055;||divi||400&#8243; icon_color=&#8220;rgba(68,68,68,0.68)&#8220; icon_placement=&#8220;left&#8220; _builder_version=&#8220;4.16&#8243; _module_preset=&#8220;default&#8220; header_text_color=&#8220;#444444&#8243; header_font_size=&#8220;16px&#8220; header_line_height=&#8220;2em&#8220; custom_margin=&#8220;||0px|0px|false|false&#8220; custom_padding=&#8220;0px||0px||false|false&#8220; global_colors_info=&#8220;{}&#8220;][\/et_pb_blurb][\/et_pb_column][\/et_pb_row][\/et_pb_section][et_pb_section fb_built=&#8220;1&#8243; admin_label=&#8220;Schreiben Sie uns&#8220; _builder_version=&#8220;4.16&#8243; _module_preset=&#8220;default&#8220; custom_margin=&#8220;||0px||false|false&#8220; custom_padding=&#8220;5px||0px||false|false&#8220; da_disable_devices=&#8220;off|off|off&#8220; global_module=&#8220;1074&#8243; saved_tabs=&#8220;all&#8220; global_colors_info=&#8220;{}&#8220; da_is_popup=&#8220;off&#8220; da_exit_intent=&#8220;off&#8220; da_has_close=&#8220;on&#8220; da_alt_close=&#8220;off&#8220; da_dark_close=&#8220;off&#8220; da_not_modal=&#8220;on&#8220; da_is_singular=&#8220;off&#8220; da_with_loader=&#8220;off&#8220; da_has_shadow=&#8220;on&#8220;][et_pb_row _builder_version=&#8220;4.16&#8243; _module_preset=&#8220;default&#8220; custom_padding=&#8220;7px||25px||false|false&#8220; global_colors_info=&#8220;{}&#8220;][et_pb_column type=&#8220;4_4&#8243; _builder_version=&#8220;4.16&#8243; _module_preset=&#8220;default&#8220; global_colors_info=&#8220;{}&#8220;][et_pb_button button_url=&#8220;mailto:marcus.anhaeuser@tu-dortmund.de?Subject=Beitrag%20MEDIATE&#8220; button_text=&#8220;Schreiben Sie uns&#8220; button_alignment=&#8220;left&#8220; _builder_version=&#8220;4.16&#8243; _module_preset=&#8220;default&#8220; global_colors_info=&#8220;{}&#8220;][\/et_pb_button][\/et_pb_column][\/et_pb_row][\/et_pb_section]<\/p>\n","protected":false},"excerpt":{"rendered":"<p>In einem ausf\u00fchrlichen und sachlichen Frage-Antwort-Format informiert dieser Artikel aus dem Mai 2017 in weiten Teilen sehr gut \u00fcber pr\u00e4natale Gentests auf Trisomie 21. Das fanden auch unsere Studenten-Teams und der Medizin-Experte. <\/p>\n","protected":false},"author":3,"featured_media":2685,"comment_status":"closed","ping_status":"open","sticky":false,"template":"","format":"standard","meta":{"_acf_changed":false,"_et_pb_use_builder":"on","_et_pb_old_content":"","_et_gb_content_width":"","footnotes":""},"categories":[61],"tags":[],"class_list":["post-2722","post","type-post","status-publish","format-standard","has-post-thumbnail","hentry","category-nuernberger-nachrichten"],"acf":[],"_links":{"self":[{"href":"https:\/\/medien-doktor.de\/mediate\/wp-json\/wp\/v2\/posts\/2722","targetHints":{"allow":["GET"]}}],"collection":[{"href":"https:\/\/medien-doktor.de\/mediate\/wp-json\/wp\/v2\/posts"}],"about":[{"href":"https:\/\/medien-doktor.de\/mediate\/wp-json\/wp\/v2\/types\/post"}],"author":[{"embeddable":true,"href":"https:\/\/medien-doktor.de\/mediate\/wp-json\/wp\/v2\/users\/3"}],"replies":[{"embeddable":true,"href":"https:\/\/medien-doktor.de\/mediate\/wp-json\/wp\/v2\/comments?post=2722"}],"version-history":[{"count":14,"href":"https:\/\/medien-doktor.de\/mediate\/wp-json\/wp\/v2\/posts\/2722\/revisions"}],"predecessor-version":[{"id":2902,"href":"https:\/\/medien-doktor.de\/mediate\/wp-json\/wp\/v2\/posts\/2722\/revisions\/2902"}],"wp:featuredmedia":[{"embeddable":true,"href":"https:\/\/medien-doktor.de\/mediate\/wp-json\/wp\/v2\/media\/2685"}],"wp:attachment":[{"href":"https:\/\/medien-doktor.de\/mediate\/wp-json\/wp\/v2\/media?parent=2722"}],"wp:term":[{"taxonomy":"category","embeddable":true,"href":"https:\/\/medien-doktor.de\/mediate\/wp-json\/wp\/v2\/categories?post=2722"},{"taxonomy":"post_tag","embeddable":true,"href":"https:\/\/medien-doktor.de\/mediate\/wp-json\/wp\/v2\/tags?post=2722"}],"curies":[{"name":"wp","href":"https:\/\/api.w.org\/{rel}","templated":true}]}}