{"id":2663,"date":"2019-08-28T18:09:02","date_gmt":"2019-08-28T16:09:02","guid":{"rendered":"https:\/\/medien-doktor.de\/mediate\/?p=2663"},"modified":"2021-10-08T14:07:48","modified_gmt":"2021-10-08T12:07:48","slug":"hauptsache-baby","status":"publish","type":"post","link":"https:\/\/medien-doktor.de\/mediate\/2019\/08\/hauptsache-baby\/","title":{"rendered":"\u201eHauptsache Baby\u201c"},"content":{"rendered":"<p>[et_pb_section fb_built=&#8220;1&#8243; admin_label=&#8220;Sektion&#8220; _builder_version=&#8220;4.9.10&#8243; _module_preset=&#8220;default&#8220; background_color=&#8220;#f4f4f4&#8243; custom_margin=&#8220;0px||0px||false|false&#8220; custom_padding=&#8220;0px||0px||false|false&#8220; da_disable_devices=&#8220;off|off|off&#8220; global_colors_info=&#8220;{}&#8220; da_is_popup=&#8220;off&#8220; da_exit_intent=&#8220;off&#8220; da_has_close=&#8220;on&#8220; da_alt_close=&#8220;off&#8220; da_dark_close=&#8220;off&#8220; da_not_modal=&#8220;on&#8220; da_is_singular=&#8220;off&#8220; da_with_loader=&#8220;off&#8220; da_has_shadow=&#8220;on&#8220;][et_pb_row column_structure=&#8220;2_3,1_3&#8243; admin_label=&#8220;Medium und Link&#8220; _builder_version=&#8220;4.9.10&#8243; _module_preset=&#8220;default&#8220; background_color=&#8220;RGBA(0,0,0,0)&#8220; width=&#8220;100%&#8220; custom_margin=&#8220;0px|0px|0px|0px|false|false&#8220; custom_padding=&#8220;15px|15px|15px|15px|false|false&#8220; global_colors_info=&#8220;{}&#8220;][et_pb_column type=&#8220;2_3&#8243; _builder_version=&#8220;4.9.4&#8243; _module_preset=&#8220;default&#8220; global_colors_info=&#8220;{}&#8220;][et_pb_text admin_label=&#8220;Datum&#8220; _builder_version=&#8220;4.9.10&#8243; _dynamic_attributes=&#8220;content&#8220; _module_preset=&#8220;default&#8220; custom_margin=&#8220;0px||0px||false|false&#8220; custom_padding=&#8220;0px||0px||false|false&#8220; global_module=&#8220;320&#8243; saved_tabs=&#8220;all&#8220; global_colors_info=&#8220;{}&#8220;]@ET-DC@eyJkeW5hbWljIjp0cnVlLCJjb250ZW50IjoicG9zdF9kYXRlIiwic2V0dGluZ3MiOnsiYmVmb3JlIjoiQmV3ZXJ0ZXQgYW0gIiwiYWZ0ZXIiOiIiLCJkYXRlX2Zvcm1hdCI6ImRlZmF1bHQiLCJjdXN0b21fZGF0ZV9mb3JtYXQiOiIifX0=@[\/et_pb_text][et_pb_text admin_label=&#8220;Medium&#8220; _builder_version=&#8220;4.9.10&#8243; _dynamic_attributes=&#8220;content&#8220; _module_preset=&#8220;default&#8220; custom_margin=&#8220;0px||0px||false|false&#8220; custom_padding=&#8220;0px||0px||false|false&#8220; global_module=&#8220;318&#8243; saved_tabs=&#8220;all&#8220; global_colors_info=&#8220;{}&#8220;]@ET-DC@eyJkeW5hbWljIjp0cnVlLCJjb250ZW50IjoicG9zdF9jYXRlZ29yaWVzIiwic2V0dGluZ3MiOnsiYmVmb3JlIjoiVmVyXHUwMGY2ZmZlbnRsaWNodCB2b246ICIsImFmdGVyIjoiIiwibGlua190b190ZXJtX3BhZ2UiOiJvZmYiLCJzZXBhcmF0b3IiOiIgfCAiLCJjYXRlZ29yeV90eXBlIjoiY2F0ZWdvcnkifX0=@[\/et_pb_text][\/et_pb_column][et_pb_column type=&#8220;1_3&#8243; _builder_version=&#8220;4.9.4&#8243; _module_preset=&#8220;default&#8220; global_colors_info=&#8220;{}&#8220;][et_pb_button button_url=&#8220;https:\/\/www.faz.net\/aktuell\/rhein-main\/nicht-jeder-will-vorhersage-in-der-schwangerschaft-14931928.html&#8220; button_text=&#8220;zum Originalartikel&#8220; button_alignment=&#8220;right&#8220; admin_label=&#8220;Link Original&#8220; _builder_version=&#8220;4.11.1&#8243; _module_preset=&#8220;default&#8220; custom_margin=&#8220;0px||||false|false&#8220; custom_margin_tablet=&#8220;&#8220; custom_margin_phone=&#8220;-14px||||false|false&#8220; custom_margin_last_edited=&#8220;on|desktop&#8220; custom_padding=&#8220;0px||||false|false&#8220; global_colors_info=&#8220;{}&#8220;][\/et_pb_button][\/et_pb_column][\/et_pb_row][\/et_pb_section][et_pb_section fb_built=&#8220;1&#8243; admin_label=&#8220;Sektion&#8220; _builder_version=&#8220;4.9.4&#8243; _module_preset=&#8220;default&#8220; custom_margin=&#8220;10px||10px||false|false&#8220; custom_padding=&#8220;10px||10px||false|false&#8220; da_disable_devices=&#8220;off|off|off&#8220; global_colors_info=&#8220;{}&#8220; da_is_popup=&#8220;off&#8220; da_exit_intent=&#8220;off&#8220; da_has_close=&#8220;on&#8220; da_alt_close=&#8220;off&#8220; da_dark_close=&#8220;off&#8220; da_not_modal=&#8220;on&#8220; da_is_singular=&#8220;off&#8220; da_with_loader=&#8220;off&#8220; da_has_shadow=&#8220;on&#8220;][et_pb_row admin_label=&#8220;Einleitung&#8220; _builder_version=&#8220;4.9.4&#8243; _module_preset=&#8220;default&#8220; custom_margin=&#8220;0px||0px||false|false&#8220; custom_padding=&#8220;0px||0px||false|false&#8220; global_colors_info=&#8220;{}&#8220;][et_pb_column type=&#8220;4_4&#8243; _builder_version=&#8220;4.9.4&#8243; _module_preset=&#8220;default&#8220; global_colors_info=&#8220;{}&#8220;][et_pb_text _builder_version=&#8220;4.11.1&#8243; _module_preset=&#8220;default&#8220; hover_enabled=&#8220;0&#8243; global_colors_info=&#8220;{}&#8220; sticky_enabled=&#8220;0&#8243;]<\/p>\n<p>Ein ausf\u00fchrlicher Artikel der F.A.Z. beleuchtet die Sorgen und Erwartungen verschiedener Paare, die sie mit der Pr\u00e4nataldiagnostik verbinden. Ethische Aspekte und die Beweggr\u00fcnde der Paare verdeutlicht der Text gut, einige wichtige konkrete Aspekte zum Praena-Test kommen indes zu kurz.<\/p>\n<p>[\/et_pb_text][\/et_pb_column][\/et_pb_row][\/et_pb_section][et_pb_section fb_built=&#8220;1&#8243; admin_label=&#8220;Sektion&#8220; _builder_version=&#8220;4.9.10&#8243; _module_preset=&#8220;default&#8220; background_color=&#8220;#f4f4f4&#8243; custom_margin=&#8220;0px||0px||false|false&#8220; custom_padding=&#8220;0px||0px||false|false&#8220; da_disable_devices=&#8220;off|off|off&#8220; global_colors_info=&#8220;{}&#8220; da_is_popup=&#8220;off&#8220; da_exit_intent=&#8220;off&#8220; da_has_close=&#8220;on&#8220; da_alt_close=&#8220;off&#8220; da_dark_close=&#8220;off&#8220; da_not_modal=&#8220;on&#8220; da_is_singular=&#8220;off&#8220; da_with_loader=&#8220;off&#8220; da_has_shadow=&#8220;on&#8220;][et_pb_row admin_label=&#8220;Zusammenfassung&#8220; _builder_version=&#8220;4.9.4&#8243; _module_preset=&#8220;default&#8220; background_color=&#8220;RGBA(0,0,0,0)&#8220; width=&#8220;100%&#8220; custom_margin=&#8220;0px|0px|0px|0px|false|false&#8220; custom_padding=&#8220;15px|15px|15px|15px|false|false&#8220; global_colors_info=&#8220;{}&#8220;][et_pb_column type=&#8220;4_4&#8243; _builder_version=&#8220;4.9.4&#8243; _module_preset=&#8220;default&#8220; global_colors_info=&#8220;{}&#8220;][et_pb_text admin_label=&#8220;Headline und Zusammenfassung&#8220; _builder_version=&#8220;4.11.1&#8243; _module_preset=&#8220;default&#8220; custom_margin=&#8220;||2px|||&#8220; saved_tabs=&#8220;all&#8220; global_colors_info=&#8220;{}&#8220;]<\/p>\n<h3>Zusammenfassung<\/h3>\n<p>Der lange Artikel in der Frankfurter Allgemeinen Zeitung aus dem M\u00e4rz 2017 schildert die Auseinandersetzungen verschiedener Paare mit dem Thema Schwangerschaft, Geburt und Pr\u00e4nataldiagnostik. Dabei wird mehrfach auf den Praena-Test verwiesen. Die Aussagekraft des Tests wird dabei nur unvollst\u00e4ndig wiedergegeben, auch das Thema Risiken und Nebenwirkungen finden wir nicht hinreichend abgehandelt. Es kommen neben verschiedenen Paaren, mehrere Experten zu Wort. Wie alt oder neu der Praena-Test ist, wird nicht erkl\u00e4rt, daf\u00fcr gibt es hinreichende Informationen zur Verf\u00fcgbarkeit, m\u00f6glichen Alternativen und zu den Kosten. Trisomie 21 wird nicht \u00fcbertrieben dargestellt. Der ausf\u00fchrliche Artikel stellt gut die Situationen und Begr\u00fcndungen der Paare dar, nutzt den Platz f\u00fcr den Text aber zu wenig f\u00fcr konkrete Informationen zum Praena-Test, auch weil stattdessen zu Beginn auf eine Debatte um das Geschlecht des F\u00f6tus\u2018 verwiesen wird, was nur indirekt mit dem Test zu tun hat.<\/p>\n<h4>Medizin-ExpertIn<\/h4>\n<p>Ein interessanter Artikel, dem es bei einigen Aspekten an konkreten Angaben mangelt. &#8230; <a href=\"#zusammenfassung\">Mehr<\/a><\/p>\n<h4>StudentInnen-Teams<\/h4>\n<p>Etwas unstrukturiert beleuchtet der Text gut die ethischen Aspekte, l\u00e4sst indes wichtige konkrete Angaben vermissen. &#8230; <a href=\"#zusammenfassung\">Mehr<\/a><\/p>\n<p>[\/et_pb_text][dipl_star_rating rating=&#8220;@ET-DC@eyJkeW5hbWljIjp0cnVlLCJjb250ZW50IjoiY3VzdG9tX21ldGFfc3Rlcm5lIiwic2V0dGluZ3MiOnsiYmVmb3JlIjoiIiwiYWZ0ZXIiOiIiLCJlbmFibGVfaHRtbCI6Im9mZiJ9fQ==@&#8220; rating_out_of=&#8220;5&#8243; rating_position=&#8220;after_title&#8220; show_rating_number=&#8220;off&#8220; star_font_size=&#8220;35px&#8220; empty_star_color=&#8220;#969696&#8243; _builder_version=&#8220;4.9.11&#8243; _dynamic_attributes=&#8220;rating&#8220; _module_preset=&#8220;default&#8220; text_orientation=&#8220;left&#8220; custom_margin=&#8220;10px||0px||false|false&#8220; custom_padding=&#8220;10px||0px||false|false&#8220; global_module=&#8220;321&#8243; saved_tabs=&#8220;all&#8220; global_colors_info=&#8220;{}&#8220;][\/dipl_star_rating][\/et_pb_column][\/et_pb_row][\/et_pb_section][et_pb_section fb_built=&#8220;1&#8243; _builder_version=&#8220;4.9.4&#8243; _module_preset=&#8220;default&#8220; custom_margin=&#8220;0px||||false|false&#8220; custom_padding=&#8220;0px||5px||false|false&#8220; da_disable_devices=&#8220;off|off|off&#8220; global_colors_info=&#8220;{}&#8220; da_is_popup=&#8220;off&#8220; da_exit_intent=&#8220;off&#8220; da_has_close=&#8220;on&#8220; da_alt_close=&#8220;off&#8220; da_dark_close=&#8220;off&#8220; da_not_modal=&#8220;on&#8220; da_is_singular=&#8220;off&#8220; da_with_loader=&#8220;off&#8220; da_has_shadow=&#8220;on&#8220;][et_pb_row admin_label=&#8220;Bewertungen&#8220; _builder_version=&#8220;4.9.10&#8243; _module_preset=&#8220;default&#8220; custom_margin=&#8220;||0px||false|false&#8220; custom_padding=&#8220;||0px||false|false&#8220; global_colors_info=&#8220;{}&#8220;][et_pb_column type=&#8220;4_4&#8243; _builder_version=&#8220;4.9.4&#8243; _module_preset=&#8220;default&#8220; global_colors_info=&#8220;{}&#8220;][et_pb_text admin_label=&#8220;Headline Medizinjournalistische Kriterien&#8220; _builder_version=&#8220;4.11.1&#8243; _module_preset=&#8220;default&#8220; text_text_color=&#8220;#FFFFFF&#8220; background_color=&#8220;RGBA(0,0,0,0)&#8220; custom_margin=&#8220;5px||5px||false|false&#8220; saved_tabs=&#8220;all&#8220; global_colors_info=&#8220;{}&#8220;]<\/p>\n<h2>Medizinjournalistische Kriterien<\/h2>\n<p>[\/et_pb_text][et_pb_blurb title=&#8220;1. Die Aussagekraft und der Nutzen des Tests sind ausreichend und verst\u00e4ndlich dargestellt.&#8220; use_icon=&#8220;on&#8220; font_icon=&#8220;%%201%%&#8220; icon_color=&#8220;#E02B20&#8243; icon_placement=&#8220;left&#8220; content_max_width=&#8220;100%&#8220; use_icon_font_size=&#8220;on&#8220; icon_font_size=&#8220;50px&#8220; admin_label=&#8220;1. Nutzen&#8220; _builder_version=&#8220;4.11.1&#8243; _module_preset=&#8220;default&#8220; header_font_size=&#8220;18px&#8220; custom_margin=&#8220;||35px||false|false&#8220; custom_padding=&#8220;||||false|false&#8220; global_colors_info=&#8220;{}&#8220;]<\/p>\n<p>In dem Text wird nicht hinreichend deutlich, welche Aussagekraft Praena-Test eigentlich hat. Zwar wird richtig beschrieben: \u201e(\u2026) die Entdeckungsraten f\u00fcr das Down-Syndrom durch den Test l\u00e4gen bei mehr als 99 Prozent (\u2026)\u201c Dieser Wert gibt indes nur die Sensitivit\u00e4t an, also die F\u00e4higkeit des Tests, Betroffen auch als Betroffene zu erkennen. Es fehlt die Angabe, wie gut der Test Nicht-Betroffene tats\u00e4chlich auch als \u201eNicht-Betroffene\u201c zu erkennen (die Spezifit\u00e4t).<br \/>Zudem erweckt der Artikel den Eindruck, diese hohe Quote gelte auch f\u00fcr die Erkennung weiterer Trisomien: \u201e (\u2026), der die Trisomien 13, 18 und 21 fast immer erkennt.\u201c Das <a href=\"https:\/\/web.archive.org\/web\/20210225000426\/https:\/\/www.iqwig.de\/de\/projekte-ergebnisse\/projekte-301\/nichtmedikamentoese-verfahren\/s-projekte\/s16-06-nicht-invasive-praenataldiagnostik-zur-bestimmung-des-risikos-autosomaler-trisomien-13-18-und-21-bei-risikoschwangerschaften.7776.html\">IQWiG schreibt aber<\/a> etwa dazu: \u201eF\u00fcr die Erkennung der Trisomien 13 und 18 konnten jeweils die Sensitivit\u00e4t und Spezifit\u00e4t nicht robust gesch\u00e4tzt werden, liegen in der Sensitivit\u00e4t aber vermutlich niedriger.\u201c<br \/>Der Nutzen wird nur implizit erw\u00e4hnt, ebenso die spezielle Situation bei der Pr\u00e4nataldiagnostik: W\u00e4hrend im Ultraschall prim\u00e4r Fehlbildungen entdeckt werden sollen, die dann operiert werden k\u00f6nnen (Nutzen f\u00fcr das Kind), kann die \u201etherapeutische\u201c Konsequenz eines positiven Praena-Tests eine Abtreibung sein (Nutzen f\u00fcr die Eltern, Schaden f\u00fcr das Kind). Im Text wird eher die moralische Abw\u00e4gung thematisiert, die mit Abtreibung vs. Leben mit behindertem Kind einhergeht.<\/p>\n<p>[\/et_pb_blurb][et_pb_blurb title=&#8220;2. RISIKEN und Nebenwirkungen werden angemessen ber\u00fccksichtigt.&#8220; use_icon=&#8220;on&#8220; font_icon=&#8220;%%201%%&#8220; icon_color=&#8220;#E02B20&#8243; icon_placement=&#8220;left&#8220; content_max_width=&#8220;100%&#8220; use_icon_font_size=&#8220;on&#8220; icon_font_size=&#8220;50px&#8220; admin_label=&#8220;2. Risiken&#8220; _builder_version=&#8220;4.11.1&#8243; _module_preset=&#8220;default&#8220; header_font_size=&#8220;18px&#8220; custom_margin=&#8220;||35px||false|false&#8220; custom_padding=&#8220;||||false|false&#8220; global_colors_info=&#8220;{}&#8220;]<\/p>\n<p>Es wird nur allgemein deutlich, dass die Diagnose mit Unsicherheiten behaftet sind. An direkten Sch\u00e4den wird bei der Fruchtwasseruntersuchung das \u201egeringe Fehlgeburtsrisiko\u201c erw\u00e4hnt, ansonsten wird davon ausgegangen, dass die Tests die richtige Diagnose stellen. Es fehlt jede \u00dcberlegung, zu welchen Sch\u00e4den f\u00fcr Eltern und Kind es kommen kann, wenn etwa aufgrund einer falsch-positiven Diagnose abgetrieben wird, oder wenn aufgrund eines falsch-negativen Ergebnisses nicht abgetrieben oder eingegriffen wird.<br \/>Positiv ist: Der Test erkl\u00e4rt, dass auf einen (positiven) pr\u00e4natalen DNA-Test eine Fruchtwasseruntersuchung erfolgt, die mit einem erh\u00f6hten Risiko auf Fehlgeburten einhergeht. Wir werten daher alles in allem nur knapp \u201enicht erf\u00fcllt\u201c.<\/p>\n<p>[\/et_pb_blurb][et_pb_blurb title=&#8220;3. Die Qualit\u00e4t der Evidenz (STUDIEN etc.) wird richtig eingeordnet.&#8220; use_icon=&#8220;on&#8220; font_icon=&#8220;%%201%%&#8220; icon_color=&#8220;#E02B20&#8243; icon_placement=&#8220;left&#8220; content_max_width=&#8220;100%&#8220; use_icon_font_size=&#8220;on&#8220; icon_font_size=&#8220;50px&#8220; admin_label=&#8220;3. Belege&#8220; _builder_version=&#8220;4.11.1&#8243; _module_preset=&#8220;default&#8220; header_font_size=&#8220;18px&#8220; custom_margin=&#8220;||35px||false|false&#8220; custom_padding=&#8220;||||false|false&#8220; global_colors_info=&#8220;{}&#8220;]<\/p>\n<p>Wie gut der Praena-Test (oder auch andere Verfahren) in Studien untersucht wurden, wie gut also die Aussagen zur Aussagekraft und zu Nutzen und Risiken der Tests belegt sind, erfahren Leser nicht.<\/p>\n<p>[\/et_pb_blurb][et_pb_blurb title=&#8220;4. Es werden weitere EXPERTEN\/Quellen zitiert und es wird auf INTERESSENSKONFLIKTE hingewiesen.&#8220; use_icon=&#8220;on&#8220; font_icon=&#8220;%%202%%&#8220; icon_color=&#8220;#7AAE30&#8243; icon_placement=&#8220;left&#8220; content_max_width=&#8220;100%&#8220; use_icon_font_size=&#8220;on&#8220; icon_font_size=&#8220;50px&#8220; admin_label=&#8220;4. Experten&#8220; _builder_version=&#8220;4.11.1&#8243; _module_preset=&#8220;default&#8220; header_font_size=&#8220;18px&#8220; custom_margin=&#8220;||35px||false|false&#8220; global_colors_info=&#8220;{}&#8220;]<\/p>\n<p>Es werden verschiedene Experten zitiert (Leiter der Pr\u00e4nataldiagnostik einer Universit\u00e4tsklinik, der stellvertretende Verbandsvorsitzende der Frauen\u00e4rzte), die auch etwas zur diagnostischen G\u00fcte sagen.<\/p>\n<p>[\/et_pb_blurb][et_pb_blurb title=&#8220;5. Der Beitrag geht \u00fcber die PRESSEMITTEILUNG hinaus.&#8220; use_icon=&#8220;on&#8220; font_icon=&#8220;%%202%%&#8220; icon_color=&#8220;#7AAE30&#8243; icon_placement=&#8220;left&#8220; content_max_width=&#8220;100%&#8220; use_icon_font_size=&#8220;on&#8220; icon_font_size=&#8220;50px&#8220; admin_label=&#8220;5. Mehr als PM&#8220; _builder_version=&#8220;4.11.1&#8243; _module_preset=&#8220;default&#8220; header_font_size=&#8220;18px&#8220; custom_margin=&#8220;||35px||false|false&#8220; global_colors_info=&#8220;{}&#8220;]<\/p>\n<p>Wir haben dazu keine Pressemitteilung gefunden, haben aber ausreichend Hinweise daf\u00fcr, dass eine Pressemittelung nicht die einzige Quelle war.<\/p>\n<p>[\/et_pb_blurb][et_pb_blurb title=&#8220;6. Der Beitrag macht klar, wie NEU der Ansatz\/der Test wirklich ist.&#8220; use_icon=&#8220;on&#8220; font_icon=&#8220;%%201%%&#8220; icon_color=&#8220;#E02B20&#8243; icon_placement=&#8220;left&#8220; content_max_width=&#8220;100%&#8220; use_icon_font_size=&#8220;on&#8220; icon_font_size=&#8220;50px&#8220; admin_label=&#8220;6. Neuheit&#8220; _builder_version=&#8220;4.11.1&#8243; _module_preset=&#8220;default&#8220; header_font_size=&#8220;18px&#8220; custom_margin=&#8220;||35px||false|false&#8220; custom_padding=&#8220;||||false|false&#8220; global_colors_info=&#8220;{}&#8220;]<\/p>\n<p>Wie alt oder neu der Praena-Test ist, wird nicht recht klar.<\/p>\n<p>[\/et_pb_blurb][et_pb_blurb title=&#8220;  7. Es werden ALTERNATIVE Tests vorgestellt.&#8220; use_icon=&#8220;on&#8220; font_icon=&#8220;%%202%%&#8220; icon_color=&#8220;#7AAE30&#8243; icon_placement=&#8220;left&#8220; content_max_width=&#8220;100%&#8220; use_icon_font_size=&#8220;on&#8220; icon_font_size=&#8220;50px&#8220; admin_label=&#8220;7. Alternativen&#8220; _builder_version=&#8220;4.11.1&#8243; _module_preset=&#8220;default&#8220; header_font_size=&#8220;18px&#8220; custom_margin=&#8220;||35px||false|false&#8220; global_colors_info=&#8220;{}&#8220;]<\/p>\n<p>Es werden zwei wesentliche Alternativen genannt: das Ersttrimesterscreening und die Fruchtwasseruntersuchung, allerdings nicht die Chorionzottenbiopsie. Es werden auch Vor- und Nachteile erw\u00e4hnt.<\/p>\n<p>[\/et_pb_blurb][et_pb_blurb title=&#8220;8. Es wird klar, ob oder wann ein Test VERF\u00dcGBAR ist.&#8220; use_icon=&#8220;on&#8220; font_icon=&#8220;%%202%%&#8220; icon_color=&#8220;#7AAE30&#8243; icon_placement=&#8220;left&#8220; content_max_width=&#8220;100%&#8220; use_icon_font_size=&#8220;on&#8220; icon_font_size=&#8220;50px&#8220; admin_label=&#8220;8. Verf\u00fcgbarkeit&#8220; _builder_version=&#8220;4.11.1&#8243; _module_preset=&#8220;default&#8220; header_font_size=&#8220;18px&#8220; custom_margin=&#8220;||35px||false|false&#8220; global_colors_info=&#8220;{}&#8220;]<\/p>\n<p>Der Text macht deutlich, dass pr\u00e4natale Bluttests und auch die anderen Verfahren z.B. \u00fcber die Frauenarztpraxis verf\u00fcgbar sind.<\/p>\n<p>[\/et_pb_blurb][et_pb_blurb title=&#8220;9. Der Beitrag geht (angemessen) auf die KOSTEN ein.&#8220; use_icon=&#8220;on&#8220; font_icon=&#8220;%%202%%&#8220; icon_color=&#8220;#7AAE30&#8243; icon_placement=&#8220;left&#8220; content_max_width=&#8220;100%&#8220; use_icon_font_size=&#8220;on&#8220; icon_font_size=&#8220;50px&#8220; admin_label=&#8220;9. Kosten&#8220; _builder_version=&#8220;4.11.1&#8243; _module_preset=&#8220;default&#8220; header_font_size=&#8220;18px&#8220; custom_margin=&#8220;||35px||false|false&#8220; global_colors_info=&#8220;{}&#8220;]<\/p>\n<p>Der Artikel benennt \u201emehrere hundert Euro aus der eigenen Tasche f\u00fcr den oben erw\u00e4hnten Bluttest\u201c. Das reicht insofern aus, da der Test tats\u00e4chlich nicht zum Festpreis angeboten wird, sondern einer Spanne unterliegt. Deutlich wird auch, dass diese Kosten selbst zu tragen sind, und dass zum Zeitpunkt des Artikels (M\u00e4rz 2017) untersucht wurde, ob die Kosten von Krankenkassen \u00fcbernommen werden sollten. Dass es auch zum Zeitpunkt des Artikels schon Krankenkassen gab, die die Kosten \u00fcbernahmen, erfahren Leser nicht.<br \/>Zu anderen Pr\u00e4natalverfahren hei\u00dft es: \u201eDie regul\u00e4ren, von der Krankenkasse bezahlten Ultraschalluntersuchungen hat die 33 Jahre alte Schauspielerin in Anspruch genommen, das sogenannte Ersttrimester-Screening im ersten Drittel der Schwangerschaft nicht. Das Screening ist eine individuelle Gesundheitsleistung, f\u00fcr die Patienten selbst zahlen m\u00fcssen.\u201c<br \/>Positiv ist auch zu werten, dass die Situation derjenigen ber\u00fccksichtigt wird, die sich den Test nicht leisten k\u00f6nnen: \u201eWas ist mit denen, die vielleicht einen Test nicht machen lassen, weil sie ihn nicht bezahlen k\u00f6nnen?\u201c<\/p>\n<p>[\/et_pb_blurb][et_pb_blurb title=&#8220;  10. Der Beitrag vermeidet Krankheits\u00fcbertreibungen\/-erfindungen (DISEASE MONGERING).&#8220; use_icon=&#8220;on&#8220; font_icon=&#8220;%%202%%&#8220; icon_color=&#8220;#7AAE30&#8243; icon_placement=&#8220;left&#8220; content_max_width=&#8220;100%&#8220; use_icon_font_size=&#8220;on&#8220; icon_font_size=&#8220;50px&#8220; admin_label=&#8220;10. Krankheitserfindungen&#8220; _builder_version=&#8220;4.11.1&#8243; _module_preset=&#8220;default&#8220; header_font_size=&#8220;18px&#8220; custom_margin=&#8220;||35px||false|false&#8220; global_colors_info=&#8220;{}&#8220;]<\/p>\n<p>Das Leben mit einem behinderten Kind oder die Folgen einer Fehlbildung werden nicht dramatisiert.<\/p>\n<p>[\/et_pb_blurb][et_pb_text admin_label=&#8220;Headline Allgemeinjournalistische Kriterien&#8220; _builder_version=&#8220;4.11.1&#8243; _module_preset=&#8220;default&#8220; text_text_color=&#8220;#FFFFFF&#8220; background_color=&#8220;RGBA(0,0,0,0)&#8220; custom_margin=&#8220;5px||5px||false|false&#8220; saved_tabs=&#8220;all&#8220; global_colors_info=&#8220;{}&#8220;]<\/p>\n<h2>Allgemeinjournalistische Kriterien<\/h2>\n<p>[\/et_pb_text][et_pb_blurb title=&#8220;1. Das THEMA ist aktuell, relevant oder ungew\u00f6hnlich.&#8220; use_icon=&#8220;on&#8220; font_icon=&#8220;%%202%%&#8220; icon_color=&#8220;#7AAE30&#8243; icon_placement=&#8220;left&#8220; content_max_width=&#8220;100%&#8220; use_icon_font_size=&#8220;on&#8220; icon_font_size=&#8220;50px&#8220; admin_label=&#8220;1. Themenauswahl&#8220; _builder_version=&#8220;4.11.1&#8243; _module_preset=&#8220;default&#8220; header_font_size=&#8220;18px&#8220; custom_margin=&#8220;||35px||false|false&#8220; global_colors_info=&#8220;{}&#8220;]<\/p>\n<p>Zumindest das schwebende Verfahren der Kosten\u00fcbernahme des Praena-Tests durch die Kassen verleiht dem Text eine gewisse Aktualit\u00e4t. Fast alle werdenden Eltern stehen vor den hier angeschnittenen Fragen, insofern ist der Text auch relevant.<\/p>\n<p>[\/et_pb_blurb][et_pb_blurb title=&#8220;2. Die journalistische Darstellung des Themas ist gelungen (VERST\u00c4NDLICHKEIT\/VERMITTLUNG).&#8220; use_icon=&#8220;on&#8220; font_icon=&#8220;%%201%%&#8220; icon_color=&#8220;#E02B20&#8243; icon_placement=&#8220;left&#8220; content_max_width=&#8220;100%&#8220; use_icon_font_size=&#8220;on&#8220; icon_font_size=&#8220;50px&#8220; admin_label=&#8220;2. Verst\u00e4ndlichkeit&#8220; _builder_version=&#8220;4.11.1&#8243; _module_preset=&#8220;default&#8220; header_font_size=&#8220;18px&#8220; custom_margin=&#8220;||35px||false|false&#8220; custom_padding=&#8220;||||false|false&#8220; global_colors_info=&#8220;{}&#8220;]<\/p>\n<p>Der Text f\u00fchrt den Leser zun\u00e4chst v\u00f6llig von der eigentlichen Thematik des Textes weg. Statt deutlich zu machen, dass der pr\u00e4natale Bluttest erstmals nur anhand einer Blutprobe der Mutter schon recht fr\u00fch in der Schwangerschaft Fehlbildungen des Ungeborenen nachweisen kann, wird \u00fcber einen \u201egef\u00fchlten\u201c Trend gegen das fr\u00fche Wissen um das Geschlecht des Kindes berichtet. Sogar von \u201em\u00f6glichst wenig in die nat\u00fcrliche Entwicklung des F\u00f6tus eingreifen\u201c und \u201edas Baby einfach wachsen lassen\u201c ist die Rede \u2013 als ob es um Eingriffe ginge, nicht die Diagnose. Positiv ist, wie die verschiedenen Motivationen, Hintergr\u00fcnde und Entscheidungen der verschiedenen Paare f\u00fcr oder gegen eine Pr\u00e4nataldiagnostik nachvollziehbar dargestellt werden.<br \/>Hinzu kommen auch verschiedene Stellen, die schwer verst\u00e4ndlich sind, etwa zum Ersttrimesterscreening: \u201eDabei wird m\u00fctterliches Blut abgenommen und gemessen, ob sich unter der Haut des F\u00f6tus im Nackenbereich viel Fl\u00fcssigkeit angesammelt hat. Unter anderem anhand der Nackenfalten-Transparenz, des Alters der Mutter und ihrer Blutwerte wird dann errechnet, ob statistisch ein erh\u00f6htes Risiko f\u00fcr eine Chromosomen-Abweichung besteht.\u201c Es bleibt auch unklar, dass die Nackenfalten-Transparenz eine Ultraschall-Diagnostik ist, die erg\u00e4nzend zur Blutuntersuchung bestimmter Schwangerschaftshormone, die bei trisomalen Embryonen ver\u00e4ndert sein k\u00f6nnen, stattfindet.<br \/>Handwerklich unzureichend sind auch Aussagen bzw. Zitate, bei denen nicht klar wird, ob es sich um belastbare Zahlen handelt, die verallgemeinerbar sind, oder nur um Sch\u00e4tzungen eines Arztes: \u201eKlaus K\u00f6nig sch\u00e4tzt, dass nur etwa zehn Prozent seiner Patientinnen keine Pr\u00e4nataldiagnostik in Anspruch n\u00e4hmen.\u201c<\/p>\n<p>[\/et_pb_blurb][et_pb_blurb title=&#8220;3. Die Fakten sind richtig dargestellt.&#8220; use_icon=&#8220;on&#8220; font_icon=&#8220;%%202%%&#8220; icon_color=&#8220;#7AAE30&#8243; icon_placement=&#8220;left&#8220; content_max_width=&#8220;100%&#8220; use_icon_font_size=&#8220;on&#8220; icon_font_size=&#8220;50px&#8220; admin_label=&#8220;3. Faktentreue&#8220; _builder_version=&#8220;4.11.1&#8243; _module_preset=&#8220;default&#8220; header_font_size=&#8220;18px&#8220; custom_margin=&#8220;||35px||false|false&#8220; global_colors_info=&#8220;{}&#8220;]<\/p>\n<p>Eine Ungenauigkeit ist uns aufgefallen: Im Artikel hei\u00dft es: \u201e (\u2026) dass der Frauenarzt bis zur 14. Schwangerschaftswoche das Geschlecht des Kindes gar nicht verraten darf.\u201c Das Geschlecht <a href=\"https:\/\/web.archive.org\/web\/20210225000426\/https:\/\/www.jurion.de\/gesetze\/gendg\/15\/\">darf indes bereits ab der 13. Schwangerschaftswoche mitgeteilt werden<\/a>, au\u00dfer es gibt eine medizinische Notwendigkeit f\u00fcr eine fr\u00fchere Diagnose.<br \/>\u00a7 15, Gendiagnostikgesetz: \u201eWird anl\u00e4sslich einer Untersuchung nach Satz 1 oder einer sonstigen vorgeburtlichen Untersuchung das Geschlecht eines Embryos oder F\u00f6tus festgestellt, kann dies der Schwangeren mit ihrer Einwilligung nach Ablauf der zw\u00f6lften Schwangerschaftswoche mitgeteilt werden.\u201c Wir werten daher nur knapp \u201eerf\u00fcllt\u201c.<\/p>\n<p>[\/et_pb_blurb][\/et_pb_column][\/et_pb_row][\/et_pb_section][et_pb_section fb_built=&#8220;1&#8243; _builder_version=&#8220;4.9.10&#8243; _module_preset=&#8220;default&#8220; background_color=&#8220;#f4f4f4&#8243; custom_margin=&#8220;0px||0px||false|false&#8220; custom_padding=&#8220;0px||0px||false|false&#8220; da_disable_devices=&#8220;off|off|off&#8220; global_colors_info=&#8220;{}&#8220; da_is_popup=&#8220;off&#8220; da_exit_intent=&#8220;off&#8220; da_has_close=&#8220;on&#8220; da_alt_close=&#8220;off&#8220; da_dark_close=&#8220;off&#8220; da_not_modal=&#8220;on&#8220; da_is_singular=&#8220;off&#8220; da_with_loader=&#8220;off&#8220; da_has_shadow=&#8220;on&#8220;][et_pb_row admin_label=&#8220;Endnote Kriterien&#8220; _builder_version=&#8220;4.9.4&#8243; _module_preset=&#8220;default&#8220; background_color=&#8220;RGBA(0,0,0,0)&#8220; width=&#8220;100%&#8220; custom_margin=&#8220;0px|0px|0px|0px|false|false&#8220; custom_padding=&#8220;15px|15px|15px|15px|false|false&#8220; global_colors_info=&#8220;{}&#8220;][et_pb_column type=&#8220;4_4&#8243; _builder_version=&#8220;4.9.4&#8243; _module_preset=&#8220;default&#8220; global_colors_info=&#8220;{}&#8220;][et_pb_text admin_label=&#8220;Headline &#038; Text&#8220; _builder_version=&#8220;4.11.1&#8243; _module_preset=&#8220;default&#8220; custom_margin=&#8220;||5px|||&#8220; global_colors_info=&#8220;{}&#8220;]<\/p>\n<h3>Medizinjournalistische Kriterien: 6 von 10 erf\u00fcllt<\/h3>\n<h3>Allgemeinjournalistische Kriterien: 2 von 3 erf\u00fcllt<\/h3>\n<p>[\/et_pb_text][dipl_star_rating rating=&#8220;@ET-DC@eyJkeW5hbWljIjp0cnVlLCJjb250ZW50IjoiY3VzdG9tX21ldGFfc3Rlcm5lIiwic2V0dGluZ3MiOnsiYmVmb3JlIjoiIiwiYWZ0ZXIiOiIiLCJlbmFibGVfaHRtbCI6Im9mZiJ9fQ==@&#8220; rating_out_of=&#8220;5&#8243; rating_position=&#8220;after_title&#8220; show_rating_number=&#8220;off&#8220; star_font_size=&#8220;35px&#8220; empty_star_color=&#8220;#969696&#8243; _builder_version=&#8220;4.9.11&#8243; _dynamic_attributes=&#8220;rating&#8220; _module_preset=&#8220;default&#8220; text_orientation=&#8220;left&#8220; custom_margin=&#8220;10px||0px||false|false&#8220; custom_padding=&#8220;10px||0px||false|false&#8220; global_module=&#8220;321&#8243; saved_tabs=&#8220;all&#8220; global_colors_info=&#8220;{}&#8220;][\/dipl_star_rating][et_pb_text admin_label=&#8220;Zusammenfassung Ende&#8220; module_id=&#8220;zusammenfassung&#8220; _builder_version=&#8220;4.11.1&#8243; _module_preset=&#8220;default&#8220; global_colors_info=&#8220;{}&#8220;]<\/p>\n<h3>\u00a0<\/h3>\n<h3>Zusammenfassung<\/h3>\n\n\t\t\t<div class='et-tabs-container et_sliderfx_fade et_sliderauto_false et_sliderauto_speed_5000 et_slidertype_top_tabs'>\n\t\t\t\t<ul class='et-tabs-control'>\n\t\t\t<li><a href='#'>\n\t\t\tBewertung Medizin-ExpertIn\n\t\t<\/a><\/li> \n\t\t<li><a href='#'>\n\t\t\tBewertung StudentInnen-Teams\n\t\t<\/a><\/li>\n\t\t<\/ul> \n\t\t<div class='et-tabs-content'>\n\t\t\t<div class='et-tabs-content-main-wrap'>\n\t\t\t\t<div class='et-tabs-content-wrapper'>\n\t\t\t\t\t<div class='et_slidecontent'>\n\t\t\tDie Aussagekraft des Tests wird nur zur H\u00e4lfte erl\u00e4utert, negative Folgeerscheinungen und die Verunsicherung werden deutlich, nicht aber, dass solche Tests auch falsche Ergebnisse liefern. Wie gut die Belege f\u00fcr die Aussagen der \u00c4rzte und Experten sind, bleibt v\u00f6llig offen, da keine Studien erw\u00e4hnt werden. Wie neu der Test tats\u00e4chlich ist, wird nicht erkl\u00e4rt. Sehr positiv ist der Hinweis, dass es auch ein Recht auf Nichtwissen gibt, dass also keiner der Tests gemacht werden muss. Es wird deutlich, wo der Test verf\u00fcgbar ist und dass er (zum Zeitpunkt des Artikels) noch selbst bezahlt werden muss, aber es wird nicht erkl\u00e4rt, wie viel er oder andere Verfahren kosten. Trisomie 21 wird nicht \u00fcbertrieben dargestellt. Die sozialen bzw. famili\u00e4ren Aspekte werden gut beschrieben durch die unterschiedlichen Fallbeispiele und machen den Artikel interessant. Manche \u00dcberleitungen erscheinen etwas weit hergeholt, etwa vom Thema des Geschlechts des Kindes zu Beginn des Textes zu vorgeburtlichen Eingriffen und Tests. Der Artikel ist durchaus verst\u00e4ndlich, aber wichtige statistische Werte werden leider nicht erkl\u00e4rt. (Bewertung: 3 Sterne)\n\t\t<\/div> \n\t\t<div class='et_slidecontent'>\n\t\t\tDie Aussagegenauigkeit wird nicht hinreichend deutlich. M\u00f6gliche Probleme werden nicht heruntergespielt, vielmehr wird deutlich, dass ein Bluttest auch f\u00fcr Verunsicherung und Zweifel sorgen kann. Indes wird das Thema falscher Ergebnisse nicht ausreichend konkret beleuchtet. Es kommen mehrere Experten zu Wort, indes wird nicht auf Studien verwiesen, womit unklar bleibt, wie gut Aussagen zum Praena-Test belegt sind. Wie neu der Praena-Test ist, bleibt offen. Es wird deutlich, was das Neue des Tests ist. Auf Alternativen wird eingegangen und auch der Kostenaspekt wird hinreichend erl\u00e4utert. Trisomie 21 wird nicht \u00fcbertrieben dargestellt, indes wird nicht erkl\u00e4rt, wie selten sie vorkommt. Ein aktueller Anlass f\u00fcr eine Tageszeitung ist nicht erkennbar, eine angebliche Diskussion zum Geschlecht des Kindes erscheint wie eine Schein-Relevanz. Unterschiedliche Meinungen von Eltern und \u00c4rzten wechseln sich ab und die Informationen zum Praena-Test werden ungeordnet immer wieder eingeworfen. Insgesamt ist der Artikel unstrukturiert. Der Artikel legt gro\u00dfen Wert in der Darstellung ethischer Aspekte, die \u00fcber die verschiedenen Szenarien und Konflikte der Paare angesprochen werden.(Einzelwertungen der Teams: 2 Sterne, 4 Sterne)\n\t\t<\/div>\n\t\t\t\t<\/div>\n\t\t\t<\/div>\n\t\t<\/div>\n\t\t\t<\/div>\n<p>&nbsp;<\/p>\n<p>[\/et_pb_text][\/et_pb_column][\/et_pb_row][\/et_pb_section][et_pb_section fb_built=&#8220;1&#8243; admin_label=&#8220;Bewertungen Legende &#8220; _builder_version=&#8220;4.9.4&#8243; _module_preset=&#8220;default&#8220; custom_padding=&#8220;4px||5px|||&#8220; da_disable_devices=&#8220;off|off|off&#8220; global_module=&#8220;323&#8243; saved_tabs=&#8220;all&#8220; collapsed=&#8220;off&#8220; global_colors_info=&#8220;{}&#8220; da_is_popup=&#8220;off&#8220; da_exit_intent=&#8220;off&#8220; da_has_close=&#8220;on&#8220; da_alt_close=&#8220;off&#8220; da_dark_close=&#8220;off&#8220; da_not_modal=&#8220;on&#8220; da_is_singular=&#8220;off&#8220; da_with_loader=&#8220;off&#8220; da_has_shadow=&#8220;on&#8220;][et_pb_row column_structure=&#8220;1_3,1_3,1_3&#8243; _builder_version=&#8220;4.9.4&#8243; _module_preset=&#8220;default&#8220; custom_padding=&#8220;||6px|||&#8220; global_colors_info=&#8220;{}&#8220;][et_pb_column type=&#8220;1_3&#8243; _builder_version=&#8220;4.9.4&#8243; _module_preset=&#8220;default&#8220; global_colors_info=&#8220;{}&#8220;][et_pb_blurb title=&#8220;Kriterium erf\u00fcllt &#8220; use_icon=&#8220;on&#8220; font_icon=&#8220;%%202%%&#8220; icon_color=&#8220;#7AAE30&#8243; icon_placement=&#8220;left&#8220; _builder_version=&#8220;4.9.10&#8243; _module_preset=&#8220;default&#8220; header_text_color=&#8220;#444444&#8243; header_font_size=&#8220;16px&#8220; header_line_height=&#8220;2em&#8220; custom_margin=&#8220;|0px|0px||false|false&#8220; custom_padding=&#8220;0px|0px|0px||false|false&#8220; global_colors_info=&#8220;{}&#8220;][\/et_pb_blurb][\/et_pb_column][et_pb_column type=&#8220;1_3&#8243; _builder_version=&#8220;4.9.4&#8243; _module_preset=&#8220;default&#8220; global_colors_info=&#8220;{}&#8220;][et_pb_blurb title=&#8220;Kriterium nicht erf\u00fcllt&#8220; use_icon=&#8220;on&#8220; font_icon=&#8220;%%201%%&#8220; icon_color=&#8220;#E02B20&#8243; icon_placement=&#8220;left&#8220; _builder_version=&#8220;4.9.10&#8243; _module_preset=&#8220;default&#8220; header_text_color=&#8220;#444444&#8243; header_font_size=&#8220;16px&#8220; header_line_height=&#8220;2em&#8220; custom_margin=&#8220;||0px|0px|false|false&#8220; custom_padding=&#8220;0px||0px|0px|false|false&#8220; global_colors_info=&#8220;{}&#8220;][\/et_pb_blurb][\/et_pb_column][et_pb_column type=&#8220;1_3&#8243; _builder_version=&#8220;4.9.4&#8243; _module_preset=&#8220;default&#8220; global_colors_info=&#8220;{}&#8220;][et_pb_blurb title=&#8220;Kriterium nicht anwendbar&#8220; use_icon=&#8220;on&#8220; font_icon=&#8220;%%205%%&#8220; icon_color=&#8220;rgba(68,68,68,0.68)&#8220; icon_placement=&#8220;left&#8220; _builder_version=&#8220;4.9.10&#8243; _module_preset=&#8220;default&#8220; header_text_color=&#8220;#444444&#8243; header_font_size=&#8220;16px&#8220; header_line_height=&#8220;2em&#8220; custom_margin=&#8220;||0px|0px|false|false&#8220; custom_padding=&#8220;0px||0px||false|false&#8220; global_colors_info=&#8220;{}&#8220;][\/et_pb_blurb][\/et_pb_column][\/et_pb_row][\/et_pb_section][et_pb_section fb_built=&#8220;1&#8243; admin_label=&#8220;Schreiben Sie uns&#8220; _builder_version=&#8220;4.9.10&#8243; _module_preset=&#8220;default&#8220; custom_margin=&#8220;||0px||false|false&#8220; custom_padding=&#8220;5px||0px||false|false&#8220; da_disable_devices=&#8220;off|off|off&#8220; global_module=&#8220;1074&#8243; saved_tabs=&#8220;all&#8220; global_colors_info=&#8220;{}&#8220; da_is_popup=&#8220;off&#8220; da_exit_intent=&#8220;off&#8220; da_has_close=&#8220;on&#8220; da_alt_close=&#8220;off&#8220; da_dark_close=&#8220;off&#8220; da_not_modal=&#8220;on&#8220; da_is_singular=&#8220;off&#8220; da_with_loader=&#8220;off&#8220; da_has_shadow=&#8220;on&#8220;][et_pb_row _builder_version=&#8220;4.10.7&#8243; _module_preset=&#8220;default&#8220; custom_padding=&#8220;7px||25px||false|false&#8220; global_colors_info=&#8220;{}&#8220;][et_pb_column type=&#8220;4_4&#8243; _builder_version=&#8220;4.9.10&#8243; _module_preset=&#8220;default&#8220; global_colors_info=&#8220;{}&#8220;][et_pb_button button_url=&#8220;mailto:marcus.anhaeuser@tu-dortmund.de?Subject=Beitrag%20MEDIATE&#8220; button_text=&#8220;Schreiben Sie uns&#8220; button_alignment=&#8220;left&#8220; _builder_version=&#8220;4.11.1&#8243; _module_preset=&#8220;default&#8220; global_colors_info=&#8220;{}&#8220;][\/et_pb_button][\/et_pb_column][\/et_pb_row][\/et_pb_section]<\/p>\n","protected":false},"excerpt":{"rendered":"<p>Ein ausf\u00fchrlicher Artikel der F.A.Z. beleuchtet die Sorgen und Erwartungen verschiedener Paare, die sie mit der Pr\u00e4nataldiagnostik verbinden. Ethische Aspekte und die Beweggr\u00fcnde der Paare verdeutlicht der Text gut, einige wichtige konkrete Aspekte zum Praena-Test kommen indes zu kurz.<\/p>\n","protected":false},"author":3,"featured_media":2682,"comment_status":"closed","ping_status":"open","sticky":false,"template":"","format":"standard","meta":{"_acf_changed":false,"_et_pb_use_builder":"on","_et_pb_old_content":"","_et_gb_content_width":"","footnotes":""},"categories":[56],"tags":[],"class_list":["post-2663","post","type-post","status-publish","format-standard","has-post-thumbnail","hentry","category-f-a-z"],"acf":[],"_links":{"self":[{"href":"https:\/\/medien-doktor.de\/mediate\/wp-json\/wp\/v2\/posts\/2663","targetHints":{"allow":["GET"]}}],"collection":[{"href":"https:\/\/medien-doktor.de\/mediate\/wp-json\/wp\/v2\/posts"}],"about":[{"href":"https:\/\/medien-doktor.de\/mediate\/wp-json\/wp\/v2\/types\/post"}],"author":[{"embeddable":true,"href":"https:\/\/medien-doktor.de\/mediate\/wp-json\/wp\/v2\/users\/3"}],"replies":[{"embeddable":true,"href":"https:\/\/medien-doktor.de\/mediate\/wp-json\/wp\/v2\/comments?post=2663"}],"version-history":[{"count":19,"href":"https:\/\/medien-doktor.de\/mediate\/wp-json\/wp\/v2\/posts\/2663\/revisions"}],"predecessor-version":[{"id":2777,"href":"https:\/\/medien-doktor.de\/mediate\/wp-json\/wp\/v2\/posts\/2663\/revisions\/2777"}],"wp:featuredmedia":[{"embeddable":true,"href":"https:\/\/medien-doktor.de\/mediate\/wp-json\/wp\/v2\/media\/2682"}],"wp:attachment":[{"href":"https:\/\/medien-doktor.de\/mediate\/wp-json\/wp\/v2\/media?parent=2663"}],"wp:term":[{"taxonomy":"category","embeddable":true,"href":"https:\/\/medien-doktor.de\/mediate\/wp-json\/wp\/v2\/categories?post=2663"},{"taxonomy":"post_tag","embeddable":true,"href":"https:\/\/medien-doktor.de\/mediate\/wp-json\/wp\/v2\/tags?post=2663"}],"curies":[{"name":"wp","href":"https:\/\/api.w.org\/{rel}","templated":true}]}}