{"id":3963,"date":"2022-12-17T20:08:15","date_gmt":"2022-12-17T19:08:15","guid":{"rendered":"https:\/\/medien-doktor.de\/gesundheit\/?p=3963"},"modified":"2023-08-27T13:11:21","modified_gmt":"2023-08-27T11:11:21","slug":"neues-alzheimer-medikament-so-funktioniert-lecanemab","status":"publish","type":"post","link":"https:\/\/medien-doktor.de\/gesundheit\/2022\/12\/neues-alzheimer-medikament-so-funktioniert-lecanemab\/","title":{"rendered":"\u201eNeues Alzheimer-Medikament: So funktioniert Lecanemab\u201c (Regionalmedien-Special)"},"content":{"rendered":"<p>[et_pb_section fb_built=&#8220;1&#8243; admin_label=&#8220;Sektion&#8220; _builder_version=&#8220;4.16&#8243; _module_preset=&#8220;default&#8220; background_color=&#8220;#f4f4f4&#8243; custom_margin=&#8220;0px||0px||false|false&#8220; custom_padding=&#8220;0px||0px||false|false&#8220; da_disable_devices=&#8220;off|off|off&#8220; global_colors_info=&#8220;{}&#8220; da_is_popup=&#8220;off&#8220; da_exit_intent=&#8220;off&#8220; da_has_close=&#8220;on&#8220; da_alt_close=&#8220;off&#8220; da_dark_close=&#8220;off&#8220; da_not_modal=&#8220;on&#8220; da_is_singular=&#8220;off&#8220; da_with_loader=&#8220;off&#8220; da_has_shadow=&#8220;on&#8220;][et_pb_row column_structure=&#8220;2_3,1_3&#8243; admin_label=&#8220;Medium und Link&#8220; _builder_version=&#8220;4.16&#8243; _module_preset=&#8220;default&#8220; background_color=&#8220;RGBA(0,0,0,0)&#8220; width=&#8220;100%&#8220; custom_margin=&#8220;0px|0px|0px|0px|false|false&#8220; custom_padding=&#8220;15px|15px|15px|15px|false|false&#8220; global_colors_info=&#8220;{}&#8220;][et_pb_column type=&#8220;2_3&#8243; _builder_version=&#8220;4.16&#8243; _module_preset=&#8220;default&#8220; global_colors_info=&#8220;{}&#8220;][et_pb_text admin_label=&#8220;Datum&#8220; _builder_version=&#8220;4.9.10&#8243; _dynamic_attributes=&#8220;content&#8220; _module_preset=&#8220;default&#8220; custom_margin=&#8220;0px||0px||false|false&#8220; custom_padding=&#8220;0px||0px||false|false&#8220; global_module=&#8220;320&#8243; saved_tabs=&#8220;all&#8220; global_colors_info=&#8220;{}&#8220;]@ET-DC@eyJkeW5hbWljIjp0cnVlLCJjb250ZW50IjoicG9zdF9kYXRlIiwic2V0dGluZ3MiOnsiYmVmb3JlIjoiQmV3ZXJ0ZXQgYW0gIiwiYWZ0ZXIiOiIiLCJkYXRlX2Zvcm1hdCI6ImRlZmF1bHQiLCJjdXN0b21fZGF0ZV9mb3JtYXQiOiIifX0=@[\/et_pb_text][et_pb_text admin_label=&#8220;Medium&#8220; _builder_version=&#8220;4.9.10&#8243; _dynamic_attributes=&#8220;content&#8220; _module_preset=&#8220;default&#8220; custom_margin=&#8220;0px||0px||false|false&#8220; custom_padding=&#8220;0px||0px||false|false&#8220; global_module=&#8220;318&#8243; saved_tabs=&#8220;all&#8220; global_colors_info=&#8220;{}&#8220;]@ET-DC@eyJkeW5hbWljIjp0cnVlLCJjb250ZW50IjoicG9zdF9jYXRlZ29yaWVzIiwic2V0dGluZ3MiOnsiYmVmb3JlIjoiVmVyXHUwMGY2ZmZlbnRsaWNodCB2b246ICIsImFmdGVyIjoiIiwibGlua190b190ZXJtX3BhZ2UiOiJvZmYiLCJzZXBhcmF0b3IiOiIgfCAiLCJjYXRlZ29yeV90eXBlIjoiY2F0ZWdvcnkifX0=@[\/et_pb_text][\/et_pb_column][et_pb_column type=&#8220;1_3&#8243; _builder_version=&#8220;4.16&#8243; _module_preset=&#8220;default&#8220; global_colors_info=&#8220;{}&#8220;][et_pb_button button_url=&#8220;https:\/\/www.morgenpost.de\/ratgeber\/article237048701\/alzheimer-demenz-therapie-medikament-lecanemab.html&#8220; button_text=&#8220;zum Originalartikel&#8220; button_alignment=&#8220;right&#8220; admin_label=&#8220;Link Original&#8220; _builder_version=&#8220;4.19.3&#8243; _module_preset=&#8220;default&#8220; custom_margin=&#8220;0px||||false|false&#8220; custom_margin_tablet=&#8220;&#8220; custom_margin_phone=&#8220;-14px||||false|false&#8220; custom_margin_last_edited=&#8220;on|desktop&#8220; custom_padding=&#8220;0px||||false|false&#8220; global_colors_info=&#8220;{}&#8220;][\/et_pb_button][\/et_pb_column][\/et_pb_row][\/et_pb_section][et_pb_section fb_built=&#8220;1&#8243; admin_label=&#8220;Sektion&#8220; _builder_version=&#8220;4.16&#8243; _module_preset=&#8220;default&#8220; custom_margin=&#8220;10px||10px||false|false&#8220; custom_padding=&#8220;10px||10px||false|false&#8220; da_disable_devices=&#8220;off|off|off&#8220; global_colors_info=&#8220;{}&#8220; da_is_popup=&#8220;off&#8220; da_exit_intent=&#8220;off&#8220; da_has_close=&#8220;on&#8220; da_alt_close=&#8220;off&#8220; da_dark_close=&#8220;off&#8220; da_not_modal=&#8220;on&#8220; da_is_singular=&#8220;off&#8220; da_with_loader=&#8220;off&#8220; da_has_shadow=&#8220;on&#8220;][et_pb_row admin_label=&#8220;Einleitung&#8220; _builder_version=&#8220;4.16&#8243; _module_preset=&#8220;default&#8220; custom_margin=&#8220;0px||0px||false|false&#8220; custom_padding=&#8220;0px||0px||false|false&#8220; global_colors_info=&#8220;{}&#8220;][et_pb_column type=&#8220;4_4&#8243; _builder_version=&#8220;4.16&#8243; _module_preset=&#8220;default&#8220; global_colors_info=&#8220;{}&#8220;][et_pb_text _builder_version=&#8220;4.19.4&#8243; _module_preset=&#8220;default&#8220; hover_enabled=&#8220;0&#8243; global_colors_info=&#8220;{}&#8220; sticky_enabled=&#8220;0&#8243;]<\/p>\n<p><em>Das vorliegende Gutachten wurde im Rahmen des Medien-Doktor-Projekts ASSISTANCE angefertigt, das einen besonderen Fokus auf die Qualit\u00e4tssicherung der Medizinberichterstattung in Regionalmedien legt. <a href=\"https:\/\/medien-doktor.de\/gesundheit\/medien-doktor-assistance\/\">Zur Projektvorstellung geht es hier. <\/a><\/em><\/p>\n<p style=\"font-weight: 400\">In einem medizinischen Fachjournal wurden hoffnungsvolle Studienergebnisse zu einem Wirkstoff gegen die Alzheimer-Demenz pr\u00e4sentiert. Dar\u00fcber berichtet ein Artikel in der Berliner Morgenpost ausf\u00fchrlich in einem Frage-Antwort-Format. Zahlreiche Zitate mehrerer Experten ordnen die vorliegenden Studiendaten ein, sowohl der Nutzen wie auch die m\u00f6glichen Risiken der Therapie werden im journalistischen Beitrag ausf\u00fchrlich erl\u00e4utert.<\/p>\n<p>[\/et_pb_text][\/et_pb_column][\/et_pb_row][\/et_pb_section][et_pb_section fb_built=&#8220;1&#8243; admin_label=&#8220;Sektion&#8220; _builder_version=&#8220;4.16&#8243; _module_preset=&#8220;default&#8220; background_color=&#8220;#f4f4f4&#8243; custom_margin=&#8220;0px||0px||false|false&#8220; custom_padding=&#8220;0px||0px||false|false&#8220; da_disable_devices=&#8220;off|off|off&#8220; global_colors_info=&#8220;{}&#8220; da_is_popup=&#8220;off&#8220; da_exit_intent=&#8220;off&#8220; da_has_close=&#8220;on&#8220; da_alt_close=&#8220;off&#8220; da_dark_close=&#8220;off&#8220; da_not_modal=&#8220;on&#8220; da_is_singular=&#8220;off&#8220; da_with_loader=&#8220;off&#8220; da_has_shadow=&#8220;on&#8220;][et_pb_row admin_label=&#8220;Zusammenfassung&#8220; _builder_version=&#8220;4.16&#8243; _module_preset=&#8220;default&#8220; background_color=&#8220;RGBA(0,0,0,0)&#8220; width=&#8220;100%&#8220; custom_margin=&#8220;0px|0px|0px|0px|false|false&#8220; custom_padding=&#8220;15px|15px|15px|15px|false|false&#8220; global_colors_info=&#8220;{}&#8220;][et_pb_column type=&#8220;4_4&#8243; _builder_version=&#8220;4.16&#8243; _module_preset=&#8220;default&#8220; global_colors_info=&#8220;{}&#8220;][et_pb_text admin_label=&#8220;Headline und Zusammenfassung&#8220; _builder_version=&#8220;4.19.4&#8243; _module_preset=&#8220;default&#8220; custom_margin=&#8220;||2px|||&#8220; saved_tabs=&#8220;all&#8220; global_colors_info=&#8220;{}&#8220;]<\/p>\n<h3>Zusammenfassung<\/h3>\n<p style=\"font-weight: 400\">Ein Artikel der Berliner Morgenpost bietet \u00fcbersichtlich und korrekt alle relevanten Fakten zu einer aktuellen Studie \u00fcber ein neues Alzheimer-Medikament. Die Gliederung ist gut gew\u00e4hlt, die Wortwahl so, dass Laien die Erl\u00e4uterungen zu diesem neuen Therapieansatz gut nachvollziehen k\u00f6nnen. Auch erfahren die Leserinnen und Leser, dass trotz der guten Studienergebnisse kein Grund zur Euphorie besteht, und in welchem Rahmen die neue Therapie einsetzbar w\u00e4re. Sogar die m\u00f6glichen Kosten der Behandlung werden thematisiert, die Alzheimer-Demenz nicht \u00fcbertrieben dargestellt. Allerdings werden Interessenkonflikte nicht erw\u00e4hnt. Vor allem aber bleibt unklar, was genau die Patienten der Studie, die das neue Medikament erhielten, nach 18 Monaten Therapie besser konnten als die Patienten der Kontrollgruppe. Eine Information, die f\u00fcr Leserinnen und Leser besonders interessant gewesen w\u00e4re.<\/p>\n<p>[\/et_pb_text][dipl_star_rating rating=&#8220;@ET-DC@eyJkeW5hbWljIjp0cnVlLCJjb250ZW50IjoiY3VzdG9tX21ldGFfc3Rlcm5lIiwic2V0dGluZ3MiOnsiYmVmb3JlIjoiIiwiYWZ0ZXIiOiIiLCJlbmFibGVfaHRtbCI6Im9mZiJ9fQ==@&#8220; rating_out_of=&#8220;5&#8243; rating_position=&#8220;after_title&#8220; show_rating_number=&#8220;off&#8220; star_font_size=&#8220;35px&#8220; empty_star_color=&#8220;#969696&#8243; _builder_version=&#8220;4.9.11&#8243; _dynamic_attributes=&#8220;rating&#8220; _module_preset=&#8220;default&#8220; text_orientation=&#8220;left&#8220; custom_margin=&#8220;10px||0px||false|false&#8220; custom_padding=&#8220;10px||0px||false|false&#8220; global_module=&#8220;321&#8243; saved_tabs=&#8220;all&#8220; global_colors_info=&#8220;{}&#8220;][\/dipl_star_rating][\/et_pb_column][\/et_pb_row][\/et_pb_section][et_pb_section fb_built=&#8220;1&#8243; _builder_version=&#8220;4.16&#8243; _module_preset=&#8220;default&#8220; custom_margin=&#8220;0px||||false|false&#8220; custom_padding=&#8220;0px||5px||false|false&#8220; da_disable_devices=&#8220;off|off|off&#8220; global_colors_info=&#8220;{}&#8220; da_is_popup=&#8220;off&#8220; da_exit_intent=&#8220;off&#8220; da_has_close=&#8220;on&#8220; da_alt_close=&#8220;off&#8220; da_dark_close=&#8220;off&#8220; da_not_modal=&#8220;on&#8220; da_is_singular=&#8220;off&#8220; da_with_loader=&#8220;off&#8220; da_has_shadow=&#8220;on&#8220;][et_pb_row admin_label=&#8220;Bewertungen&#8220; _builder_version=&#8220;4.16&#8243; _module_preset=&#8220;default&#8220; custom_margin=&#8220;||0px||false|false&#8220; custom_padding=&#8220;||0px||false|false&#8220; global_colors_info=&#8220;{}&#8220;][et_pb_column type=&#8220;4_4&#8243; _builder_version=&#8220;4.16&#8243; _module_preset=&#8220;default&#8220; global_colors_info=&#8220;{}&#8220;][et_pb_text admin_label=&#8220;Headline Kriterien&#8220; _builder_version=&#8220;4.9.10&#8243; _module_preset=&#8220;default&#8220; text_text_color=&#8220;#FFFFFF&#8220; background_color=&#8220;RGBA(0,0,0,0)&#8220; custom_margin=&#8220;5px||5px||false|false&#8220; global_module=&#8220;341&#8243; saved_tabs=&#8220;all&#8220; global_colors_info=&#8220;{}&#8220;]<\/p>\n<h1>Die Kriterien<\/h1>\n<p>[\/et_pb_text][et_pb_blurb title=&#8220;1. Die POSITIVEN EFFEKTE sind ausreichend und verst\u00e4ndlich dargestellt (NUTZEN).&#8220; use_icon=&#8220;on&#8220; font_icon=&#8220;&#xe052;||divi||400&#8243; icon_color=&#8220;#7AAE30&#8243; icon_placement=&#8220;left&#8220; image_icon_width=&#8220;50px&#8220; content_max_width=&#8220;100%&#8220; admin_label=&#8220;1 Gr\u00fcn \/ Erf\u00fcllt&#8220; _builder_version=&#8220;4.19.3&#8243; _module_preset=&#8220;default&#8220; header_font_size=&#8220;18px&#8220; custom_margin=&#8220;||35px||false|false&#8220; icon_font_size=&#8220;50px&#8220; global_colors_info=&#8220;{}&#8220;]<\/p>\n<p style=\"font-weight: 400\">Der Artikel er\u00f6rtert den Nutzen der neuen Therapie gegen die Alzheimer-Demenz ausf\u00fchrlich: \u201eNach 18 Monaten wurde der Effekt auf den CDR-SB-Score erhoben, ein etablierter Wert zur Einsch\u00e4tzung der Schwere von Demenz. Dieser ber\u00fccksichtigt Faktoren wie Ged\u00e4chtnis, Urteils- und Probleml\u00f6sungsverm\u00f6gen oder die F\u00e4higkeit, f\u00fcr sich selbst zu sorgen. Bei Studienbeginn lag der mittlere Wert in beiden Gruppen bei etwa 3,2. Nach 18 Monaten war der Unterschied zwischen den Gruppen laut Studie betr\u00e4chtlich: 0,45 Punkte.\u201c Im Anschluss erl\u00e4utert ein Experte: \u201eDer Erkrankungsfortschritt wurde um 27 Prozent verlangsamt, bei den Aktivit\u00e4ten des t\u00e4glichen Lebens machte der Unterschied 37 Prozent aus.\u201c Diese konkreten Ergebnisse diskutiert ein weiterer Experte: \u201eDie Frage, die man diskutieren muss, ist, wie relevant der Effekt klinisch ist.\u201c Und dieser Experte setzt den Nutzen ins Verh\u00e4ltnis zu den Belastungen durch die Therapie: \u201e (&#8230;) was geht dadurch an Lebensqualit\u00e4t vielleicht auch verloren? Das muss man gegeneinander abw\u00e4gen.\u201c Schlie\u00dflich wird erkl\u00e4rt, f\u00fcr welche Patientengruppe die Therapie \u00fcberhaupt infrage kommt: \u201eLecanemab verlangsame zwar das Fortschreiten der Erkrankung, mache sie aber nicht r\u00fcckg\u00e4ngig. Patienten mit ausgepr\u00e4gtem Krankheitsbild oder einer anderen Form von Demenz als Alzheimer profitierten nicht von der Therapie.\u201c<\/p>\n<p>[\/et_pb_blurb][et_pb_blurb title=&#8220;2. Die RISIKEN &amp; NEBENWIRKUNGEN werden angemessen ber\u00fccksichtigt.&#8220; use_icon=&#8220;on&#8220; font_icon=&#8220;&#xe052;||divi||400&#8243; icon_color=&#8220;#7AAE30&#8243; icon_placement=&#8220;left&#8220; image_icon_width=&#8220;50px&#8220; content_max_width=&#8220;100%&#8220; admin_label=&#8220;2 Gr\u00fcn \/ Erf\u00fcllt&#8220; _builder_version=&#8220;4.19.3&#8243; _module_preset=&#8220;default&#8220; header_font_size=&#8220;18px&#8220; custom_margin=&#8220;||35px||false|false&#8220; icon_font_size=&#8220;50px&#8220; global_colors_info=&#8220;{}&#8220;]<\/p>\n<p style=\"font-weight: 400\">Risiken und Nebenwirkungen thematisiert der Artikel in einem Absatz knapp: \u201eLaut der Studie traten unter der Behandlung Nebenwirkungen auf, darunter Hirnschwellungen und -blutungen.\u201c\u00a0 Und er erw\u00e4hnt zwei Todesf\u00e4lle, die nach der Studie mit unklarem Zusammenhang zu dem Wirkstoff auftraten. Ein Experte bewertet diese Risiken: \u201eInsgesamt lasse sich aus den Daten aber ein positives Nutzen-Risiko-Profil ableiten, (&#8230;).\u201c Das ist ziemlich verk\u00fcrzt, von der H\u00e4ufigkeit der beobachteten Nebenwirkungen ist keine Rede. Dabei finden sich diese Informationen in der Fachpublikation: Dort werden die Infusions-assoziierten Nebenwirkungen mit 26,4 Prozent angegeben und Anzeichen von Schwellungen oder Lecks im Gehirn mit 12,6 Prozent (siehe auch\u00a0<a href=\"https:\/\/www.nejm.org\/doi\/full\/10.1056\/NEJMoa2212948\">hier<\/a>). Daher werten wir insgesamt nur knapp \u201eERF\u00dcLLT\u201c.<\/p>\n<p>[\/et_pb_blurb][et_pb_blurb title=&#8220;3. Es wird klar, ob eine Therapie\/ein Produkt\/ein Test VERF\u00dcGBAR ist.&#8220; use_icon=&#8220;on&#8220; font_icon=&#8220;&#xe052;||divi||400&#8243; icon_color=&#8220;#7AAE30&#8243; icon_placement=&#8220;left&#8220; image_icon_width=&#8220;50px&#8220; content_max_width=&#8220;100%&#8220; admin_label=&#8220;3 Gr\u00fcn \/ Erf\u00fcllt&#8220; _builder_version=&#8220;4.19.3&#8243; _module_preset=&#8220;default&#8220; header_font_size=&#8220;18px&#8220; custom_margin=&#8220;||35px||false|false&#8220; icon_font_size=&#8220;50px&#8220; global_colors_info=&#8220;{}&#8220;]<\/p>\n<p style=\"font-weight: 400\">Es wird deutlich, dass eine klinische Zulassung noch aussteht: \u201eWir hoffen auf eine schnelle Zulassung, wenn die Beh\u00f6rden das Medikament als sicher einstufen. (&#8230;) F\u00fcr die USA ist sie f\u00fcr Januar geplant.\u201c Damit ist klargestellt, dass die Therapie derzeit noch nicht verf\u00fcgbar ist.<\/p>\n<p>[\/et_pb_blurb][et_pb_blurb title=&#8220;4. Es werden ALTERNATIVE Behandlungsarten\/Produkte\/Tests vorgestellt.&#8220; use_icon=&#8220;on&#8220; font_icon=&#8220;&#xe052;||divi||400&#8243; icon_color=&#8220;#7AAE30&#8243; icon_placement=&#8220;left&#8220; image_icon_width=&#8220;50px&#8220; content_max_width=&#8220;100%&#8220; admin_label=&#8220;4 Gr\u00fcn \/ Erf\u00fcllt&#8220; _builder_version=&#8220;4.19.3&#8243; _module_preset=&#8220;default&#8220; header_font_size=&#8220;18px&#8220; custom_margin=&#8220;||35px||false|false&#8220; icon_font_size=&#8220;50px&#8220; global_colors_info=&#8220;{}&#8220;]<\/p>\n<p style=\"font-weight: 400\">Es gibt keine Therapie gegen Alzheimer-Demenz, die die Krankheit heilen k\u00f6nnte. Zum Einsatz kommen allerdings symptomorientierte, medikament\u00f6se Therapien mit begrenzter Wirksamkeit. Diese erw\u00e4hnt der Artikel nicht. In dem zugrundeliegenden wissenschaftlichen Paper findet sich dazu einf\u00fchrend ein Satz: \u201eCurrent therapeutic agents for Alzheimer\u2019s disease-related dementia temporarily improve symptoms but do not alter the underlying disease course.\u201c (\u201eDie derzeitigen Therapeutika zur Behandlung von Demenz im Zusammenhang mit der Alzheimer-Krankheit verbessern vor\u00fcbergehend die Symptome, \u00e4ndern aber nicht den zugrunde liegenden Krankheitsverlauf.\u201c)<\/p>\n<p style=\"font-weight: 400\">Allerdings erw\u00e4hnt der journalistische Beitrag, dass es sich bei dem Antik\u00f6rper um einen Vertreter einer Gruppe handelt, die ebenfalls mit dem gleichen Therapieziel getestet worden sind, aber versagten. Es wird auch auf die Besonderheit im Wirkprinzip von Lecanemab eingegangen und andere Substanzen werden mit Namen genannt \u2013 Aducanumab und Gantenerumab. Daher werten wir insgesamt \u201eERF\u00dcLLT\u201c.<\/p>\n<p>[\/et_pb_blurb][et_pb_blurb title=&#8220;5. Die KOSTEN werden im journalistischen Beitrag in angemessener Weise ber\u00fccksichtigt.&#8220; use_icon=&#8220;on&#8220; font_icon=&#8220;&#xe052;||divi||400&#8243; icon_color=&#8220;#7AAE30&#8243; icon_placement=&#8220;left&#8220; image_icon_width=&#8220;50px&#8220; content_max_width=&#8220;100%&#8220; admin_label=&#8220;5 Gr\u00fcn \/ Erf\u00fcllt&#8220; _builder_version=&#8220;4.19.3&#8243; _module_preset=&#8220;default&#8220; header_font_size=&#8220;18px&#8220; custom_margin=&#8220;||35px||false|false&#8220; icon_font_size=&#8220;50px&#8220; global_colors_info=&#8220;{}&#8220;]<\/p>\n<p style=\"font-weight: 400\">In dem Bericht handelt es sich um ein Medikament, das noch in Studien gepr\u00fcft, also noch nicht verf\u00fcgbar ist. Somit w\u00e4re eine Erw\u00e4hnung der Kosten nicht unbedingt erforderlich. Der Artikel geht dennoch am Ende kurz auf den Kostenaspekt ein: \u201e\u00dcber die Kosten der Therapie pro Patienten ist bisher nichts bekannt. Laut Experten k\u00f6nnten diese pro Jahr im f\u00fcnfstelligen Bereich liegen.\u201c<\/p>\n<p>[\/et_pb_blurb][et_pb_blurb title=&#8220;6. Es sind keine Anzeichen von Krankheitserfindungen\/-\u00fcbertreibungen zu finden (DISEASE MONGERING).&#8220; use_icon=&#8220;on&#8220; font_icon=&#8220;&#xe052;||divi||400&#8243; icon_color=&#8220;#7AAE30&#8243; icon_placement=&#8220;left&#8220; image_icon_width=&#8220;50px&#8220; content_max_width=&#8220;100%&#8220; admin_label=&#8220;6 Gr\u00fcn \/ Erf\u00fcllt&#8220; _builder_version=&#8220;4.19.3&#8243; _module_preset=&#8220;default&#8220; header_font_size=&#8220;18px&#8220; custom_margin=&#8220;||35px||false|false&#8220; icon_font_size=&#8220;50px&#8220; global_colors_info=&#8220;{}&#8220;]<\/p>\n<p style=\"font-weight: 400\">Der Artikel skizziert die Alzheimer-Demenz in einem Absatz zu Beginn: \u201eNach bisherigen Erkenntnissen steht die Erkrankung in Zusammenhang mit Eiwei\u00dfablagerungen im Gehirn, die als Amyloid oder Tau bezeichnet werden. Die Anh\u00e4ufung von Amyloid ist ein Schl\u00fcssel bei der Entstehung von Sch\u00e4digungen des Gehirns. Nerven sterben ab, die kognitiven Leistungen nehmen ab, bis Betroffene quasi in das Entwicklungsstadium eines Kleinkindes zur\u00fcckfallen. 2020 starben laut dem Statistischen Bundesamt 9450 Menschen in Deutschland an Alzheimer-Demenz. 160.000 Neudiagnosen gibt es pro Jahr.&#8220; Damit ist die Erkrankung angemessen und nicht \u00fcbertrieben dargestellt.<\/p>\n<p>[\/et_pb_blurb][et_pb_blurb title=&#8220;7. Der journalistische Beitrag ordnet die QUALIT\u00c4T der Belege\/der Evidenz ein.&#8220; use_icon=&#8220;on&#8220; font_icon=&#8220;&#xe051;||divi||400&#8243; icon_color=&#8220;#E02B20&#8243; icon_placement=&#8220;left&#8220; image_icon_width=&#8220;50px&#8220; content_max_width=&#8220;100%&#8220; admin_label=&#8220;7 Rot\/ Nicht erf\u00fcllt &#8220; _builder_version=&#8220;4.19.3&#8243; _module_preset=&#8220;default&#8220; header_font_size=&#8220;18px&#8220; custom_margin=&#8220;||35px||false|false&#8220; custom_padding=&#8220;||||false|false&#8220; icon_font_size=&#8220;50px&#8220; global_colors_info=&#8220;{}&#8220;]<\/p>\n<p style=\"font-weight: 400\">Der Artikel beschreibt das Studiendesign grob und referiert die wesentlichen Ergebnisse. Auf die Qualit\u00e4t der Evidenz geht er jedoch nicht ein, lediglich die Gr\u00f6\u00dfe der Studie wird berichtet: \u201eAn der Studie (&#8230;) nahmen 1795 Personen mit einer Alzheimer-Erkrankung im Fr\u00fchstadium teil. 898 erhielten alle zwei Wochen Lecanemab \u2013 zehn Milligramm pro Kilogramm K\u00f6rpergewicht. 897 Personen erhielten ein Placebo.\u201c Fehlende Kritik der Experten am Studiendesign und eindeutig positive Bewertungen (\u201eDiese Studie ist ohne Zweifel ein Meilenstein.&#8220;) k\u00f6nnten als Belege f\u00fcr eine hochwertigen Evidenz gewertet werden.\u00a0<\/p>\n<p style=\"font-weight: 400\">Im Gegensatz zu den knappen Erl\u00e4uterungen im journalistischen Beitrag erl\u00e4utern die Autoren der Fachpublikation unter anderem genau, wie sie sicher gingen, dass die Wirkung und auch die Nebenwirkungen der Studienprobanden \u201edoppelt verblindet\u201c erfasst wurden, also weder die Studienteilnehmer noch das Studienpersonal wussten, wer das neue Medikament und wer ein Scheinpr\u00e4parat erhielt: \u201eAn independent data and safety monitoring board consisting of experts in Alzheimer\u2019s disease and statistics reviewed unblinded safety data during the trial. An independent medical monitoring team, whose members were unaware of the trial-group assignments, reviewed ARIA, infusion- related reactions, and hypersensitivity reactions. Clinical assessment raters were unaware of the safety assessments and the trial-group assignments. (\u201eEin unabh\u00e4ngiges Daten- und Sicherheits\u00fcberwachungsgremium, das sich aus Experten f\u00fcr Alzheimer-Erkrankungen und Statistik zusammensetzt, \u00fcberpr\u00fcfte w\u00e4hrend der Studie unverblindet Sicherheitsdaten. Ein unabh\u00e4ngiges medizinisches \u00dcberwachungsteam, dessen Mitglieder keine Kenntnis von den Zuordnungen zu den Studiengruppen hatten, \u00fcberpr\u00fcfte ARIA, infusionsbedingte Reaktionen und \u00dcberempfindlichkeitsreaktionen. Die Beurteiler der klinischen Bewertung hatten keine Kenntnis von den Sicherheitsbeurteilungen und den Zuordnungen zu den Studiengruppen.\u201c)<\/p>\n<p style=\"font-weight: 400\">Gerade angesichts der herausragenden klinischen Bedeutung des Themas w\u00e4re es f\u00fcr den journalistischen Beitrag angemessen gewesen, die Qualit\u00e4t der Evidenz aktiv zu thematisieren. Daher werten wir insgesamt knapp \u201eNICHT ERF\u00dcLLT\u201c.<\/p>\n<p>[\/et_pb_blurb][et_pb_blurb title=&#8220;8. Es werden UNABH\u00c4NGIGE EXPERTEN oder QUELLEN genannt.&#8220; use_icon=&#8220;on&#8220; font_icon=&#8220;&#xe052;||divi||400&#8243; icon_color=&#8220;#7AAE30&#8243; icon_placement=&#8220;left&#8220; image_icon_width=&#8220;50px&#8220; content_max_width=&#8220;100%&#8220; admin_label=&#8220;8 Gr\u00fcn \/ Erf\u00fcllt&#8220; _builder_version=&#8220;4.19.3&#8243; _module_preset=&#8220;default&#8220; header_font_size=&#8220;18px&#8220; custom_margin=&#8220;||35px||false|false&#8220; icon_font_size=&#8220;50px&#8220; global_colors_info=&#8220;{}&#8220;]<\/p>\n<p style=\"font-weight: 400\">Es kommen mehrere Experten zu Wort, die nicht an der dem Artikel zugrundeliegenden Untersuchung beteiligt waren. Die Zitate sind einem \u201eresearch in context\u201c des deutschen Science Media Center und einer Pressemeldung der Deutschen Gesellschaft f\u00fcr Neurologie entnommen. Ein weiteres Zitat (\u201eDiese Studie ist ohne Zweifel ein Meilenstein\u201c) stammt aus einem virtuellen Press Briefing des Science Media Center. Mehrere der zitierten Experten haben allerdings nach Angaben des Science Media Center wirtschaftliche Beziehungen zu den Unternehmen, die das Medikament Lecanemab entwickeln. Damit steht deren Unabh\u00e4ngigkeit infrage (siehe Kriterium Interessenkonflikte). Wir werten daher nur knapp \u201eERF\u00dcLLT\u201c.<\/p>\n<p>[\/et_pb_blurb][et_pb_blurb title=&#8220;9. Es werden, falls vorhanden, INTERESSENKONFLIKTE im Beitrag thematisiert.&#8220; use_icon=&#8220;on&#8220; font_icon=&#8220;&#xe051;||divi||400&#8243; icon_color=&#8220;#E02B20&#8243; icon_placement=&#8220;left&#8220; image_icon_width=&#8220;50px&#8220; content_max_width=&#8220;100%&#8220; admin_label=&#8220;9 Rot\/ Nicht erf\u00fcllt &#8220; _builder_version=&#8220;4.19.4&#8243; _module_preset=&#8220;default&#8220; header_font_size=&#8220;18px&#8220; custom_margin=&#8220;||35px||false|false&#8220; custom_padding=&#8220;||||false|false&#8220; icon_font_size=&#8220;50px&#8220; global_colors_info=&#8220;{}&#8220;]<\/p>\n<p>Der Artikel zitiert ausgiebig aus Statements von Experten zum Thema Alzheimer-Demenz, die das Science Media Center und die Deutsche Gesellschaft f\u00fcr Neurologie zu dem besprochenen Thema publiziert haben. Drei dieser Experten geben dort unter \u201eAngaben zu m\u00f6glichen Interessenkonflikten\u201c wirtschaftliche Beziehungen zu den Unternehmen an, die bei einer Zulassung des Medikaments sehr viel Geld verdienen w\u00fcrden. Auch der zus\u00e4tzlich befragte Experte, Frank Jessen hat in einem anderen Zusammenhang einen Interessenkonflikt angegeben, siehe auch\u00a0<a class=\"moz-txt-link-freetext\" href=\"https:\/\/www.springermedizin.de\/leichte-kognitive-stoerung\/demenz\/gedaechtnisambulanzen-in-deutschland-strukturell-organisatorisch\/18453620\">hier<\/a>. Dort wird kurz erw\u00e4hnt: \u201eF. Jessen hat Honorare f\u00fcr Beratung erhalten von: Biogen, Roche, Abbvie, AC Immune, Esai und Janssen.\u201c Die Interessenkonflikte zu den Experten des Science Media Center waren zum Zeitpunkt der Begutachtung leicht zu finden und h\u00e4tten im journalistischen Beitrag erw\u00e4hnt werden k\u00f6nnen. Daher werten wir insgesamt \u201eNICHT ERF\u00dcLLT\u201c.<\/p>\n<p>[\/et_pb_blurb][et_pb_blurb title=&#8220;10. Der Beitrag liefert Informationen zur EINORDNUNG der Thematik in einen Kontext (Neuheit, Ethik).&#8220; use_icon=&#8220;on&#8220; font_icon=&#8220;&#xe052;||divi||400&#8243; icon_color=&#8220;#7AAE30&#8243; icon_placement=&#8220;left&#8220; image_icon_width=&#8220;50px&#8220; content_max_width=&#8220;100%&#8220; admin_label=&#8220;10 Gr\u00fcn \/ Erf\u00fcllt&#8220; _builder_version=&#8220;4.19.3&#8243; _module_preset=&#8220;default&#8220; header_font_size=&#8220;18px&#8220; custom_margin=&#8220;||35px||false|false&#8220; icon_font_size=&#8220;50px&#8220; global_colors_info=&#8220;{}&#8220;]<\/p>\n<p style=\"font-weight: 400\">Der Kontext, in dem sich das besprochene Thema bewegt, ist die Suche nach einer wirksamen Therapie gegen die Volkskrankheit Alzheimer, deren H\u00e4ufigkeit zunimmt und deren Krankheitslast f\u00fcr die betroffenen Menschen bekannterma\u00dfen sehr gro\u00df ist. Erstmalig meldet die Wissenschaft hier einen Forschungserfolg, der von Experten einhellig als ma\u00dfgeblicher Schritt angesehen wird. Sowohl die Neuheit als auch die ethische Dimension arbeitet der Beitrag heraus, erw\u00e4hnt zudem die bislang frustrierenden Versuche zur Entwicklung von Antik\u00f6rpern. Indes erfahren Leserinnen und Leser nicht, dass bisherige Misserfolge von einer gro\u00dfen Gruppe von MedizinerInnen auch als Beleg daf\u00fcr gesehen werden, dass die These, die Plaques seien die Ursache f\u00fcr Alzheimer, gar nicht stimmt, sondern dass andere Faktoren eine Rolle spielen. Daher werten wir insgesamt nur knapp \u201eERF\u00dcLLT\u201c.<\/p>\n<p>[\/et_pb_blurb][et_pb_blurb title=&#8220;11. Der Beitrag gibt die wesentlichen Daten und Fakten korrekt wieder (FAKTENTREUE).&#8220; use_icon=&#8220;on&#8220; font_icon=&#8220;&#xe052;||divi||400&#8243; icon_color=&#8220;#7AAE30&#8243; icon_placement=&#8220;left&#8220; image_icon_width=&#8220;50px&#8220; content_max_width=&#8220;100%&#8220; admin_label=&#8220;11 Gr\u00fcn \/ Erf\u00fcllt&#8220; _builder_version=&#8220;4.19.3&#8243; _module_preset=&#8220;default&#8220; header_font_size=&#8220;18px&#8220; custom_margin=&#8220;||35px||false|false&#8220; icon_font_size=&#8220;50px&#8220; global_colors_info=&#8220;{}&#8220;]<\/p>\n<p style=\"font-weight: 400\">Kritisch ist allenfalls zu erw\u00e4hnen, dass es eigentlich keine Amyloidzellen gibt, sondern Zellen, in denen Amyloid abgelagert wird. Sonst haben wir keine Fehler gefunden.<\/p>\n<p>[\/et_pb_blurb][et_pb_blurb title=&#8220;12. Der Beitrag geht \u00fcber eine Pressemitteilung\/das Pressematerial hinaus (JOURNALISTISCHE EIGENLEISTUNG).&#8220; use_icon=&#8220;on&#8220; font_icon=&#8220;&#xe052;||divi||400&#8243; icon_color=&#8220;#7AAE30&#8243; icon_placement=&#8220;left&#8220; image_icon_width=&#8220;50px&#8220; content_max_width=&#8220;100%&#8220; admin_label=&#8220;12 Gr\u00fcn \/ Erf\u00fcllt&#8220; _builder_version=&#8220;4.19.3&#8243; _module_preset=&#8220;default&#8220; header_font_size=&#8220;18px&#8220; custom_margin=&#8220;||35px||false|false&#8220; icon_font_size=&#8220;50px&#8220; global_colors_info=&#8220;{}&#8220;]<\/p>\n<p style=\"font-weight: 400\">Aufgrund der zahlreichen Stellungnahmen verschiedener Experten geht der Text \u00fcber die vorhandenen Pressemitteilungen hinaus; au\u00dferdem berichtet er epidemiologischen Daten f\u00fcr Deutschland, die in der Pressemitteilung ebenfalls nicht vorkommen.<\/p>\n<p>[\/et_pb_blurb][et_pb_blurb title=&#8220;13. Ein Beitrag vermittelt ein Thema interessant und attraktiv (ATTRAKTIVIT\u00c4T DER DARSTELLUNG).&#8220; use_icon=&#8220;on&#8220; font_icon=&#8220;&#xe052;||divi||400&#8243; icon_color=&#8220;#7AAE30&#8243; icon_placement=&#8220;left&#8220; image_icon_width=&#8220;50px&#8220; content_max_width=&#8220;100%&#8220; admin_label=&#8220;13 Gr\u00fcn \/ Erf\u00fcllt&#8220; _builder_version=&#8220;4.19.3&#8243; _module_preset=&#8220;default&#8220; header_font_size=&#8220;18px&#8220; custom_margin=&#8220;||35px||false|false&#8220; icon_font_size=&#8220;50px&#8220; global_colors_info=&#8220;{}&#8220;]<\/p>\n<p style=\"font-weight: 400\">Der Artikel bietet sauber und klar alle relevanten Informationen. Es w\u00e4re es allerdings interessanter oder attraktiver, noch etwas plastischer zu erfahren, worin die Handicaps einer Alzheimer-Demenz konkret bestehen, was ein solcher Patient\/eine solche Patientin nicht mehr kann, woran sie scheitert. Insgesamt werten wir dennoch \u201eERF\u00dcLLT\u201c.<\/p>\n<p>[\/et_pb_blurb][et_pb_blurb title=&#8220;14. Der Beitrag ist f\u00fcr ein Laienpublikum verst\u00e4ndlich (VERST\u00c4NDLICHKEIT).&#8220; use_icon=&#8220;on&#8220; font_icon=&#8220;&#xe052;||divi||400&#8243; icon_color=&#8220;#7AAE30&#8243; icon_placement=&#8220;left&#8220; image_icon_width=&#8220;50px&#8220; content_max_width=&#8220;100%&#8220; admin_label=&#8220;14 Gr\u00fcn \/ Erf\u00fcllt&#8220; _builder_version=&#8220;4.19.3&#8243; _module_preset=&#8220;default&#8220; header_font_size=&#8220;18px&#8220; custom_margin=&#8220;||35px||false|false&#8220; icon_font_size=&#8220;50px&#8220; global_colors_info=&#8220;{}&#8220;]<\/p>\n<p style=\"font-weight: 400\">Der Artikel gliedert sich durch Zwischen\u00fcberschriften klar zu den relevanten Fragen und interessierenden Punkten ab. Er trennt sauber zwischen Faktenpr\u00e4sentation und Aussagen\/Wertungen der Experten. Der Laie kann lesen, um was es sich bei Amyloid handelt, wo es sich ablagert, wie man es bek\u00e4mpfen kann und worin der neue Therapieansatz besteht. Als vom \u201eCDR-SB-Score\u201c die Rede ist, folgt sofort die Erkl\u00e4rung: \u201e(&#8230;) ein etablierter Wert zur Einsch\u00e4tzung der Schwere von Demenz. Dieser ber\u00fccksichtigt Faktoren wie Ged\u00e4chtnis, Urteils- und Probleml\u00f6sungsverm\u00f6gen oder die F\u00e4higkeit, f\u00fcr sich selbst zu sorgen.\u201c Insgesamt vermittelt der Beitrag das Forschungsthema detailliert, ohne zu sehr ins Fachliche abzurutschen.<\/p>\n<p>[\/et_pb_blurb][et_pb_blurb title=&#8220;15. Das THEMA ist aktuell, relevant oder ungew\u00f6hnlich. (THEMENAUSWAHL).&#8220; use_icon=&#8220;on&#8220; font_icon=&#8220;&#xe052;||divi||400&#8243; icon_color=&#8220;#7AAE30&#8243; icon_placement=&#8220;left&#8220; image_icon_width=&#8220;50px&#8220; content_max_width=&#8220;100%&#8220; admin_label=&#8220;15 Gr\u00fcn \/ Erf\u00fcllt&#8220; _builder_version=&#8220;4.19.3&#8243; _module_preset=&#8220;default&#8220; header_font_size=&#8220;18px&#8220; custom_margin=&#8220;||35px||false|false&#8220; icon_font_size=&#8220;50px&#8220; global_colors_info=&#8220;{}&#8220;]<\/p>\n<p style=\"font-weight: 400\">Das Thema des Artikels ist hochaktuell, er erschien nur zwei Tage nach der Publikation des wissenschaftlichen Artikels. Und es ist angesichts der gro\u00dfen gesellschaftlichen Bedeutung der Alzheimer-Demenz sehr relevant.<\/p>\n<p>[\/et_pb_blurb][\/et_pb_column][\/et_pb_row][\/et_pb_section][et_pb_section fb_built=&#8220;1&#8243; _builder_version=&#8220;4.16&#8243; _module_preset=&#8220;default&#8220; background_color=&#8220;#f4f4f4&#8243; custom_margin=&#8220;0px||0px||false|false&#8220; custom_padding=&#8220;0px||0px||false|false&#8220; da_disable_devices=&#8220;off|off|off&#8220; global_colors_info=&#8220;{}&#8220; da_is_popup=&#8220;off&#8220; da_exit_intent=&#8220;off&#8220; da_has_close=&#8220;on&#8220; da_alt_close=&#8220;off&#8220; da_dark_close=&#8220;off&#8220; da_not_modal=&#8220;on&#8220; da_is_singular=&#8220;off&#8220; da_with_loader=&#8220;off&#8220; da_has_shadow=&#8220;on&#8220;][et_pb_row admin_label=&#8220;Endnote Kriterien&#8220; _builder_version=&#8220;4.16&#8243; _module_preset=&#8220;default&#8220; background_color=&#8220;RGBA(0,0,0,0)&#8220; width=&#8220;100%&#8220; custom_margin=&#8220;0px|0px|0px|0px|false|false&#8220; custom_padding=&#8220;15px|15px|15px|15px|false|false&#8220; global_colors_info=&#8220;{}&#8220;][et_pb_column type=&#8220;4_4&#8243; _builder_version=&#8220;4.16&#8243; _module_preset=&#8220;default&#8220; global_colors_info=&#8220;{}&#8220;][et_pb_text admin_label=&#8220;Headline &amp; Text&#8220; _builder_version=&#8220;4.19.4&#8243; _module_preset=&#8220;default&#8220; custom_margin=&#8220;||5px|||&#8220; global_colors_info=&#8220;{}&#8220;]<\/p>\n<h3>Medizinjournalistische Kriterien: 13 von 15 erf\u00fcllt<\/h3>\n<p>[\/et_pb_text][dipl_star_rating rating=&#8220;@ET-DC@eyJkeW5hbWljIjp0cnVlLCJjb250ZW50IjoiY3VzdG9tX21ldGFfc3Rlcm5lIiwic2V0dGluZ3MiOnsiYmVmb3JlIjoiIiwiYWZ0ZXIiOiIiLCJlbmFibGVfaHRtbCI6Im9mZiJ9fQ==@&#8220; rating_out_of=&#8220;5&#8243; rating_position=&#8220;after_title&#8220; show_rating_number=&#8220;off&#8220; star_font_size=&#8220;35px&#8220; empty_star_color=&#8220;#969696&#8243; _builder_version=&#8220;4.9.11&#8243; _dynamic_attributes=&#8220;rating&#8220; _module_preset=&#8220;default&#8220; text_orientation=&#8220;left&#8220; custom_margin=&#8220;10px||0px||false|false&#8220; custom_padding=&#8220;10px||0px||false|false&#8220; global_module=&#8220;321&#8243; saved_tabs=&#8220;all&#8220; global_colors_info=&#8220;{}&#8220;][\/dipl_star_rating][\/et_pb_column][\/et_pb_row][\/et_pb_section][et_pb_section fb_built=&#8220;1&#8243; admin_label=&#8220;Bewertungen Legende &#8220; _builder_version=&#8220;4.9.4&#8243; _module_preset=&#8220;default&#8220; custom_padding=&#8220;4px||5px|||&#8220; da_disable_devices=&#8220;off|off|off&#8220; global_module=&#8220;323&#8243; saved_tabs=&#8220;all&#8220; collapsed=&#8220;off&#8220; global_colors_info=&#8220;{}&#8220; da_is_popup=&#8220;off&#8220; da_exit_intent=&#8220;off&#8220; da_has_close=&#8220;on&#8220; da_alt_close=&#8220;off&#8220; da_dark_close=&#8220;off&#8220; da_not_modal=&#8220;on&#8220; da_is_singular=&#8220;off&#8220; da_with_loader=&#8220;off&#8220; da_has_shadow=&#8220;on&#8220;][et_pb_row column_structure=&#8220;1_3,1_3,1_3&#8243; _builder_version=&#8220;4.16&#8243; _module_preset=&#8220;default&#8220; custom_padding=&#8220;||6px|||&#8220; global_colors_info=&#8220;{}&#8220;][et_pb_column type=&#8220;1_3&#8243; _builder_version=&#8220;4.16&#8243; _module_preset=&#8220;default&#8220; global_colors_info=&#8220;{}&#8220;][et_pb_blurb title=&#8220;Kriterium erf\u00fcllt &#8220; use_icon=&#8220;on&#8220; font_icon=&#8220;&#xe052;||divi||400&#8243; icon_color=&#8220;#7AAE30&#8243; icon_placement=&#8220;left&#8220; _builder_version=&#8220;4.16&#8243; _module_preset=&#8220;default&#8220; header_text_color=&#8220;#444444&#8243; header_font_size=&#8220;16px&#8220; header_line_height=&#8220;2em&#8220; custom_margin=&#8220;|0px|0px||false|false&#8220; custom_padding=&#8220;0px|0px|0px||false|false&#8220; global_colors_info=&#8220;{}&#8220;][\/et_pb_blurb][\/et_pb_column][et_pb_column type=&#8220;1_3&#8243; _builder_version=&#8220;4.16&#8243; _module_preset=&#8220;default&#8220; global_colors_info=&#8220;{}&#8220;][et_pb_blurb title=&#8220;Kriterium nicht erf\u00fcllt&#8220; use_icon=&#8220;on&#8220; font_icon=&#8220;&#xe051;||divi||400&#8243; icon_color=&#8220;#E02B20&#8243; icon_placement=&#8220;left&#8220; _builder_version=&#8220;4.16&#8243; _module_preset=&#8220;default&#8220; header_text_color=&#8220;#444444&#8243; header_font_size=&#8220;16px&#8220; header_line_height=&#8220;2em&#8220; custom_margin=&#8220;||0px|0px|false|false&#8220; custom_padding=&#8220;0px||0px|0px|false|false&#8220; global_colors_info=&#8220;{}&#8220;][\/et_pb_blurb][\/et_pb_column][et_pb_column type=&#8220;1_3&#8243; _builder_version=&#8220;4.16&#8243; _module_preset=&#8220;default&#8220; global_colors_info=&#8220;{}&#8220;][et_pb_blurb title=&#8220;Kriterium nicht anwendbar&#8220; use_icon=&#8220;on&#8220; font_icon=&#8220;&#xe055;||divi||400&#8243; icon_color=&#8220;rgba(68,68,68,0.68)&#8220; icon_placement=&#8220;left&#8220; _builder_version=&#8220;4.16&#8243; _module_preset=&#8220;default&#8220; header_text_color=&#8220;#444444&#8243; header_font_size=&#8220;16px&#8220; header_line_height=&#8220;2em&#8220; custom_margin=&#8220;||0px|0px|false|false&#8220; custom_padding=&#8220;0px||0px||false|false&#8220; global_colors_info=&#8220;{}&#8220;][\/et_pb_blurb][\/et_pb_column][\/et_pb_row][\/et_pb_section][et_pb_section fb_built=&#8220;1&#8243; admin_label=&#8220;Schreiben Sie uns&#8220; _builder_version=&#8220;4.9.10&#8243; _module_preset=&#8220;default&#8220; custom_margin=&#8220;||0px||false|false&#8220; custom_padding=&#8220;5px||0px||false|false&#8220; da_disable_devices=&#8220;off|off|off&#8220; global_module=&#8220;1074&#8243; saved_tabs=&#8220;all&#8220; global_colors_info=&#8220;{}&#8220; da_is_popup=&#8220;off&#8220; da_exit_intent=&#8220;off&#8220; da_has_close=&#8220;on&#8220; da_alt_close=&#8220;off&#8220; da_dark_close=&#8220;off&#8220; da_not_modal=&#8220;on&#8220; da_is_singular=&#8220;off&#8220; da_with_loader=&#8220;off&#8220; da_has_shadow=&#8220;on&#8220;][et_pb_row _builder_version=&#8220;4.16&#8243; _module_preset=&#8220;default&#8220; custom_padding=&#8220;7px||25px||false|false&#8220; global_colors_info=&#8220;{}&#8220;][et_pb_column type=&#8220;4_4&#8243; _builder_version=&#8220;4.16&#8243; _module_preset=&#8220;default&#8220; global_colors_info=&#8220;{}&#8220;][et_pb_button button_url=&#8220;mailto:astrid.viciano@tu-dortmund.de?Subject=Beitrag%20im%20Medien-Doktor%20Gesundheit&#8220; button_text=&#8220;Schreiben Sie uns&#8220; button_alignment=&#8220;left&#8220; _builder_version=&#8220;4.16&#8243; _module_preset=&#8220;default&#8220; global_colors_info=&#8220;{}&#8220;][\/et_pb_button][\/et_pb_column][\/et_pb_row][\/et_pb_section]<\/p>\n","protected":false},"excerpt":{"rendered":"<p>In einem medizinischen Fachjournal wurden hoffnungsvolle Studienergebnisse zu einem Wirkstoff gegen die Alzheimer-Demenz pr\u00e4sentiert. Dar\u00fcber berichtet ein Artikel in der Berliner Morgenpost ausf\u00fchrlich in einem Frage-Antwort-Format. Zahlreiche Zitate mehrerer Experten ordnen die vorliegenden Studiendaten ein, sowohl der Nutzen wie auch die m\u00f6glichen Risiken der Therapie werden im journalistischen Beitrag ausf\u00fchrlich erl\u00e4utert.<\/p>\n","protected":false},"author":8,"featured_media":3968,"comment_status":"closed","ping_status":"open","sticky":false,"template":"","format":"standard","meta":{"_acf_changed":false,"_et_pb_use_builder":"on","_et_pb_old_content":"","_et_gb_content_width":"","footnotes":""},"categories":[57],"tags":[99],"special":[116],"class_list":["post-3963","post","type-post","status-publish","format-standard","has-post-thumbnail","hentry","category-berliner-morgenpost","tag-regio","special-regio"],"acf":[],"_links":{"self":[{"href":"https:\/\/medien-doktor.de\/gesundheit\/wp-json\/wp\/v2\/posts\/3963","targetHints":{"allow":["GET"]}}],"collection":[{"href":"https:\/\/medien-doktor.de\/gesundheit\/wp-json\/wp\/v2\/posts"}],"about":[{"href":"https:\/\/medien-doktor.de\/gesundheit\/wp-json\/wp\/v2\/types\/post"}],"author":[{"embeddable":true,"href":"https:\/\/medien-doktor.de\/gesundheit\/wp-json\/wp\/v2\/users\/8"}],"replies":[{"embeddable":true,"href":"https:\/\/medien-doktor.de\/gesundheit\/wp-json\/wp\/v2\/comments?post=3963"}],"version-history":[{"count":21,"href":"https:\/\/medien-doktor.de\/gesundheit\/wp-json\/wp\/v2\/posts\/3963\/revisions"}],"predecessor-version":[{"id":4017,"href":"https:\/\/medien-doktor.de\/gesundheit\/wp-json\/wp\/v2\/posts\/3963\/revisions\/4017"}],"wp:featuredmedia":[{"embeddable":true,"href":"https:\/\/medien-doktor.de\/gesundheit\/wp-json\/wp\/v2\/media\/3968"}],"wp:attachment":[{"href":"https:\/\/medien-doktor.de\/gesundheit\/wp-json\/wp\/v2\/media?parent=3963"}],"wp:term":[{"taxonomy":"category","embeddable":true,"href":"https:\/\/medien-doktor.de\/gesundheit\/wp-json\/wp\/v2\/categories?post=3963"},{"taxonomy":"post_tag","embeddable":true,"href":"https:\/\/medien-doktor.de\/gesundheit\/wp-json\/wp\/v2\/tags?post=3963"},{"taxonomy":"special","embeddable":true,"href":"https:\/\/medien-doktor.de\/gesundheit\/wp-json\/wp\/v2\/special?post=3963"}],"curies":[{"name":"wp","href":"https:\/\/api.w.org\/{rel}","templated":true}]}}