{"id":2819,"date":"2019-07-26T12:00:35","date_gmt":"2019-07-26T10:00:35","guid":{"rendered":"https:\/\/medien-doktor.de\/gesundheit\/?p=2819"},"modified":"2021-11-05T16:02:15","modified_gmt":"2021-11-05T15:02:15","slug":"forscher-wollen-altern-besiegt-haben","status":"publish","type":"post","link":"https:\/\/medien-doktor.de\/gesundheit\/2019\/07\/forscher-wollen-altern-besiegt-haben\/","title":{"rendered":"\u201eForscher wollen Altern besiegt haben\u201c"},"content":{"rendered":"<p>[et_pb_section fb_built=&#8220;1&#8243; admin_label=&#8220;Sektion&#8220; _builder_version=&#8220;4.9.10&#8243; _module_preset=&#8220;default&#8220; background_color=&#8220;#f4f4f4&#8243; custom_margin=&#8220;0px||0px||false|false&#8220; custom_padding=&#8220;0px||0px||false|false&#8220; da_disable_devices=&#8220;off|off|off&#8220; global_colors_info=&#8220;{}&#8220; da_is_popup=&#8220;off&#8220; da_exit_intent=&#8220;off&#8220; da_has_close=&#8220;on&#8220; da_alt_close=&#8220;off&#8220; da_dark_close=&#8220;off&#8220; da_not_modal=&#8220;on&#8220; da_is_singular=&#8220;off&#8220; da_with_loader=&#8220;off&#8220; da_has_shadow=&#8220;on&#8220;][et_pb_row column_structure=&#8220;2_3,1_3&#8243; admin_label=&#8220;Medium und Link&#8220; _builder_version=&#8220;4.9.10&#8243; _module_preset=&#8220;default&#8220; background_color=&#8220;RGBA(0,0,0,0)&#8220; width=&#8220;100%&#8220; custom_margin=&#8220;0px|0px|0px|0px|false|false&#8220; custom_padding=&#8220;15px|15px|15px|15px|false|false&#8220; global_colors_info=&#8220;{}&#8220;][et_pb_column type=&#8220;2_3&#8243; _builder_version=&#8220;4.9.4&#8243; _module_preset=&#8220;default&#8220; global_colors_info=&#8220;{}&#8220;][et_pb_text admin_label=&#8220;Datum&#8220; _builder_version=&#8220;4.9.10&#8243; _dynamic_attributes=&#8220;content&#8220; _module_preset=&#8220;default&#8220; custom_margin=&#8220;0px||0px||false|false&#8220; custom_padding=&#8220;0px||0px||false|false&#8220; global_module=&#8220;320&#8243; saved_tabs=&#8220;all&#8220; global_colors_info=&#8220;{}&#8220;]@ET-DC@eyJkeW5hbWljIjp0cnVlLCJjb250ZW50IjoicG9zdF9kYXRlIiwic2V0dGluZ3MiOnsiYmVmb3JlIjoiQmV3ZXJ0ZXQgYW0gIiwiYWZ0ZXIiOiIiLCJkYXRlX2Zvcm1hdCI6ImRlZmF1bHQiLCJjdXN0b21fZGF0ZV9mb3JtYXQiOiIifX0=@[\/et_pb_text][et_pb_text admin_label=&#8220;Medium&#8220; _builder_version=&#8220;4.9.10&#8243; _dynamic_attributes=&#8220;content&#8220; _module_preset=&#8220;default&#8220; custom_margin=&#8220;0px||0px||false|false&#8220; custom_padding=&#8220;0px||0px||false|false&#8220; global_module=&#8220;318&#8243; saved_tabs=&#8220;all&#8220; global_colors_info=&#8220;{}&#8220;]@ET-DC@eyJkeW5hbWljIjp0cnVlLCJjb250ZW50IjoicG9zdF9jYXRlZ29yaWVzIiwic2V0dGluZ3MiOnsiYmVmb3JlIjoiVmVyXHUwMGY2ZmZlbnRsaWNodCB2b246ICIsImFmdGVyIjoiIiwibGlua190b190ZXJtX3BhZ2UiOiJvZmYiLCJzZXBhcmF0b3IiOiIgfCAiLCJjYXRlZ29yeV90eXBlIjoiY2F0ZWdvcnkifX0=@[\/et_pb_text][\/et_pb_column][et_pb_column type=&#8220;1_3&#8243; _builder_version=&#8220;4.9.4&#8243; _module_preset=&#8220;default&#8220; global_colors_info=&#8220;{}&#8220;][et_pb_button button_url=&#8220;https:\/\/www.zeit.de\/wissen\/gesundheit\/2019-07\/verjuengung-biologie-trim-studie-gregory-fahy&#8220; button_text=&#8220;zum Originalartikel&#8220; button_alignment=&#8220;right&#8220; admin_label=&#8220;Link Original&#8220; _builder_version=&#8220;4.11.4&#8243; _module_preset=&#8220;default&#8220; custom_margin=&#8220;0px||||false|false&#8220; custom_margin_tablet=&#8220;&#8220; custom_margin_phone=&#8220;-14px||||false|false&#8220; custom_margin_last_edited=&#8220;on|desktop&#8220; custom_padding=&#8220;0px||||false|false&#8220; global_colors_info=&#8220;{}&#8220;][\/et_pb_button][\/et_pb_column][\/et_pb_row][\/et_pb_section][et_pb_section fb_built=&#8220;1&#8243; admin_label=&#8220;Sektion&#8220; _builder_version=&#8220;4.9.4&#8243; _module_preset=&#8220;default&#8220; custom_margin=&#8220;10px||10px||false|false&#8220; custom_padding=&#8220;10px||10px||false|false&#8220; da_disable_devices=&#8220;off|off|off&#8220; global_colors_info=&#8220;{}&#8220; da_is_popup=&#8220;off&#8220; da_exit_intent=&#8220;off&#8220; da_has_close=&#8220;on&#8220; da_alt_close=&#8220;off&#8220; da_dark_close=&#8220;off&#8220; da_not_modal=&#8220;on&#8220; da_is_singular=&#8220;off&#8220; da_with_loader=&#8220;off&#8220; da_has_shadow=&#8220;on&#8220;][et_pb_row admin_label=&#8220;Einleitung&#8220; _builder_version=&#8220;4.9.4&#8243; _module_preset=&#8220;default&#8220; custom_margin=&#8220;0px||0px||false|false&#8220; custom_padding=&#8220;0px||0px||false|false&#8220; global_colors_info=&#8220;{}&#8220;][et_pb_column type=&#8220;4_4&#8243; _builder_version=&#8220;4.9.4&#8243; _module_preset=&#8220;default&#8220; global_colors_info=&#8220;{}&#8220;][et_pb_text _builder_version=&#8220;4.11.4&#8243; _module_preset=&#8220;default&#8220; global_colors_info=&#8220;{}&#8220;]<\/p>\n<p>Der Artikel auf Zeit Online hat eine faszinierende Thematik aufgegriffen: Ob es wohl m\u00f6glich ist, das Altern aufzuhalten oder gar umzukehren. Im Text wird eine neue Studie beschrieben, die allerdings bislang nur auf einem Kongress vorgestellt und nicht den \u00fcblichen Peer-Review-Prozess eines Fachjournals durchlaufen hat. Zwar wird dies im Artikel mehrfach erl\u00e4utert, doch gleichzeitig ist von einer \u201eZeitenwende\u201c und einer m\u00f6glichen \u201eRevolution\u201c die Rede, was den Lesern und Leserinnen suggerieren k\u00f6nnte, dass es sich hier um einen bedeutenden wissenschaftlichen Durchbruch handelt.<\/p>\n<p>[\/et_pb_text][\/et_pb_column][\/et_pb_row][\/et_pb_section][et_pb_section fb_built=&#8220;1&#8243; admin_label=&#8220;Sektion&#8220; _builder_version=&#8220;4.9.10&#8243; _module_preset=&#8220;default&#8220; background_color=&#8220;#f4f4f4&#8243; custom_margin=&#8220;0px||0px||false|false&#8220; custom_padding=&#8220;0px||0px||false|false&#8220; da_disable_devices=&#8220;off|off|off&#8220; global_colors_info=&#8220;{}&#8220; da_is_popup=&#8220;off&#8220; da_exit_intent=&#8220;off&#8220; da_has_close=&#8220;on&#8220; da_alt_close=&#8220;off&#8220; da_dark_close=&#8220;off&#8220; da_not_modal=&#8220;on&#8220; da_is_singular=&#8220;off&#8220; da_with_loader=&#8220;off&#8220; da_has_shadow=&#8220;on&#8220;][et_pb_row admin_label=&#8220;Zusammenfassung&#8220; _builder_version=&#8220;4.9.4&#8243; _module_preset=&#8220;default&#8220; background_color=&#8220;RGBA(0,0,0,0)&#8220; width=&#8220;100%&#8220; custom_margin=&#8220;0px|0px|0px|0px|false|false&#8220; custom_padding=&#8220;15px|15px|15px|15px|false|false&#8220; global_colors_info=&#8220;{}&#8220;][et_pb_column type=&#8220;4_4&#8243; _builder_version=&#8220;4.9.4&#8243; _module_preset=&#8220;default&#8220; global_colors_info=&#8220;{}&#8220;][et_pb_text admin_label=&#8220;Headline und Zusammenfassung&#8220; _builder_version=&#8220;4.11.4&#8243; _module_preset=&#8220;default&#8220; custom_margin=&#8220;||2px|||&#8220; saved_tabs=&#8220;all&#8220; global_colors_info=&#8220;{}&#8220;]<\/p>\n<h3>Zusammenfassung<\/h3>\n<p>Der Beitrag greift einen uralten Wunsch der Menschheit auf \u2013 den Versuch, das Altern aufzuhalten oder gar umzukehren. Allerdings wird in diesem Text h\u00f6chst ungesicherten Studienerkenntnissen viel Raum und Bedeutung beigemessen. Zwar werden einzelne Schw\u00e4chen der Studie erl\u00e4utert. Insgesamt schwankt der Text aber zwischen unverhohlener Begeisterung und der n\u00f6tigen journalistischen Distanz hin und her. Es fehlt jegliche Einordnung, dass in den letzten Jahrzehnten schon h\u00e4ufiger ein solcher Jungbrunnen als kurz bevorstehend angek\u00fcndigt wurde. Sicher w\u00e4ren die \u201eFolgen einer solchen Therapie unabsehbar\u201c, wie es im Beitrag hei\u00dft. Die Schlussfolgerung, allein deshalb lohne es sich, dar\u00fcber zu berichten, teilen wir nicht. Vor einem eventuellen breiten Einsatz des Verfahrens st\u00fcnden ja in jedem Fall gr\u00f6\u00dfere, bessere Studien \u2013 hier ist also keine Eile geboten. Besser als ein solcher Schnellschuss von einer Konferenz w\u00e4re es aus unserer Sicht gewesen, die Publikation abzuwarten, unabh\u00e4ngige, auch kritische, Experten zu befragen und dann einen besser fundierten Beitrag zu verfassen.<\/p>\n<p>[\/et_pb_text][dipl_star_rating rating=&#8220;@ET-DC@eyJkeW5hbWljIjp0cnVlLCJjb250ZW50IjoiY3VzdG9tX21ldGFfc3Rlcm5lIiwic2V0dGluZ3MiOnsiYmVmb3JlIjoiIiwiYWZ0ZXIiOiIiLCJlbmFibGVfaHRtbCI6Im9mZiJ9fQ==@&#8220; rating_out_of=&#8220;5&#8243; rating_position=&#8220;after_title&#8220; show_rating_number=&#8220;off&#8220; star_font_size=&#8220;35px&#8220; empty_star_color=&#8220;#969696&#8243; _builder_version=&#8220;4.9.11&#8243; _dynamic_attributes=&#8220;rating&#8220; _module_preset=&#8220;default&#8220; text_orientation=&#8220;left&#8220; custom_margin=&#8220;10px||0px||false|false&#8220; custom_padding=&#8220;10px||0px||false|false&#8220; global_module=&#8220;321&#8243; saved_tabs=&#8220;all&#8220; global_colors_info=&#8220;{}&#8220;][\/dipl_star_rating][\/et_pb_column][\/et_pb_row][\/et_pb_section][et_pb_section fb_built=&#8220;1&#8243; _builder_version=&#8220;4.9.4&#8243; _module_preset=&#8220;default&#8220; custom_margin=&#8220;0px||||false|false&#8220; custom_padding=&#8220;0px||5px||false|false&#8220; da_disable_devices=&#8220;off|off|off&#8220; global_colors_info=&#8220;{}&#8220; da_is_popup=&#8220;off&#8220; da_exit_intent=&#8220;off&#8220; da_has_close=&#8220;on&#8220; da_alt_close=&#8220;off&#8220; da_dark_close=&#8220;off&#8220; da_not_modal=&#8220;on&#8220; da_is_singular=&#8220;off&#8220; da_with_loader=&#8220;off&#8220; da_has_shadow=&#8220;on&#8220;][et_pb_row admin_label=&#8220;Bewertungen&#8220; _builder_version=&#8220;4.9.10&#8243; _module_preset=&#8220;default&#8220; custom_margin=&#8220;||0px||false|false&#8220; custom_padding=&#8220;||0px||false|false&#8220; global_colors_info=&#8220;{}&#8220;][et_pb_column type=&#8220;4_4&#8243; _builder_version=&#8220;4.9.4&#8243; _module_preset=&#8220;default&#8220; global_colors_info=&#8220;{}&#8220;][et_pb_text admin_label=&#8220;Headline Medizinjournalistische Kriterien&#8220; _builder_version=&#8220;4.10.6&#8243; _module_preset=&#8220;default&#8220; text_text_color=&#8220;#FFFFFF&#8220; background_color=&#8220;RGBA(0,0,0,0)&#8220; custom_margin=&#8220;5px||5px||false|false&#8220; saved_tabs=&#8220;all&#8220; global_colors_info=&#8220;{}&#8220;]<\/p>\n<h1>Medizinjournalistische Kriterien<\/h1>\n<p>[\/et_pb_text][et_pb_blurb title=&#8220;1. Der NUTZEN ist ausreichend und verst\u00e4ndlich dargestellt.&#8220; use_icon=&#8220;on&#8220; font_icon=&#8220;&#xe051;||divi||400&#8243; icon_color=&#8220;#E02B20&#8243; icon_placement=&#8220;left&#8220; image_icon_width=&#8220;50px&#8220; content_max_width=&#8220;100%&#8220; admin_label=&#8220;1 Rot\/ Nicht erf\u00fcllt &#8220; _builder_version=&#8220;4.13.0&#8243; _module_preset=&#8220;default&#8220; header_font_size=&#8220;18px&#8220; custom_margin=&#8220;||35px||false|false&#8220; custom_padding=&#8220;||||false|false&#8220; icon_font_size=&#8220;50px&#8220; global_colors_info=&#8220;{}&#8220;]<\/p>\n<p>Trotz langer Beschreibungen bleibt der Nutzen unklar und nicht quantifiziert. Es wird zwar der Effekt der Behandlung auf verschiedene messbare Faktoren beschrieben &#8211; mutma\u00dfliches Thymuswachstum, ver\u00e4ndertes Profil von Blutzellen und DNA-Methylierung als Biomarker. Auch hei\u00dft es: \u201eDie Thymusvermessungen und Horvaths Altersbestimmungen sind statistisch hochsignifikant, was bei einer derart kleinen Gruppe auf einen starken Effekt hindeutet.\u201c Wie stark der Effekt aber sein soll (z.B. wie gro\u00df ist der Gewinn von Thymusgewebe?), bleibt unklar. Daraus wird eine Verj\u00fcngung um 2,5 Jahre postuliert, wobei nicht klar ist, wobei nicht klar wird, ob es sich dabei um einen Mittelwert handelt (mit breiter oder enger Streuung) oder wie dieser Wert statistisch zustande kommt. \u00a0Ob die Versuchspersonen aber tats\u00e4chlich weniger Infekte oder andere altersbedingte Erkrankungen hatten oder gar sp\u00e4ter sterben werden als ohne die Behandlung, bleibt dabei offen. Mangels Kontrollgruppe und in einer so kleinen Studie lassen sich dazu wohl auch kaum belastbare Aussagen treffen. Zudem hei\u00dft es verwirrenderweise: \u201eKein Placeboeffekt allein wird einem Mann im sechsten oder siebten Lebensjahrzehnt einen neuen Thymus wachsen lassen\u201c, was freilich nicht das Resultat der Studie ist.<\/p>\n<p>[\/et_pb_blurb][et_pb_blurb title=&#8220;2. RISIKEN und Nebenwirkungen werden angemessen ber\u00fccksichtigt.&#8220; use_icon=&#8220;on&#8220; font_icon=&#8220;&#xe052;||divi||400&#8243; icon_color=&#8220;#7AAE30&#8243; icon_placement=&#8220;left&#8220; image_icon_width=&#8220;50px&#8220; content_max_width=&#8220;100%&#8220; admin_label=&#8220;2 Gr\u00fcn \/ Erf\u00fcllt&#8220; _builder_version=&#8220;4.13.0&#8243; _module_preset=&#8220;default&#8220; header_font_size=&#8220;18px&#8220; custom_margin=&#8220;||35px||false|false&#8220; icon_font_size=&#8220;50px&#8220; global_colors_info=&#8220;{}&#8220;]<\/p>\n<p>Nebenwirkungen werden thematisiert. Es hei\u00dft: \u201eMetformin und vor allem hGH k\u00f6nnen schwere und gef\u00e4hrliche Nebenwirkungen haben.\u201c Weiter ist zu lesen: \u201eW\u00e4hrend hGH das Thymusgewebe zum Wachsen anregen soll, dienen die beiden Letzteren vor allem dazu, seine Nebenwirkungen zu blockieren \u2013 zu hohe Insulinspiegel und Diabetes.\u201c Und schlie\u00dflich: \u201eNebenwirkungen: keine nennenswerten.\u201c \u00a0Einschr\u00e4nkend hei\u00dft es zum Ende des Artikels noch: \u201eUnklar ist auch, (&#8230;) ob es nicht doch sp\u00e4ter oder bei wiederholter Behandlung zu Nebenwirkungen kommt.\u201c Aufgrund der L\u00e4nge des Artikels h\u00e4tte man sich allerdings eine ausf\u00fchrlichere Darstellung m\u00f6glicher konkreter, schwerwiegender Nebenwirkungen w\u00fcnschen k\u00f6nnen.<\/p>\n<p>[\/et_pb_blurb][et_pb_blurb title=&#8220;3. Die Qualit\u00e4t der Evidenz (STUDIEN) wird richtig eingeordnet.&#8220; use_icon=&#8220;on&#8220; font_icon=&#8220;&#xe052;||divi||400&#8243; icon_color=&#8220;#7AAE30&#8243; icon_placement=&#8220;left&#8220; image_icon_width=&#8220;50px&#8220; content_max_width=&#8220;100%&#8220; admin_label=&#8220;3 Gr\u00fcn \/ Erf\u00fcllt&#8220; _builder_version=&#8220;4.13.0&#8243; _module_preset=&#8220;default&#8220; header_font_size=&#8220;18px&#8220; custom_margin=&#8220;||35px||false|false&#8220; icon_font_size=&#8220;50px&#8220; global_colors_info=&#8220;{}&#8220;]<\/p>\n<p>Der Beitrag weist zumindest darauf hin, dass es sich um eine sehr kleine Studie ohne Kontrollgruppe handelt, deren Ergebnisse m\u00f6glicherweise bei einer \u00dcberpr\u00fcfung durch eine gr\u00f6\u00dfere Studie \u201ekollabieren\u201c k\u00f6nnten. Vorsicht sei geboten. \u201eGr\u00fcnde f\u00fcr Skepsis gibt es genug: Wie eingangs erw\u00e4hnt, ist die Studie mit nur neun Freiwilligen sehr klein und hat die Begutachtung durch Fachwissenschaftler noch nicht bestanden. Au\u00dferdem gab es keine mit Placebo behandelte Kontrollgruppe, was allerdings in einer fr\u00fchen Testphase nicht ungew\u00f6hnlich ist.\u201c Dennoch wird f\u00fcr Laien nicht ausreichend deutlich, dass in einer solchen Studie gar keine wirkliche Lebensverl\u00e4ngerung beobachtet werden kann. Der Satz \u201eDie neun M\u00e4nner hatten zweieinhalb Jahre Lebenszeit gewonnen\u201c beschreibt einen angeblichen Effekt, der so gar nicht messbar ist. Daher werten wir nur knapp \u201eERF\u00dcLLT\u201c.<\/p>\n<p>[\/et_pb_blurb][et_pb_blurb title=&#8220;4. Es werden weitere EXPERTEN\/Quellen zitiert und es wird auf INTERESSENSKONFLIKTE hingewiesen.&#8220; use_icon=&#8220;on&#8220; font_icon=&#8220;&#xe051;||divi||400&#8243; icon_color=&#8220;#E02B20&#8243; icon_placement=&#8220;left&#8220; image_icon_width=&#8220;50px&#8220; content_max_width=&#8220;100%&#8220; admin_label=&#8220;4 Rot\/ Nicht erf\u00fcllt &#8220; _builder_version=&#8220;4.13.0&#8243; _module_preset=&#8220;default&#8220; header_font_size=&#8220;18px&#8220; custom_margin=&#8220;||35px||false|false&#8220; custom_padding=&#8220;||||false|false&#8220; icon_font_size=&#8220;50px&#8220; global_colors_info=&#8220;{}&#8220;]<\/p>\n<p>Der Interessenskonflikt &#8211; die Wissenschaftler betreiben eine Firma und suchen Risikokapital &#8211; wird benannt. Es fehlt jedoch eine kritische Einsch\u00e4tzung der Ergebnisse durch einen oder besser mehrere unabh\u00e4ngigen Experten. Neben den Studienautoren wird lediglich kurz der \u201eVerj\u00fcngungsforscher\u201c Aubrey Grey angef\u00fchrt, der die Ergebnisse \u201ebeeindruckend\u201c und \u201ehochmotivierend\u201c nennt, ansonsten aber keine inhaltliche Einsch\u00e4tzung liefert. Hier fehlt auch der Hinweis, dass Grey als Forscher h\u00f6chst umstrittenen ist. Seit vielen Jahren prophezeit er, dass Menschen bald unsterblich sein werden (siehe z.B. <a href=\"https:\/\/www.zeit.de\/zeit-magazin\/2018\/37\/unsterblichkeit-ewiges-leben-abschaffung-tod-aubrey-de-grey\/komplettansicht\">hier<\/a>).<\/p>\n<p>[\/et_pb_blurb][et_pb_blurb title=&#8220;5. Der Beitrag geht \u00fcber die PRESSEMITTEILUNG hinaus.&#8220; use_icon=&#8220;on&#8220; font_icon=&#8220;&#xe055;||divi||400&#8243; icon_color=&#8220;rgba(68,68,68,0.68)&#8220; icon_placement=&#8220;left&#8220; image_icon_width=&#8220;50px&#8220; content_max_width=&#8220;100%&#8220; admin_label=&#8220;5 Grau \/ Nicht anwendbar &#8220; _builder_version=&#8220;4.13.0&#8243; _module_preset=&#8220;default&#8220; header_font_size=&#8220;18px&#8220; custom_margin=&#8220;||35px||false|false&#8220; icon_font_size=&#8220;50px&#8220; global_colors_info=&#8220;{}&#8220;]<\/p>\n<p>Keine Pressemitteilung vorhanden.<\/p>\n<p>[\/et_pb_blurb][et_pb_blurb title=&#8220;6. Der Beitrag macht klar, wie NEU der Ansatz wirklich ist.&#8220; use_icon=&#8220;on&#8220; font_icon=&#8220;&#xe051;||divi||400&#8243; icon_color=&#8220;#E02B20&#8243; icon_placement=&#8220;left&#8220; image_icon_width=&#8220;50px&#8220; content_max_width=&#8220;100%&#8220; admin_label=&#8220;6 Rot\/ Nicht erf\u00fcllt &#8220; _builder_version=&#8220;4.13.0&#8243; _module_preset=&#8220;default&#8220; header_font_size=&#8220;18px&#8220; custom_margin=&#8220;||35px||false|false&#8220; custom_padding=&#8220;||||false|false&#8220; icon_font_size=&#8220;50px&#8220; global_colors_info=&#8220;{}&#8220;]<\/p>\n<p>Die vorgestellten Ergebnisse werden als neu, ja gar als \u201eRevolution\u201c bezeichnet. Ob mit den genannten Mitteln schon l\u00e4nger experimentiert wird, oder ob dieser Ansatz allein von den genannten Forschern verfolgt wird, erfahren Leserinnen und Leser nicht. Metformin beispielsweise wird auch in anderen Anti-Aging-Studien getestet (<a href=\"https:\/\/www.pharmazeutische-zeitung.de\/ausgabe-072018\/auf-dem-weg-zum-jungbrunnen\/\">pharmazeutische-zeitung.de\/ausgabe-072018<\/a>), \u00fcber DHEA wurde schon 1995 diskutiert. (<a href=\"https:\/\/www.focus.de\/gesundheit\/news\/medizin-hormoncocktail-als-jungbrunnen_aid_153512.html\">focus.de\/gesundheit\/news<\/a>)<\/p>\n<p>[\/et_pb_blurb][et_pb_blurb title=&#8220;7. Es werden ALTERNATIVE Behandlungsarten\/Produkte\/Tests vorgestellt.&#8220; use_icon=&#8220;on&#8220; font_icon=&#8220;&#xe051;||divi||400&#8243; icon_color=&#8220;#E02B20&#8243; icon_placement=&#8220;left&#8220; image_icon_width=&#8220;50px&#8220; content_max_width=&#8220;100%&#8220; admin_label=&#8220;7 Rot\/ Nicht erf\u00fcllt &#8220; _builder_version=&#8220;4.13.0&#8243; _module_preset=&#8220;default&#8220; header_font_size=&#8220;18px&#8220; custom_margin=&#8220;||35px||false|false&#8220; custom_padding=&#8220;||||false|false&#8220; icon_font_size=&#8220;50px&#8220; global_colors_info=&#8220;{}&#8220;]<\/p>\n<p>Zwar wird im Beitrag allgemein auf Alternativen eingegangen: \u201eEine ganze Reihe von Medikamenten und Verfahren werden erprobt, die das Altern bremsen, aufhalten oder sogar umkehren k\u00f6nnten\u201c. Es werden aber keine anderen Mitteln und Verfahren vorgestellt, die immer wieder einmal als medizinischer Jungbrunnen angepriesen wurden. Daher werten wir knapp \u201eNICHT ERF\u00dcLLT\u201c.<\/p>\n<p>[\/et_pb_blurb][et_pb_blurb title=&#8220;8. Es wird klar, ob oder wann ein(e) Therapie\/Produkt\/Test VERF\u00dcGBAR ist.&#8220; use_icon=&#8220;on&#8220; font_icon=&#8220;&#xe052;||divi||400&#8243; icon_color=&#8220;#7AAE30&#8243; icon_placement=&#8220;left&#8220; image_icon_width=&#8220;50px&#8220; content_max_width=&#8220;100%&#8220; admin_label=&#8220;8 Gr\u00fcn \/ Erf\u00fcllt&#8220; _builder_version=&#8220;4.13.0&#8243; _module_preset=&#8220;default&#8220; header_font_size=&#8220;18px&#8220; custom_margin=&#8220;||35px||false|false&#8220; icon_font_size=&#8220;50px&#8220; global_colors_info=&#8220;{}&#8220;]<\/p>\n<p>Zwar wird im Beitrag allgemein auf Alternativen eingegangen: \u201eEine ganze Reihe von Medikamenten und Verfahren werden erprobt, die das Altern bremsen, aufhalten oder sogar umkehren k\u00f6nnten\u201c. Es werden aber keine anderen Mitteln und Verfahren vorgestellt, die immer wieder einmal als medizinischer Jungbrunnen angepriesen wurden. Daher werten wir knapp \u201eNICHT ERF\u00dcLLT\u201c.<\/p>\n<p>[\/et_pb_blurb][et_pb_blurb title=&#8220;9. Der Beitrag geht (angemessen) auf die KOSTEN ein.&#8220; use_icon=&#8220;on&#8220; font_icon=&#8220;&#xe051;||divi||400&#8243; icon_color=&#8220;#E02B20&#8243; icon_placement=&#8220;left&#8220; image_icon_width=&#8220;50px&#8220; content_max_width=&#8220;100%&#8220; admin_label=&#8220;9 Rot\/ Nicht erf\u00fcllt &#8220; _builder_version=&#8220;4.13.0&#8243; _module_preset=&#8220;default&#8220; header_font_size=&#8220;18px&#8220; custom_margin=&#8220;||35px||false|false&#8220; custom_padding=&#8220;||||false|false&#8220; icon_font_size=&#8220;50px&#8220; global_colors_info=&#8220;{}&#8220;]<\/p>\n<p>Kosten des Ansatzes sind nicht thematisiert worden. Das w\u00e4re aufgrund der L\u00e4nge des Beitrags und der Tatsache, dass die Wirkstoffe verf\u00fcgbar sind und auch, dass in der beschriebenen Verj\u00fcngungsszene oftmals mit teuren Nahrungserg\u00e4nzungsmitteln hantiert wird, angebracht gewesen.<\/p>\n<p>[\/et_pb_blurb][et_pb_blurb title=&#8220;10. Der Beitrag vermeidet Krankheits\u00fcbertreibungen\/-erfindungen (DISEASE MONGERING).&#8220; use_icon=&#8220;on&#8220; font_icon=&#8220;&#xe051;||divi||400&#8243; icon_color=&#8220;#E02B20&#8243; icon_placement=&#8220;left&#8220; image_icon_width=&#8220;50px&#8220; content_max_width=&#8220;100%&#8220; admin_label=&#8220;10 Rot\/ Nicht erf\u00fcllt &#8220; _builder_version=&#8220;4.13.0&#8243; _module_preset=&#8220;default&#8220; header_font_size=&#8220;18px&#8220; custom_margin=&#8220;||35px||false|false&#8220; custom_padding=&#8220;||||false|false&#8220; icon_font_size=&#8220;50px&#8220; global_colors_info=&#8220;{}&#8220;]<\/p>\n<p>Der Artikel (wie auch die Studie) misst dem sogenannten biologischen Alter eine gro\u00dfe Bedeutung zu, das durch Laborparameter gemessen wird (DNAmGrimAge-Clock): \u201eDas biologische Alter ist, wenn man so will, das richtige Alter eines Menschen.\u201c Weiter hei\u00dft es: \u201eWer das biologische Alter nutzt, kann viel pr\u00e4ziser vorhersagen, ob ein Mensch eine altersbedingte Krankheit bekommen oder gar in K\u00fcrze sterben wird.\u201c Aufgrund der Tatsache, dass die Bedeutung dieser Ans\u00e4tze nicht hinreichend belegt ist, werten wir diese unkritische Darstellung als Disease Mongering.<\/p>\n<p>[\/et_pb_blurb][et_pb_text admin_label=&#8220;Headline Allgemeinjournalistische Kriterien&#8220; _builder_version=&#8220;4.10.6&#8243; _module_preset=&#8220;default&#8220; text_text_color=&#8220;#FFFFFF&#8220; background_color=&#8220;RGBA(0,0,0,0)&#8220; custom_margin=&#8220;5px||5px||false|false&#8220; saved_tabs=&#8220;all&#8220; global_colors_info=&#8220;{}&#8220;]<\/p>\n<h1>Allgemeinjournalistische Kriterien<\/h1>\n<p>[\/et_pb_text][et_pb_blurb title=&#8220;1. Das THEMA ist aktuell, relevant oder ungew\u00f6hnlich.&#8220; use_icon=&#8220;on&#8220; font_icon=&#8220;&#xe052;||divi||400&#8243; icon_color=&#8220;#7AAE30&#8243; icon_placement=&#8220;left&#8220; image_icon_width=&#8220;50px&#8220; content_max_width=&#8220;100%&#8220; admin_label=&#8220;1 Gr\u00fcn \/ Erf\u00fcllt&#8220; _builder_version=&#8220;4.13.0&#8243; _module_preset=&#8220;default&#8220; header_font_size=&#8220;18px&#8220; custom_margin=&#8220;||35px||false|false&#8220; icon_font_size=&#8220;50px&#8220; global_colors_info=&#8220;{}&#8220;]<\/p>\n<p>Die Resultate und der Ansatz sind ungew\u00f6hnlich, der Kongress ein aktueller Anlass und das Thema Altern ist ein sehr relevantes. Andererseits wurde die Studie noch nicht in einem Fachjournal ver\u00f6ffentlicht und f\u00e4llt so klein aus, dass man sich auch gegen ein Thematisieren h\u00e4tten entscheiden k\u00f6nnen. F\u00fcr die Ver\u00f6ffentlichung spricht, dass die Redaktion die Studie zumindest einsehen konnte. Ohne diese M\u00f6glichkeit h\u00e4tten wir eine Ver\u00f6ffentlichung f\u00fcr nicht angebracht gehalten. Alles in allem werten wir daher knapp \u201eERF\u00dcLLT\u201c.<\/p>\n<p>[\/et_pb_blurb][et_pb_blurb title=&#8220;2. Die journalistische Umsetzung des Themas ist gelungen? (VERST\u00c4NDLICHKEIT\/VERMITTLUNG)&#8220; use_icon=&#8220;on&#8220; font_icon=&#8220;&#xe051;||divi||400&#8243; icon_color=&#8220;#E02B20&#8243; icon_placement=&#8220;left&#8220; image_icon_width=&#8220;50px&#8220; content_max_width=&#8220;100%&#8220; admin_label=&#8220;2 Rot\/ Nicht erf\u00fcllt &#8220; _builder_version=&#8220;4.13.0&#8243; _module_preset=&#8220;default&#8220; header_font_size=&#8220;18px&#8220; custom_margin=&#8220;||35px||false|false&#8220; custom_padding=&#8220;||||false|false&#8220; icon_font_size=&#8220;50px&#8220; global_colors_info=&#8220;{}&#8220;]<\/p>\n<p>Der Beitrag ist sch\u00f6n geschrieben, gut verst\u00e4ndlich und teils mitrei\u00dfend. Gleichwohl irritiert das Schwanken zwischen der fachlich gut begr\u00fcndeten Skepsis und einer immer wieder durchbrechenden Begeisterung mit vollmundigen Formulierungen wie \u201eRevolution\u201c, \u201edas ewige Gesetz des Lebens au\u00dfer Kraft setzen\u201c, \u201eWer braucht noch G\u00f6tter, wenn der Tod gestorben ist\u201c, oder auch, es lie\u00dfe sich \u201edas wahre Alter\u201c eines Menschen bestimmen (wie w\u00e4re das definiert?). Diese von Superlativen gepr\u00e4gte Sprache vermittelt vor allem den Eindruck, dass hier revolution\u00e4re und sehr bedeutende Forschung gemacht wurde \u2013 etwas, das die Studie keineswegs halten kann. Aufgrund dieses verwirrenden Widerspruchs zwischen Darstellung und Details werten wir knapp \u201eNICHT ERF\u00dcLLT\u201c.<\/p>\n<p>[\/et_pb_blurb][et_pb_blurb title=&#8220;3. Die Fakten sind richtig dargestellt?&#8220; use_icon=&#8220;on&#8220; font_icon=&#8220;&#xe051;||divi||400&#8243; icon_color=&#8220;#E02B20&#8243; icon_placement=&#8220;left&#8220; image_icon_width=&#8220;50px&#8220; content_max_width=&#8220;100%&#8220; admin_label=&#8220;3 Rot\/ Nicht erf\u00fcllt &#8220; _builder_version=&#8220;4.13.0&#8243; _module_preset=&#8220;default&#8220; header_font_size=&#8220;18px&#8220; custom_margin=&#8220;||35px||false|false&#8220; custom_padding=&#8220;||||false|false&#8220; icon_font_size=&#8220;50px&#8220; global_colors_info=&#8220;{}&#8220;]<\/p>\n<p>Die Formulierung, die Versuchspersonen h\u00e4tten \u201ezweieinhalb Jahre Lebenszeit gewonnen\u201c, ist nicht haltbar. Der Versuch lief \u00fcberhaupt nur \u00fcber einen Zeitraum von zw\u00f6lf Monaten, eine Vergleichsgruppe gab es nicht, und es wurden lediglich Biomarker gemessen, die mit der Lebensdauer assoziiert sind. Ob eine Ver\u00e4nderung der Marker aber das Leben der Teilnehmer tats\u00e4chlich verl\u00e4ngern wird, ist v\u00f6llig unklar.<\/p>\n<p>[\/et_pb_blurb][\/et_pb_column][\/et_pb_row][\/et_pb_section][et_pb_section fb_built=&#8220;1&#8243; _builder_version=&#8220;4.9.10&#8243; _module_preset=&#8220;default&#8220; background_color=&#8220;#f4f4f4&#8243; custom_margin=&#8220;0px||0px||false|false&#8220; custom_padding=&#8220;0px||0px||false|false&#8220; da_disable_devices=&#8220;off|off|off&#8220; global_colors_info=&#8220;{}&#8220; da_is_popup=&#8220;off&#8220; da_exit_intent=&#8220;off&#8220; da_has_close=&#8220;on&#8220; da_alt_close=&#8220;off&#8220; da_dark_close=&#8220;off&#8220; da_not_modal=&#8220;on&#8220; da_is_singular=&#8220;off&#8220; da_with_loader=&#8220;off&#8220; da_has_shadow=&#8220;on&#8220;][et_pb_row admin_label=&#8220;Endnote Kriterien&#8220; _builder_version=&#8220;4.9.4&#8243; _module_preset=&#8220;default&#8220; background_color=&#8220;RGBA(0,0,0,0)&#8220; width=&#8220;100%&#8220; custom_margin=&#8220;0px|0px|0px|0px|false|false&#8220; custom_padding=&#8220;15px|15px|15px|15px|false|false&#8220; global_colors_info=&#8220;{}&#8220;][et_pb_column type=&#8220;4_4&#8243; _builder_version=&#8220;4.9.4&#8243; _module_preset=&#8220;default&#8220; global_colors_info=&#8220;{}&#8220;][et_pb_text admin_label=&#8220;Headline &amp; Text&#8220; _builder_version=&#8220;4.11.4&#8243; _module_preset=&#8220;default&#8220; custom_margin=&#8220;||5px|||&#8220; global_colors_info=&#8220;{}&#8220;]<\/p>\n<h3>Medizinjournalistische Kriterien: 3 von 10 erf\u00fcllt<\/h3>\n<h3>Allgemeinjournalistische Kriterien: 1 von 3 erf\u00fcllt<\/h3>\n<p>[\/et_pb_text][dipl_star_rating rating=&#8220;@ET-DC@eyJkeW5hbWljIjp0cnVlLCJjb250ZW50IjoiY3VzdG9tX21ldGFfc3Rlcm5lIiwic2V0dGluZ3MiOnsiYmVmb3JlIjoiIiwiYWZ0ZXIiOiIiLCJlbmFibGVfaHRtbCI6Im9mZiJ9fQ==@&#8220; rating_out_of=&#8220;5&#8243; rating_position=&#8220;after_title&#8220; show_rating_number=&#8220;off&#8220; star_font_size=&#8220;35px&#8220; empty_star_color=&#8220;#969696&#8243; _builder_version=&#8220;4.9.11&#8243; _dynamic_attributes=&#8220;rating&#8220; _module_preset=&#8220;default&#8220; text_orientation=&#8220;left&#8220; custom_margin=&#8220;10px||0px||false|false&#8220; custom_padding=&#8220;10px||0px||false|false&#8220; global_module=&#8220;321&#8243; saved_tabs=&#8220;all&#8220; global_colors_info=&#8220;{}&#8220;][\/dipl_star_rating][\/et_pb_column][\/et_pb_row][\/et_pb_section][et_pb_section fb_built=&#8220;1&#8243; admin_label=&#8220;Bewertungen Legende &#8220; _builder_version=&#8220;4.9.4&#8243; _module_preset=&#8220;default&#8220; custom_padding=&#8220;4px||5px|||&#8220; da_disable_devices=&#8220;off|off|off&#8220; global_module=&#8220;323&#8243; saved_tabs=&#8220;all&#8220; collapsed=&#8220;off&#8220; global_colors_info=&#8220;{}&#8220; da_is_popup=&#8220;off&#8220; da_exit_intent=&#8220;off&#8220; da_has_close=&#8220;on&#8220; da_alt_close=&#8220;off&#8220; da_dark_close=&#8220;off&#8220; da_not_modal=&#8220;on&#8220; da_is_singular=&#8220;off&#8220; da_with_loader=&#8220;off&#8220; da_has_shadow=&#8220;on&#8220;][et_pb_row column_structure=&#8220;1_3,1_3,1_3&#8243; _builder_version=&#8220;4.9.4&#8243; _module_preset=&#8220;default&#8220; custom_padding=&#8220;||6px|||&#8220; global_colors_info=&#8220;{}&#8220;][et_pb_column type=&#8220;1_3&#8243; _builder_version=&#8220;4.9.4&#8243; _module_preset=&#8220;default&#8220; global_colors_info=&#8220;{}&#8220;][et_pb_blurb title=&#8220;Kriterium erf\u00fcllt &#8220; use_icon=&#8220;on&#8220; font_icon=&#8220;&#xe052;||divi||400&#8243; icon_color=&#8220;#7AAE30&#8243; icon_placement=&#8220;left&#8220; _builder_version=&#8220;4.13.0&#8243; _module_preset=&#8220;default&#8220; header_text_color=&#8220;#444444&#8243; header_font_size=&#8220;16px&#8220; header_line_height=&#8220;2em&#8220; custom_margin=&#8220;|0px|0px||false|false&#8220; custom_padding=&#8220;0px|0px|0px||false|false&#8220; global_colors_info=&#8220;{}&#8220;][\/et_pb_blurb][\/et_pb_column][et_pb_column type=&#8220;1_3&#8243; _builder_version=&#8220;4.9.4&#8243; _module_preset=&#8220;default&#8220; global_colors_info=&#8220;{}&#8220;][et_pb_blurb title=&#8220;Kriterium nicht erf\u00fcllt&#8220; use_icon=&#8220;on&#8220; font_icon=&#8220;&#xe051;||divi||400&#8243; icon_color=&#8220;#E02B20&#8243; icon_placement=&#8220;left&#8220; _builder_version=&#8220;4.13.0&#8243; _module_preset=&#8220;default&#8220; header_text_color=&#8220;#444444&#8243; header_font_size=&#8220;16px&#8220; header_line_height=&#8220;2em&#8220; custom_margin=&#8220;||0px|0px|false|false&#8220; custom_padding=&#8220;0px||0px|0px|false|false&#8220; global_colors_info=&#8220;{}&#8220;][\/et_pb_blurb][\/et_pb_column][et_pb_column type=&#8220;1_3&#8243; _builder_version=&#8220;4.9.4&#8243; _module_preset=&#8220;default&#8220; global_colors_info=&#8220;{}&#8220;][et_pb_blurb title=&#8220;Kriterium nicht anwendbar&#8220; use_icon=&#8220;on&#8220; font_icon=&#8220;&#xe055;||divi||400&#8243; icon_color=&#8220;rgba(68,68,68,0.68)&#8220; icon_placement=&#8220;left&#8220; _builder_version=&#8220;4.13.0&#8243; _module_preset=&#8220;default&#8220; header_text_color=&#8220;#444444&#8243; header_font_size=&#8220;16px&#8220; header_line_height=&#8220;2em&#8220; custom_margin=&#8220;||0px|0px|false|false&#8220; custom_padding=&#8220;0px||0px||false|false&#8220; global_colors_info=&#8220;{}&#8220;][\/et_pb_blurb][\/et_pb_column][\/et_pb_row][\/et_pb_section][et_pb_section fb_built=&#8220;1&#8243; admin_label=&#8220;Schreiben Sie uns&#8220; _builder_version=&#8220;4.9.10&#8243; _module_preset=&#8220;default&#8220; custom_margin=&#8220;||0px||false|false&#8220; custom_padding=&#8220;5px||0px||false|false&#8220; da_disable_devices=&#8220;off|off|off&#8220; global_module=&#8220;1074&#8243; saved_tabs=&#8220;all&#8220; global_colors_info=&#8220;{}&#8220; da_is_popup=&#8220;off&#8220; da_exit_intent=&#8220;off&#8220; da_has_close=&#8220;on&#8220; da_alt_close=&#8220;off&#8220; da_dark_close=&#8220;off&#8220; da_not_modal=&#8220;on&#8220; da_is_singular=&#8220;off&#8220; da_with_loader=&#8220;off&#8220; da_has_shadow=&#8220;on&#8220;][et_pb_row _builder_version=&#8220;4.10.7&#8243; _module_preset=&#8220;default&#8220; custom_padding=&#8220;7px||25px||false|false&#8220; global_colors_info=&#8220;{}&#8220;][et_pb_column type=&#8220;4_4&#8243; _builder_version=&#8220;4.9.10&#8243; _module_preset=&#8220;default&#8220; global_colors_info=&#8220;{}&#8220;][et_pb_button button_url=&#8220;mailto:astrid.viciano@tu-dortmund.de?Subject=Beitrag%20im%20Medien-Doktor%20Gesundheit&#8220; button_text=&#8220;Schreiben Sie uns&#8220; button_alignment=&#8220;left&#8220; _builder_version=&#8220;4.9.10&#8243; _module_preset=&#8220;default&#8220; global_colors_info=&#8220;{}&#8220;][\/et_pb_button][\/et_pb_column][\/et_pb_row][\/et_pb_section]<\/p>\n","protected":false},"excerpt":{"rendered":"<p>Der Artikel auf Zeit Online hat eine faszinierende Thematik aufgegriffen: Ob es wohl m\u00f6glich ist, das Altern aufzuhalten oder gar umzukehren. Im Text wird eine neue Studie beschrieben, die allerdings bislang nur auf einem Kongress vorgestellt und nicht den \u00fcblichen Peer-Review-Prozess eines Fachjournals durchlaufen hat. Zwar wird dies im Artikel mehrfach erl\u00e4utert, doch gleichzeitig ist von einer \u201eZeitenwende\u201c und einer m\u00f6glichen \u201eRevolution\u201c die Rede, was den Lesern und Leserinnen suggerieren k\u00f6nnte, dass es sich hier um einen bedeutenden wissenschaftlichen Durchbruch handelt.<\/p>\n","protected":false},"author":8,"featured_media":2857,"comment_status":"closed","ping_status":"open","sticky":false,"template":"","format":"standard","meta":{"_acf_changed":false,"_et_pb_use_builder":"on","_et_pb_old_content":"","_et_gb_content_width":"","footnotes":""},"categories":[45],"tags":[],"special":[],"class_list":["post-2819","post","type-post","status-publish","format-standard","has-post-thumbnail","hentry","category-zeit-online"],"acf":[],"_links":{"self":[{"href":"https:\/\/medien-doktor.de\/gesundheit\/wp-json\/wp\/v2\/posts\/2819","targetHints":{"allow":["GET"]}}],"collection":[{"href":"https:\/\/medien-doktor.de\/gesundheit\/wp-json\/wp\/v2\/posts"}],"about":[{"href":"https:\/\/medien-doktor.de\/gesundheit\/wp-json\/wp\/v2\/types\/post"}],"author":[{"embeddable":true,"href":"https:\/\/medien-doktor.de\/gesundheit\/wp-json\/wp\/v2\/users\/8"}],"replies":[{"embeddable":true,"href":"https:\/\/medien-doktor.de\/gesundheit\/wp-json\/wp\/v2\/comments?post=2819"}],"version-history":[{"count":10,"href":"https:\/\/medien-doktor.de\/gesundheit\/wp-json\/wp\/v2\/posts\/2819\/revisions"}],"predecessor-version":[{"id":2995,"href":"https:\/\/medien-doktor.de\/gesundheit\/wp-json\/wp\/v2\/posts\/2819\/revisions\/2995"}],"wp:featuredmedia":[{"embeddable":true,"href":"https:\/\/medien-doktor.de\/gesundheit\/wp-json\/wp\/v2\/media\/2857"}],"wp:attachment":[{"href":"https:\/\/medien-doktor.de\/gesundheit\/wp-json\/wp\/v2\/media?parent=2819"}],"wp:term":[{"taxonomy":"category","embeddable":true,"href":"https:\/\/medien-doktor.de\/gesundheit\/wp-json\/wp\/v2\/categories?post=2819"},{"taxonomy":"post_tag","embeddable":true,"href":"https:\/\/medien-doktor.de\/gesundheit\/wp-json\/wp\/v2\/tags?post=2819"},{"taxonomy":"special","embeddable":true,"href":"https:\/\/medien-doktor.de\/gesundheit\/wp-json\/wp\/v2\/special?post=2819"}],"curies":[{"name":"wp","href":"https:\/\/api.w.org\/{rel}","templated":true}]}}