{"id":2749,"date":"2019-09-13T12:00:42","date_gmt":"2019-09-13T10:00:42","guid":{"rendered":"https:\/\/medien-doktor.de\/gesundheit\/?p=2749"},"modified":"2021-11-05T20:46:55","modified_gmt":"2021-11-05T19:46:55","slug":"unfassbar-junge-isst-jahrelang-nur-pommes-und-chips-jetzt-ist-er-blind","status":"publish","type":"post","link":"https:\/\/medien-doktor.de\/gesundheit\/2019\/09\/unfassbar-junge-isst-jahrelang-nur-pommes-und-chips-jetzt-ist-er-blind\/","title":{"rendered":"\u201eUnfassbar Junge isst jahrelang nur Pommes und Chips \u2013 jetzt ist er blind\u201c"},"content":{"rendered":"<p>[et_pb_section fb_built=&#8220;1&#8243; admin_label=&#8220;Sektion&#8220; _builder_version=&#8220;4.9.10&#8243; _module_preset=&#8220;default&#8220; background_color=&#8220;#f4f4f4&#8243; custom_margin=&#8220;0px||0px||false|false&#8220; custom_padding=&#8220;0px||0px||false|false&#8220; da_disable_devices=&#8220;off|off|off&#8220; global_colors_info=&#8220;{}&#8220; da_is_popup=&#8220;off&#8220; da_exit_intent=&#8220;off&#8220; da_has_close=&#8220;on&#8220; da_alt_close=&#8220;off&#8220; da_dark_close=&#8220;off&#8220; da_not_modal=&#8220;on&#8220; da_is_singular=&#8220;off&#8220; da_with_loader=&#8220;off&#8220; da_has_shadow=&#8220;on&#8220;][et_pb_row column_structure=&#8220;2_3,1_3&#8243; admin_label=&#8220;Medium und Link&#8220; _builder_version=&#8220;4.9.10&#8243; _module_preset=&#8220;default&#8220; background_color=&#8220;RGBA(0,0,0,0)&#8220; width=&#8220;100%&#8220; custom_margin=&#8220;0px|0px|0px|0px|false|false&#8220; custom_padding=&#8220;15px|15px|15px|15px|false|false&#8220; global_colors_info=&#8220;{}&#8220;][et_pb_column type=&#8220;2_3&#8243; _builder_version=&#8220;4.9.4&#8243; _module_preset=&#8220;default&#8220; global_colors_info=&#8220;{}&#8220;][et_pb_text admin_label=&#8220;Datum&#8220; _builder_version=&#8220;4.9.10&#8243; _dynamic_attributes=&#8220;content&#8220; _module_preset=&#8220;default&#8220; custom_margin=&#8220;0px||0px||false|false&#8220; custom_padding=&#8220;0px||0px||false|false&#8220; global_module=&#8220;320&#8243; saved_tabs=&#8220;all&#8220; global_colors_info=&#8220;{}&#8220;]@ET-DC@eyJkeW5hbWljIjp0cnVlLCJjb250ZW50IjoicG9zdF9kYXRlIiwic2V0dGluZ3MiOnsiYmVmb3JlIjoiQmV3ZXJ0ZXQgYW0gIiwiYWZ0ZXIiOiIiLCJkYXRlX2Zvcm1hdCI6ImRlZmF1bHQiLCJjdXN0b21fZGF0ZV9mb3JtYXQiOiIifX0=@[\/et_pb_text][et_pb_text admin_label=&#8220;Medium&#8220; _builder_version=&#8220;4.9.10&#8243; _dynamic_attributes=&#8220;content&#8220; _module_preset=&#8220;default&#8220; custom_margin=&#8220;0px||0px||false|false&#8220; custom_padding=&#8220;0px||0px||false|false&#8220; global_module=&#8220;318&#8243; saved_tabs=&#8220;all&#8220; global_colors_info=&#8220;{}&#8220;]@ET-DC@eyJkeW5hbWljIjp0cnVlLCJjb250ZW50IjoicG9zdF9jYXRlZ29yaWVzIiwic2V0dGluZ3MiOnsiYmVmb3JlIjoiVmVyXHUwMGY2ZmZlbnRsaWNodCB2b246ICIsImFmdGVyIjoiIiwibGlua190b190ZXJtX3BhZ2UiOiJvZmYiLCJzZXBhcmF0b3IiOiIgfCAiLCJjYXRlZ29yeV90eXBlIjoiY2F0ZWdvcnkifX0=@[\/et_pb_text][\/et_pb_column][et_pb_column type=&#8220;1_3&#8243; _builder_version=&#8220;4.9.4&#8243; _module_preset=&#8220;default&#8220; global_colors_info=&#8220;{}&#8220;][et_pb_button button_text=&#8220;zum Originalartikel&#8220; button_alignment=&#8220;right&#8220; admin_label=&#8220;Link Original&#8220; _builder_version=&#8220;4.11.3&#8243; _module_preset=&#8220;default&#8220; custom_margin=&#8220;0px||||false|false&#8220; custom_margin_tablet=&#8220;&#8220; custom_margin_phone=&#8220;-14px||||false|false&#8220; custom_margin_last_edited=&#8220;on|desktop&#8220; custom_padding=&#8220;0px||||false|false&#8220; global_colors_info=&#8220;{}&#8220;][\/et_pb_button][\/et_pb_column][\/et_pb_row][\/et_pb_section][et_pb_section fb_built=&#8220;1&#8243; admin_label=&#8220;Sektion&#8220; _builder_version=&#8220;4.9.4&#8243; _module_preset=&#8220;default&#8220; custom_margin=&#8220;10px||10px||false|false&#8220; custom_padding=&#8220;10px||10px||false|false&#8220; da_disable_devices=&#8220;off|off|off&#8220; global_colors_info=&#8220;{}&#8220; da_is_popup=&#8220;off&#8220; da_exit_intent=&#8220;off&#8220; da_has_close=&#8220;on&#8220; da_alt_close=&#8220;off&#8220; da_dark_close=&#8220;off&#8220; da_not_modal=&#8220;on&#8220; da_is_singular=&#8220;off&#8220; da_with_loader=&#8220;off&#8220; da_has_shadow=&#8220;on&#8220;][et_pb_row admin_label=&#8220;Einleitung&#8220; _builder_version=&#8220;4.9.4&#8243; _module_preset=&#8220;default&#8220; custom_margin=&#8220;0px||0px||false|false&#8220; custom_padding=&#8220;0px||0px||false|false&#8220; global_colors_info=&#8220;{}&#8220;][et_pb_column type=&#8220;4_4&#8243; _builder_version=&#8220;4.9.4&#8243; _module_preset=&#8220;default&#8220; global_colors_info=&#8220;{}&#8220;][et_pb_text _builder_version=&#8220;4.11.3&#8243; _module_preset=&#8220;default&#8220; global_colors_info=&#8220;{}&#8220;]<\/p>\n<p>In dieser Woche haben wir ein Thema aufgegriffen, \u00fcber das in den vergangenen Tagen viele deutsche Medien berichtet hatten: Ein Junge aus Gro\u00dfbritannien hat sich demnach \u00fcber Jahre hinweg von Chips und Pommes, Schinken und Wei\u00dfbrot ern\u00e4hrt. Er entwickelte (unter anderem) einen ausgepr\u00e4gten Vitamin B12-Mangel, nun ist er fast blind. Diesen Fallbericht hat auch die Hamburger Morgenpost (online) zum Anlass f\u00fcr einen kurzen Artikel genommen, es allerdings vers\u00e4umt, medizinische Zusammenh\u00e4nge verst\u00e4ndlich zu erkl\u00e4ren. Leider finden sich auch Faktenfehler im Text. Die ungelenken Formulierungen lassen zudem vermuten, dass hier zumindest teilweise aus dem Englischen \u00fcbersetzt wurde.<\/p>\n<p>[\/et_pb_text][\/et_pb_column][\/et_pb_row][\/et_pb_section][et_pb_section fb_built=&#8220;1&#8243; admin_label=&#8220;Sektion&#8220; _builder_version=&#8220;4.9.10&#8243; _module_preset=&#8220;default&#8220; background_color=&#8220;#f4f4f4&#8243; custom_margin=&#8220;0px||0px||false|false&#8220; custom_padding=&#8220;0px||0px||false|false&#8220; da_disable_devices=&#8220;off|off|off&#8220; global_colors_info=&#8220;{}&#8220; da_is_popup=&#8220;off&#8220; da_exit_intent=&#8220;off&#8220; da_has_close=&#8220;on&#8220; da_alt_close=&#8220;off&#8220; da_dark_close=&#8220;off&#8220; da_not_modal=&#8220;on&#8220; da_is_singular=&#8220;off&#8220; da_with_loader=&#8220;off&#8220; da_has_shadow=&#8220;on&#8220;][et_pb_row admin_label=&#8220;Zusammenfassung&#8220; _builder_version=&#8220;4.9.4&#8243; _module_preset=&#8220;default&#8220; background_color=&#8220;RGBA(0,0,0,0)&#8220; width=&#8220;100%&#8220; custom_margin=&#8220;0px|0px|0px|0px|false|false&#8220; custom_padding=&#8220;15px|15px|15px|15px|false|false&#8220; global_colors_info=&#8220;{}&#8220;][et_pb_column type=&#8220;4_4&#8243; _builder_version=&#8220;4.9.4&#8243; _module_preset=&#8220;default&#8220; global_colors_info=&#8220;{}&#8220;][et_pb_text admin_label=&#8220;Headline und Zusammenfassung&#8220; _builder_version=&#8220;4.11.3&#8243; _module_preset=&#8220;default&#8220; custom_margin=&#8220;||2px|||&#8220; saved_tabs=&#8220;all&#8220; global_colors_info=&#8220;{}&#8220;]<\/p>\n<h3>Zusammenfassung<\/h3>\n<p><span class=\"Apple-style-span\">In einem Beitrag der Hamburger Morgenpost (online) wird \u00fcber einen Jugendlichen berichtet, der nach einer jahrelangen Mangelern\u00e4hrung ohne ausreichend viele Vitamine nahezu erblindet ist. Dar\u00fcber hatten britische \u00c4rzte in einem Fallbericht im Fachblatt Annals of Internal Medicine berichtet. Leider vers\u00e4umt es der journalistische Artikel, die Leser mit den wichtigsten Informationen zum Krankheitsbild und seiner Therapie aufzukl\u00e4ren. Weder kommen Experten zu Wort, noch erf\u00e4hrt man etwas zur Studienlage. Es bleiben viele Fragen offen, einige Informationen sind irref\u00fchrend. Die Art der Aufz\u00e4hlung fehlender Vitamine im Text l\u00e4sst vermuten, dass vieles aus einem\u00a0<a href=\"https:\/\/www.dailymail.co.uk\/health\/article-7419161\/Boy-17-goes-blind-vitamin-deficiency-caused-diet-French-fries-Pringles.html\">Online-Beitrag der britischen Tageszeitung Daily Mail<\/a> stammen, auf den im deutschen Artikel auch Bezug genommen wird. Dort werden die gleichen Vitamine in derselben Reihenfolge genannt. Eine etwas missgl\u00fcckte \u00dcbersetzung erkl\u00e4rt auch, warum aus \u201ein a decade\u201c im deutschen Text \u201ejahrzehntelang\u201c wurde. Problematisch finden wir, dass manche S\u00e4tze eine Art Schuldzuschreibung erkennen lassen: \u201eNun muss er mit den fatalen Konsequenzen leben\u201c \u2013 als handle es sich um eine gerechte Strafe f\u00fcr die Fehlern\u00e4hrung, dass der Patient nun erblindet ist. Auch die Anmerkung \u201eTrotz seiner furchtbaren Krankheit hat der Junge seine Ern\u00e4hrung noch nicht umgestellt\u201c, suggeriert, dass hier jemand renitent an etwas festhalte, das ihm schadet. Das ist angesichts der vermuteten psychischen Erkrankung nicht nur falsch, sondern auch journalistisch unangemessen. Die Begutachtung best\u00e4tigt letztlich den ersten Eindruck: der Beitrag war uns als Negativ-Beispiel zur Bewertung vorgeschlagen worden.<\/span><\/p>\n<p><em>Hinweis: Der Originalbeitrag ist online nicht mehr abrufbar.\u00a0<\/em><\/p>\n<p>[\/et_pb_text][dipl_star_rating rating=&#8220;@ET-DC@eyJkeW5hbWljIjp0cnVlLCJjb250ZW50IjoiY3VzdG9tX21ldGFfc3Rlcm5lIiwic2V0dGluZ3MiOnsiYmVmb3JlIjoiIiwiYWZ0ZXIiOiIiLCJlbmFibGVfaHRtbCI6Im9mZiJ9fQ==@&#8220; rating_out_of=&#8220;5&#8243; rating_position=&#8220;after_title&#8220; show_rating_number=&#8220;off&#8220; star_font_size=&#8220;35px&#8220; empty_star_color=&#8220;#969696&#8243; _builder_version=&#8220;4.9.11&#8243; _dynamic_attributes=&#8220;rating&#8220; _module_preset=&#8220;default&#8220; text_orientation=&#8220;left&#8220; custom_margin=&#8220;10px||0px||false|false&#8220; custom_padding=&#8220;10px||0px||false|false&#8220; global_module=&#8220;321&#8243; saved_tabs=&#8220;all&#8220; global_colors_info=&#8220;{}&#8220;][\/dipl_star_rating][\/et_pb_column][\/et_pb_row][\/et_pb_section][et_pb_section fb_built=&#8220;1&#8243; _builder_version=&#8220;4.9.4&#8243; _module_preset=&#8220;default&#8220; custom_margin=&#8220;0px||||false|false&#8220; custom_padding=&#8220;0px||5px||false|false&#8220; da_disable_devices=&#8220;off|off|off&#8220; global_colors_info=&#8220;{}&#8220; da_is_popup=&#8220;off&#8220; da_exit_intent=&#8220;off&#8220; da_has_close=&#8220;on&#8220; da_alt_close=&#8220;off&#8220; da_dark_close=&#8220;off&#8220; da_not_modal=&#8220;on&#8220; da_is_singular=&#8220;off&#8220; da_with_loader=&#8220;off&#8220; da_has_shadow=&#8220;on&#8220;][et_pb_row admin_label=&#8220;Bewertungen&#8220; _builder_version=&#8220;4.9.10&#8243; _module_preset=&#8220;default&#8220; custom_margin=&#8220;||0px||false|false&#8220; custom_padding=&#8220;||0px||false|false&#8220; global_colors_info=&#8220;{}&#8220;][et_pb_column type=&#8220;4_4&#8243; _builder_version=&#8220;4.9.4&#8243; _module_preset=&#8220;default&#8220; global_colors_info=&#8220;{}&#8220;][et_pb_text admin_label=&#8220;Headline Medizinjournalistische Kriterien&#8220; _builder_version=&#8220;4.10.6&#8243; _module_preset=&#8220;default&#8220; text_text_color=&#8220;#FFFFFF&#8220; background_color=&#8220;RGBA(0,0,0,0)&#8220; custom_margin=&#8220;5px||5px||false|false&#8220; saved_tabs=&#8220;all&#8220; global_colors_info=&#8220;{}&#8220;]<\/p>\n<h1>Medizinjournalistische Kriterien<\/h1>\n<p>[\/et_pb_text][et_pb_blurb title=&#8220;1. Der NUTZEN ist ausreichend und verst\u00e4ndlich dargestellt.&#8220; use_icon=&#8220;on&#8220; font_icon=&#8220;&#xe051;||divi||400&#8243; icon_color=&#8220;#E02B20&#8243; icon_placement=&#8220;left&#8220; image_icon_width=&#8220;50px&#8220; content_max_width=&#8220;100%&#8220; admin_label=&#8220;1 Rot\/ Nicht erf\u00fcllt &#8220; _builder_version=&#8220;4.13.0&#8243; _module_preset=&#8220;default&#8220; header_font_size=&#8220;18px&#8220; custom_margin=&#8220;||35px||false|false&#8220; custom_padding=&#8220;||||false|false&#8220; icon_font_size=&#8220;50px&#8220; global_colors_info=&#8220;{}&#8220;]<\/p>\n<p>Im vorliegenden journalistischen Beitrag wird kein Medikament oder Verfahren vorgestellt, das einen Nutzen haben soll. Stattdessen geht es um gesunde Ern\u00e4hrung und den Nutzen von Vitaminen. \u201eKein einziger Bissen\u201c Obst und Gem\u00fcse als alleinige, indirekte Beschreibung ist aber nicht ausreichend, um eine gesunde Ern\u00e4hrung (oder das Fehlen einer gesunden Ern\u00e4hrung) zu charakterisieren. So kann zum Beispiel auch eine bestimmte vegane Ern\u00e4hrung die beschriebenen Vitaminmangelerscheinungen hervorrufen.<br \/>Es fehlt ebenfalls der Hinweis, dass der Patient bereits wegen seiner Blutarmut und seines Vitaminmangels behandelt worden war. Unklar bleibt im Artikel auch, wie die Mangelern\u00e4hrung mit der geschilderten Ess-St\u00f6rung zusammenh\u00e4ngt. Diese spezielle Form der Ess-St\u00f6rung ARFID (avoident-restrictive food intake disorder, auf Deutsch: vermeidend\/restriktive Ess-St\u00f6rung), \u00fcber die im medizinischen Fallbericht geschrieben wird, wird gar nicht explizit genannt. Der Nutzen einer auch im Hinblick auf Vitamine und Spurenelemente ausgewogenen Ern\u00e4hrung l\u00e4sst sich so nicht erkennen. Selbst der Zeitfaktor bleibt unerw\u00e4hnt, daher entsteht im journalistischen Beitrag der Eindruck, der Patient sei \u201enun\u201c quasi pl\u00f6tzlich erblindet. Das Ganze hatte aber jahrelangen Vorlauf, Therapien wurden nicht begonnen bzw. offenbar abgebrochen (\u201elapsed\u201c). Dadurch versteht der Leser nicht, dass eine Ern\u00e4hrungsumstellung und Vitamin-Supplementierungen bei einer ern\u00e4hrungsbedingten Erkrankung des Sehnervs eigentlich sehr gute Ergebnisse bringt, sogar dann noch, wenn bereits Sch\u00e4den aufgetreten sind.<\/p>\n<p>[\/et_pb_blurb][et_pb_blurb title=&#8220;2. RISIKEN und Nebenwirkungen werden angemessen ber\u00fccksichtigt.&#8220; use_icon=&#8220;on&#8220; font_icon=&#8220;&#xe051;||divi||400&#8243; icon_color=&#8220;#E02B20&#8243; icon_placement=&#8220;left&#8220; image_icon_width=&#8220;50px&#8220; content_max_width=&#8220;100%&#8220; admin_label=&#8220;2 Rot\/ Nicht erf\u00fcllt &#8220; _builder_version=&#8220;4.13.0&#8243; _module_preset=&#8220;default&#8220; header_font_size=&#8220;18px&#8220; custom_margin=&#8220;||35px||false|false&#8220; custom_padding=&#8220;||||false|false&#8220; icon_font_size=&#8220;50px&#8220; global_colors_info=&#8220;{}&#8220;]<\/p>\n<div id=\"criteria_box\">\n<div id=\"criteria_col_content\">\n<p><span class=\"Apple-style-span\">Als Risiken sind in diesem Beitrag die Folgen einer falschen Ern\u00e4hrung auf dem Boden einer Ess-St\u00f6rung zu sehen. Es reicht nicht hier zu erw\u00e4hnen, was der Patient gegessen hat und was nicht: so wird die Risikoverquickung von psychischer Problematik und N\u00e4hrstoffmangel nicht deutlich. Zudem kann man auch ohne Pommes, W\u00fcrstchen, Chips und Sandwiches solche M\u00e4ngelzust\u00e4nde erleiden. Es geht darum, dass der Mangel an ganz bestimmten Vitaminen und Spurenelementen dadurch erzeugt wird, dass man sehr einseitig isst. Dieses einseitige Essen kann auf einer Ess-St\u00f6rung basieren, aber auch auf einer ganz besonderen Di\u00e4t, oder aufgrund von Aufnahmest\u00f6rungen im Magen-Darmtrakt. Solange dieser Zusammenhang nicht erl\u00e4utert wird, bleiben die Risiken einer solchen Fehlern\u00e4hrung f\u00fcr die Leser unklar.<\/span><\/p>\n<\/div>\n<\/div>\n<p>[\/et_pb_blurb][et_pb_blurb title=&#8220;3. Die Qualit\u00e4t der Evidenz (STUDIEN etc.) wird richtig eingeordnet.&#8220; use_icon=&#8220;on&#8220; font_icon=&#8220;&#xe051;||divi||400&#8243; icon_color=&#8220;#E02B20&#8243; icon_placement=&#8220;left&#8220; image_icon_width=&#8220;50px&#8220; content_max_width=&#8220;100%&#8220; admin_label=&#8220;3 Rot\/ Nicht erf\u00fcllt &#8220; _builder_version=&#8220;4.13.0&#8243; _module_preset=&#8220;default&#8220; header_font_size=&#8220;18px&#8220; custom_margin=&#8220;||35px||false|false&#8220; custom_padding=&#8220;||||false|false&#8220; icon_font_size=&#8220;50px&#8220; global_colors_info=&#8220;{}&#8220;]<\/p>\n<p>Insgesamt handelt es sich bei medizinischen Fallberichten um eine niedrige Evidenzstufe. Wird nur ein Patient betrachtet, kann man damit nicht automatisch auf einen allgemeing\u00fcltigen Zusammenhang schlie\u00dfen. Wie gut die Studienlange insgesamt zum Einfluss von einem N\u00e4hrstoffmangel auf den Sehnerv und das Auge ist, bleibt in dem Artikel unbeantwortet.<br \/>So gibt es zum Beispiel \u00e4hnliche Mangelerscheinungen bei Alkoholikern und Rauchern (daher wurde diese Erkrankung auch \u201etobacco-alcohol-amblyopia\u201c genannt). Au\u00dferdem sind Veganer gef\u00e4hrdet, wenn sie die fehlenden Vitamine nicht richtig supplementieren. Gleiches gilt f\u00fcr Patienten nach einem bariatrischen Eingriff, zum Beispiel einer Teilresektion des Magens zur Reduktion einer ausgepr\u00e4gten Fettleibigkeit. Und schlie\u00dflich sind auch Menschen gef\u00e4hrdet, die \u00fcber Sonden oder andere Infusionen ern\u00e4hrt werden m\u00fcssen.<\/p>\n<p>[\/et_pb_blurb][et_pb_blurb title=&#8220;4. Es werden weitere EXPERTEN\/Quellen zitiert und es wird auf INTERESSENSKONFLIKTE hingewiesen.&#8220; use_icon=&#8220;on&#8220; font_icon=&#8220;&#xe051;||divi||400&#8243; icon_color=&#8220;#E02B20&#8243; icon_placement=&#8220;left&#8220; image_icon_width=&#8220;50px&#8220; content_max_width=&#8220;100%&#8220; admin_label=&#8220;4 Rot\/ Nicht erf\u00fcllt &#8220; _builder_version=&#8220;4.13.0&#8243; _module_preset=&#8220;default&#8220; header_font_size=&#8220;18px&#8220; custom_margin=&#8220;||35px||false|false&#8220; custom_padding=&#8220;||||false|false&#8220; icon_font_size=&#8220;50px&#8220; global_colors_info=&#8220;{}&#8220;]<\/p>\n<div id=\"criteria_box\">\n<div id=\"criteria_col_content\">\n<p>Kein einziger Experte wird im journalistischen Artikel genannt. Niemand ordnet die Aussagen und Vorw\u00fcrfe des Jungen oder der Mutter fachlich ein. Als Quelle wird lediglich die britische Tageszeitung Daily Mail genannt. Dabei wurde der medizinische Fallbericht urspr\u00fcnglich in den Annals of Internal Medicine publiziert, einem Fachjournal.<\/p>\n<\/div>\n<\/div>\n<p>[\/et_pb_blurb][et_pb_blurb title=&#8220;5. Der Beitrag geht \u00fcber die PRESSEMITTEILUNG hinaus.&#8220; use_icon=&#8220;on&#8220; font_icon=&#8220;&#xe051;||divi||400&#8243; icon_color=&#8220;#E02B20&#8243; icon_placement=&#8220;left&#8220; image_icon_width=&#8220;50px&#8220; content_max_width=&#8220;100%&#8220; admin_label=&#8220;5 Rot\/ Nicht erf\u00fcllt &#8220; _builder_version=&#8220;4.13.0&#8243; _module_preset=&#8220;default&#8220; header_font_size=&#8220;18px&#8220; custom_margin=&#8220;||35px||false|false&#8220; custom_padding=&#8220;||||false|false&#8220; icon_font_size=&#8220;50px&#8220; global_colors_info=&#8220;{}&#8220;]<\/p>\n<div id=\"criteria_box\">\n<div id=\"criteria_col_content\">\n<p>Der Beitrag enth\u00e4lt weit weniger Informationen als die Pressemitteilungen, sowohl zum Krankheitsverlauf als auch zu den medizinischen und zeitlichen Details. Der Artikel zitiert dar\u00fcber hinaus aus der Daily Mail, und erg\u00e4nzt die Problematisierung der sozialen Isolierung. Dies wiederum hat die Daily Mail aus einer anderen Zeitung (der Times) zitiert. Hier handelt es sich offensichtlich nicht um eine weitergehende Recherche, auch wenn dort \u2013 im Gegensatz zur Pressemitteilung \u2013 der Patient und seine Mutter zu Wort kommen. Stattdessen l\u00e4sst der Text vermuten, dass die Informationen zumindest teilweise den anderen Zeitungen entnommen wurden.<\/p>\n<\/div>\n<\/div>\n<p>[\/et_pb_blurb][et_pb_blurb title=&#8220;6. Der Beitrag macht klar, wie NEU der Ansatz\/das Mittel wirklich ist.&#8220; use_icon=&#8220;on&#8220; font_icon=&#8220;&#xe051;||divi||400&#8243; icon_color=&#8220;#E02B20&#8243; icon_placement=&#8220;left&#8220; image_icon_width=&#8220;50px&#8220; content_max_width=&#8220;100%&#8220; admin_label=&#8220;6 Rot\/ Nicht erf\u00fcllt &#8220; _builder_version=&#8220;4.13.0&#8243; _module_preset=&#8220;default&#8220; header_font_size=&#8220;18px&#8220; custom_margin=&#8220;||35px||false|false&#8220; custom_padding=&#8220;||||false|false&#8220; icon_font_size=&#8220;50px&#8220; global_colors_info=&#8220;{}&#8220;]<\/p>\n<div id=\"criteria_box\">\n<div id=\"criteria_col_content\">\n<p>Es wird im journalistischen Beitrag nicht deutlich, dass die Erkrankung des Sehnervs bereits lang bekannt und auch die Therapie seit vielen Jahren etabliert ist.<\/p>\n<\/div>\n<\/div>\n<p>[\/et_pb_blurb][et_pb_blurb title=&#8220;7. Es werden ALTERNATIVE Behandlungsarten\/Produkte\/Tests vorgestellt.&#8220; use_icon=&#8220;on&#8220; font_icon=&#8220;&#xe051;||divi||400&#8243; icon_color=&#8220;#E02B20&#8243; icon_placement=&#8220;left&#8220; image_icon_width=&#8220;50px&#8220; content_max_width=&#8220;100%&#8220; admin_label=&#8220;7 Rot\/ Nicht erf\u00fcllt &#8220; _builder_version=&#8220;4.13.0&#8243; _module_preset=&#8220;default&#8220; header_font_size=&#8220;18px&#8220; custom_margin=&#8220;||35px||false|false&#8220; custom_padding=&#8220;||||false|false&#8220; icon_font_size=&#8220;50px&#8220; global_colors_info=&#8220;{}&#8220;]<\/p>\n<div id=\"criteria_box\">\n<div id=\"criteria_col_content\">\n<p>Es wird nicht klar, dass nicht allein Junk-Food solche Mangelzust\u00e4nde hervorrufen kann, sondern auch bestimmte Erkrankungen, der Zustand nach speziellen Operationen oder eine vegane Ern\u00e4hrung. Folglich versteht der Leser nicht, dass es verschiedene M\u00f6glichkeiten gibt, diese M\u00e4ngel zu beheben. Vor allem wird nicht klar, dass es sich wom\u00f6glich um eine psychotherapeutisch anzugehende Essst\u00f6rung handelt, die einer ganz anderen Therapie bedarf als lediglich die Umstellung des Essens oder einer Supplementierung.<\/p>\n<\/div>\n<\/div>\n<p>[\/et_pb_blurb][et_pb_blurb title=&#8220;8. Es wird klar, ob oder wann ein(e) Therapie\/Produkt\/Test VERF\u00dcGBAR ist.&#8220; use_icon=&#8220;on&#8220; font_icon=&#8220;&#xe051;||divi||400&#8243; icon_color=&#8220;#E02B20&#8243; icon_placement=&#8220;left&#8220; image_icon_width=&#8220;50px&#8220; content_max_width=&#8220;100%&#8220; admin_label=&#8220;8 Rot\/ Nicht erf\u00fcllt &#8220; _builder_version=&#8220;4.13.0&#8243; _module_preset=&#8220;default&#8220; header_font_size=&#8220;18px&#8220; custom_margin=&#8220;||35px||false|false&#8220; custom_padding=&#8220;||||false|false&#8220; icon_font_size=&#8220;50px&#8220; global_colors_info=&#8220;{}&#8220;]<\/p>\n<div id=\"criteria_box\">\n<div id=\"criteria_col_content\">\n<p>Im Text hei\u00dft es lediglich: \u201eEr kriegt jetzt eine Behandlung speziell f\u00fcr Menschen mit Essst\u00f6rung. Au\u00dferdem nimmt er Nahrungserg\u00e4nzungsmittel und Vitamintabletten.\u201c Nicht klar wird, ob es sich dabei um eine station\u00e4re Therapie handelt, ob es sich um freiverk\u00e4ufliche Vitaminpr\u00e4parate (etwa aus der Drogerie) handelt oder er Infusionen bekommt. Im Fallbericht wird das dagegen sehr wohl erw\u00e4hnt: \u201eHe was treated with vitamin B12 injections and dietary advice.\u201c Daher werten wir knapp NICHT ERF\u00dcLLT.<\/p>\n<\/div>\n<\/div>\n<p>[\/et_pb_blurb][et_pb_blurb title=&#8220;9. Der Beitrag geht (angemessen) auf die KOSTEN ein.&#8220; use_icon=&#8220;on&#8220; font_icon=&#8220;&#xe051;||divi||400&#8243; icon_color=&#8220;#E02B20&#8243; icon_placement=&#8220;left&#8220; image_icon_width=&#8220;50px&#8220; content_max_width=&#8220;100%&#8220; admin_label=&#8220;9 Rot\/ Nicht erf\u00fcllt &#8220; _builder_version=&#8220;4.13.0&#8243; _module_preset=&#8220;default&#8220; header_font_size=&#8220;18px&#8220; custom_margin=&#8220;||35px||false|false&#8220; custom_padding=&#8220;||||false|false&#8220; icon_font_size=&#8220;50px&#8220; global_colors_info=&#8220;{}&#8220;]<\/p>\n<div id=\"criteria_box\">\n<div id=\"criteria_col_content\">\n<p>F\u00fcr die Leserinnen und Leser w\u00e4re es interessant gewesen zu wissen, mit welchen Kosten eine Vitaminsupplementierung verbunden sind. Dies wird jedoch im Text nicht erw\u00e4hnt.<\/p>\n<\/div>\n<\/div>\n<p>[\/et_pb_blurb][et_pb_blurb title=&#8220;10. Der Beitrag vermeidet Krankheits\u00fcbertreibungen\/-erfindungen (DISEASE MONGERING).&#8220; use_icon=&#8220;on&#8220; font_icon=&#8220;&#xe051;||divi||400&#8243; icon_color=&#8220;#E02B20&#8243; icon_placement=&#8220;left&#8220; image_icon_width=&#8220;50px&#8220; content_max_width=&#8220;100%&#8220; admin_label=&#8220;10 Rot\/ Nicht erf\u00fcllt &#8220; _builder_version=&#8220;4.13.0&#8243; _module_preset=&#8220;default&#8220; header_font_size=&#8220;18px&#8220; custom_margin=&#8220;||35px||false|false&#8220; custom_padding=&#8220;||||false|false&#8220; icon_font_size=&#8220;50px&#8220; global_colors_info=&#8220;{}&#8220;]<\/p>\n<div id=\"criteria_box\">\n<div id=\"criteria_col_content\">\n<p>Der journalistische Artikel erweckt den Eindruck, dass Kinder und Jugendliche allein von Junk Food blind werden k\u00f6nnten. Tats\u00e4chlich muss ein extremer Vitaminmangel vorliegen, bevor es zu Krankheitserscheinungen kommt. Zudem ist ein Vitamin-Mangel eigentlich gut durch Supplementierung zu beheben, was im Falle des im Fallbericht beschriebenen Patienten jedoch offensichtlich nicht oder nur ungen\u00fcgend erfolgt ist. Im Artikel wird der Zusammenhang zwischen Fehlern\u00e4hrung und Erblindung folglich \u00fcbertrieben dargestellt, Eltern unn\u00f6tig beunruhigt.<\/p>\n<\/div>\n<\/div>\n<p>[\/et_pb_blurb][et_pb_text admin_label=&#8220;Headline Allgemeinjournalistische Kriterien&#8220; _builder_version=&#8220;4.10.6&#8243; _module_preset=&#8220;default&#8220; text_text_color=&#8220;#FFFFFF&#8220; background_color=&#8220;RGBA(0,0,0,0)&#8220; custom_margin=&#8220;5px||5px||false|false&#8220; saved_tabs=&#8220;all&#8220; global_colors_info=&#8220;{}&#8220;]<\/p>\n<h1>Allgemeinjournalistische Kriterien<\/h1>\n<p>[\/et_pb_text][et_pb_blurb title=&#8220;1. Das THEMA ist aktuell, relevant oder ungew\u00f6hnlich.&#8220; use_icon=&#8220;on&#8220; font_icon=&#8220;&#xe052;||divi||400&#8243; icon_color=&#8220;#7AAE30&#8243; icon_placement=&#8220;left&#8220; image_icon_width=&#8220;50px&#8220; content_max_width=&#8220;100%&#8220; admin_label=&#8220;1Gr\u00fcn \/ Erf\u00fcllt&#8220; _builder_version=&#8220;4.13.0&#8243; _module_preset=&#8220;default&#8220; header_font_size=&#8220;18px&#8220; custom_margin=&#8220;||35px||false|false&#8220; icon_font_size=&#8220;50px&#8220; global_colors_info=&#8220;{}&#8220;]<\/p>\n<div id=\"criteria_box\">\n<div id=\"criteria_col_content\">\n<p>Angesichts der gro\u00dfen Verbreitung von Fast-Food auch unter Kindern und Jugendlichen ist das Thema relevant und aktuell. Zudem ist es eine sehr seltene Konstellation, dass allein durch Fehlern\u00e4hrung eine solche Erkrankung hervorgerufen wird. Der Anlass f\u00fcr eine journalistische Berichterstattung ist also durchaus gegeben.<\/p>\n<\/div>\n<\/div>\n<p>[\/et_pb_blurb][et_pb_blurb title=&#8220;2. Die journalistische Darstellung des Themas ist gelungen (VERST\u00c4NDLICHKEIT\/VERMITTLUNG).&#8220; use_icon=&#8220;on&#8220; font_icon=&#8220;&#xe051;||divi||400&#8243; icon_color=&#8220;#E02B20&#8243; icon_placement=&#8220;left&#8220; image_icon_width=&#8220;50px&#8220; content_max_width=&#8220;100%&#8220; admin_label=&#8220;2 Rot\/ Nicht erf\u00fcllt &#8220; _builder_version=&#8220;4.13.0&#8243; _module_preset=&#8220;default&#8220; header_font_size=&#8220;18px&#8220; custom_margin=&#8220;||35px||false|false&#8220; custom_padding=&#8220;||||false|false&#8220; icon_font_size=&#8220;50px&#8220; global_colors_info=&#8220;{}&#8220;]<\/p>\n<div id=\"criteria_box\">\n<div id=\"criteria_col_content\">\n<p>Der Artikel vermeidet Fachw\u00f6rter, bis auf den Begriff \u201eOptikusatrophie\u201c (eine degenerative Erkrankung des Sehnervs), verst\u00e4ndlich ist er leider trotzdem nicht. Daf\u00fcr fehlt es im Text an verschiedenen Ecken an Informationen. Viele Fragen bleiben offen, weder das Krankheitsbild selbst noch die Therapie werden ausreichend erkl\u00e4rt. Zudem wirkt die Sprache zumindest teilweise wie eine nicht ganz gelungene \u00dcbersetzung aus dem Englischen. Positiv ist, dass sowohl der betroffene Jugendliche wie auch die Mutter zu Wort kommen.<\/p>\n<\/div>\n<\/div>\n<p>[\/et_pb_blurb][et_pb_blurb title=&#8220;3. Die Fakten sind richtig dargestellt.&#8220; use_icon=&#8220;on&#8220; font_icon=&#8220;&#xe051;||divi||400&#8243; icon_color=&#8220;#E02B20&#8243; icon_placement=&#8220;left&#8220; image_icon_width=&#8220;50px&#8220; content_max_width=&#8220;100%&#8220; admin_label=&#8220;3 Rot\/ Nicht erf\u00fcllt &#8220; _builder_version=&#8220;4.13.0&#8243; _module_preset=&#8220;default&#8220; header_font_size=&#8220;18px&#8220; custom_margin=&#8220;||35px||false|false&#8220; custom_padding=&#8220;||||false|false&#8220; icon_font_size=&#8220;50px&#8220; global_colors_info=&#8220;{}&#8220;]<\/p>\n<div id=\"criteria_box\">\n<div id=\"criteria_col_content\">\n<p>Im journalistischen Beitrag sind einige Angaben nicht korrekt. Schon die zeitlichen Angaben im Text stimmen nicht: Wenn jemand \u201ejahrzehntelang\u201c ein bestimmtes Essverhalten zeigt, kann er zu Beginn der ersten Krankheitserscheinungen nicht erst 15 Jahre alt sein, wie es im medizinischen Fallbericht zu lesen ist. Diese Altersangabe und damit der Beginn der ersten Krankheitssymptome wird im journalistischen Text ganz unterschlagen, auch wird nicht erw\u00e4hnt, dass der Junge eine Vitaminsupplementierung erhielt, diese aber offenbar abbrach. Zudem sind die dargestellten Zusammenh\u00e4nge zur Augenerkrankung und die Liste der Vitaminm\u00e4ngel falsch, schon in der Pressemitteilung sind andere und mehr Substanzen genannt. So kann ein Vitamin-D-Mangel nicht zu einer Degeneration des Sehnervs f\u00fchren. Auch wird Kupfer als Vitamin genannt, was nicht korrekt ist.<\/p>\n<\/div>\n<\/div>\n<p>[\/et_pb_blurb][\/et_pb_column][\/et_pb_row][\/et_pb_section][et_pb_section fb_built=&#8220;1&#8243; _builder_version=&#8220;4.9.10&#8243; _module_preset=&#8220;default&#8220; background_color=&#8220;#f4f4f4&#8243; custom_margin=&#8220;0px||0px||false|false&#8220; custom_padding=&#8220;0px||0px||false|false&#8220; da_disable_devices=&#8220;off|off|off&#8220; global_colors_info=&#8220;{}&#8220; da_is_popup=&#8220;off&#8220; da_exit_intent=&#8220;off&#8220; da_has_close=&#8220;on&#8220; da_alt_close=&#8220;off&#8220; da_dark_close=&#8220;off&#8220; da_not_modal=&#8220;on&#8220; da_is_singular=&#8220;off&#8220; da_with_loader=&#8220;off&#8220; da_has_shadow=&#8220;on&#8220;][et_pb_row admin_label=&#8220;Endnote Kriterien&#8220; _builder_version=&#8220;4.9.4&#8243; _module_preset=&#8220;default&#8220; background_color=&#8220;RGBA(0,0,0,0)&#8220; width=&#8220;100%&#8220; custom_margin=&#8220;0px|0px|0px|0px|false|false&#8220; custom_padding=&#8220;15px|15px|15px|15px|false|false&#8220; global_colors_info=&#8220;{}&#8220;][et_pb_column type=&#8220;4_4&#8243; _builder_version=&#8220;4.9.4&#8243; _module_preset=&#8220;default&#8220; global_colors_info=&#8220;{}&#8220;][et_pb_text admin_label=&#8220;Headline &amp; Text&#8220; _builder_version=&#8220;4.11.3&#8243; _module_preset=&#8220;default&#8220; custom_margin=&#8220;||5px|||&#8220; global_colors_info=&#8220;{}&#8220;]<\/p>\n<h3>Medizinjournalistische Kriterien: 0 von 10 erf\u00fcllt<\/h3>\n<h3>Allgemeinjournalistische Kriterien: 1 von 3 erf\u00fcllt<\/h3>\n<p>[\/et_pb_text][dipl_star_rating rating=&#8220;@ET-DC@eyJkeW5hbWljIjp0cnVlLCJjb250ZW50IjoiY3VzdG9tX21ldGFfc3Rlcm5lIiwic2V0dGluZ3MiOnsiYmVmb3JlIjoiIiwiYWZ0ZXIiOiIiLCJlbmFibGVfaHRtbCI6Im9mZiJ9fQ==@&#8220; rating_out_of=&#8220;5&#8243; rating_position=&#8220;after_title&#8220; show_rating_number=&#8220;off&#8220; star_font_size=&#8220;35px&#8220; empty_star_color=&#8220;#969696&#8243; _builder_version=&#8220;4.9.11&#8243; _dynamic_attributes=&#8220;rating&#8220; _module_preset=&#8220;default&#8220; text_orientation=&#8220;left&#8220; custom_margin=&#8220;10px||0px||false|false&#8220; custom_padding=&#8220;10px||0px||false|false&#8220; global_module=&#8220;321&#8243; saved_tabs=&#8220;all&#8220; global_colors_info=&#8220;{}&#8220;][\/dipl_star_rating][\/et_pb_column][\/et_pb_row][\/et_pb_section][et_pb_section fb_built=&#8220;1&#8243; admin_label=&#8220;Bewertungen Legende &#8220; _builder_version=&#8220;4.9.4&#8243; _module_preset=&#8220;default&#8220; custom_padding=&#8220;4px||5px|||&#8220; da_disable_devices=&#8220;off|off|off&#8220; global_module=&#8220;323&#8243; saved_tabs=&#8220;all&#8220; collapsed=&#8220;off&#8220; global_colors_info=&#8220;{}&#8220; da_is_popup=&#8220;off&#8220; da_exit_intent=&#8220;off&#8220; da_has_close=&#8220;on&#8220; da_alt_close=&#8220;off&#8220; da_dark_close=&#8220;off&#8220; da_not_modal=&#8220;on&#8220; da_is_singular=&#8220;off&#8220; da_with_loader=&#8220;off&#8220; da_has_shadow=&#8220;on&#8220;][et_pb_row column_structure=&#8220;1_3,1_3,1_3&#8243; _builder_version=&#8220;4.9.4&#8243; _module_preset=&#8220;default&#8220; custom_padding=&#8220;||6px|||&#8220; global_colors_info=&#8220;{}&#8220;][et_pb_column type=&#8220;1_3&#8243; _builder_version=&#8220;4.9.4&#8243; _module_preset=&#8220;default&#8220; global_colors_info=&#8220;{}&#8220;][et_pb_blurb title=&#8220;Kriterium erf\u00fcllt &#8220; use_icon=&#8220;on&#8220; font_icon=&#8220;&#xe052;||divi||400&#8243; icon_color=&#8220;#7AAE30&#8243; icon_placement=&#8220;left&#8220; _builder_version=&#8220;4.13.0&#8243; _module_preset=&#8220;default&#8220; header_text_color=&#8220;#444444&#8243; header_font_size=&#8220;16px&#8220; header_line_height=&#8220;2em&#8220; custom_margin=&#8220;|0px|0px||false|false&#8220; custom_padding=&#8220;0px|0px|0px||false|false&#8220; global_colors_info=&#8220;{}&#8220;][\/et_pb_blurb][\/et_pb_column][et_pb_column type=&#8220;1_3&#8243; _builder_version=&#8220;4.9.4&#8243; _module_preset=&#8220;default&#8220; global_colors_info=&#8220;{}&#8220;][et_pb_blurb title=&#8220;Kriterium nicht erf\u00fcllt&#8220; use_icon=&#8220;on&#8220; font_icon=&#8220;&#xe051;||divi||400&#8243; icon_color=&#8220;#E02B20&#8243; icon_placement=&#8220;left&#8220; _builder_version=&#8220;4.13.0&#8243; _module_preset=&#8220;default&#8220; header_text_color=&#8220;#444444&#8243; header_font_size=&#8220;16px&#8220; header_line_height=&#8220;2em&#8220; custom_margin=&#8220;||0px|0px|false|false&#8220; custom_padding=&#8220;0px||0px|0px|false|false&#8220; global_colors_info=&#8220;{}&#8220;][\/et_pb_blurb][\/et_pb_column][et_pb_column type=&#8220;1_3&#8243; _builder_version=&#8220;4.9.4&#8243; _module_preset=&#8220;default&#8220; global_colors_info=&#8220;{}&#8220;][et_pb_blurb title=&#8220;Kriterium nicht anwendbar&#8220; use_icon=&#8220;on&#8220; font_icon=&#8220;&#xe055;||divi||400&#8243; icon_color=&#8220;rgba(68,68,68,0.68)&#8220; icon_placement=&#8220;left&#8220; _builder_version=&#8220;4.13.0&#8243; _module_preset=&#8220;default&#8220; header_text_color=&#8220;#444444&#8243; header_font_size=&#8220;16px&#8220; header_line_height=&#8220;2em&#8220; custom_margin=&#8220;||0px|0px|false|false&#8220; custom_padding=&#8220;0px||0px||false|false&#8220; global_colors_info=&#8220;{}&#8220;][\/et_pb_blurb][\/et_pb_column][\/et_pb_row][\/et_pb_section][et_pb_section fb_built=&#8220;1&#8243; admin_label=&#8220;Schreiben Sie uns&#8220; _builder_version=&#8220;4.9.10&#8243; _module_preset=&#8220;default&#8220; custom_margin=&#8220;||0px||false|false&#8220; custom_padding=&#8220;5px||0px||false|false&#8220; da_disable_devices=&#8220;off|off|off&#8220; global_module=&#8220;1074&#8243; saved_tabs=&#8220;all&#8220; global_colors_info=&#8220;{}&#8220; da_is_popup=&#8220;off&#8220; da_exit_intent=&#8220;off&#8220; da_has_close=&#8220;on&#8220; da_alt_close=&#8220;off&#8220; da_dark_close=&#8220;off&#8220; da_not_modal=&#8220;on&#8220; da_is_singular=&#8220;off&#8220; da_with_loader=&#8220;off&#8220; da_has_shadow=&#8220;on&#8220;][et_pb_row _builder_version=&#8220;4.10.7&#8243; _module_preset=&#8220;default&#8220; custom_padding=&#8220;7px||25px||false|false&#8220; global_colors_info=&#8220;{}&#8220;][et_pb_column type=&#8220;4_4&#8243; _builder_version=&#8220;4.9.10&#8243; _module_preset=&#8220;default&#8220; global_colors_info=&#8220;{}&#8220;][et_pb_button button_url=&#8220;mailto:astrid.viciano@tu-dortmund.de?Subject=Beitrag%20im%20Medien-Doktor%20Gesundheit&#8220; button_text=&#8220;Schreiben Sie uns&#8220; button_alignment=&#8220;left&#8220; _builder_version=&#8220;4.9.10&#8243; _module_preset=&#8220;default&#8220; global_colors_info=&#8220;{}&#8220;][\/et_pb_button][\/et_pb_column][\/et_pb_row][\/et_pb_section]<\/p>\n","protected":false},"excerpt":{"rendered":"<p>In dieser Woche haben wir ein Thema aufgegriffen, \u00fcber das in den vergangenen Tagen viele deutsche Medien berichtet hatten: Ein Junge aus Gro\u00dfbritannien hat sich demnach \u00fcber Jahre hinweg von Chips und Pommes, Schinken und Wei\u00dfbrot ern\u00e4hrt. Er entwickelte (unter anderem) einen ausgepr\u00e4gten Vitamin B12-Mangel, nun ist er fast blind. Diesen Fallbericht hat auch die Hamburger Morgenpost (online) zum Anlass f\u00fcr einen kurzen Artikel genommen, es allerdings vers\u00e4umt, medizinische Zusammenh\u00e4nge verst\u00e4ndlich zu erkl\u00e4ren. Leider finden sich auch Faktenfehler im Text. Die ungelenken Formulierungen lassen zudem vermuten, dass hier zumindest teilweise aus dem Englischen \u00fcbersetzt wurde.<\/p>\n","protected":false},"author":8,"featured_media":2754,"comment_status":"closed","ping_status":"open","sticky":false,"template":"","format":"standard","meta":{"_acf_changed":false,"_et_pb_use_builder":"on","_et_pb_old_content":"","_et_gb_content_width":"","footnotes":""},"categories":[59],"tags":[],"special":[],"class_list":["post-2749","post","type-post","status-publish","format-standard","has-post-thumbnail","hentry","category-hamburger-morgenpost-online"],"acf":[],"_links":{"self":[{"href":"https:\/\/medien-doktor.de\/gesundheit\/wp-json\/wp\/v2\/posts\/2749","targetHints":{"allow":["GET"]}}],"collection":[{"href":"https:\/\/medien-doktor.de\/gesundheit\/wp-json\/wp\/v2\/posts"}],"about":[{"href":"https:\/\/medien-doktor.de\/gesundheit\/wp-json\/wp\/v2\/types\/post"}],"author":[{"embeddable":true,"href":"https:\/\/medien-doktor.de\/gesundheit\/wp-json\/wp\/v2\/users\/8"}],"replies":[{"embeddable":true,"href":"https:\/\/medien-doktor.de\/gesundheit\/wp-json\/wp\/v2\/comments?post=2749"}],"version-history":[{"count":11,"href":"https:\/\/medien-doktor.de\/gesundheit\/wp-json\/wp\/v2\/posts\/2749\/revisions"}],"predecessor-version":[{"id":3007,"href":"https:\/\/medien-doktor.de\/gesundheit\/wp-json\/wp\/v2\/posts\/2749\/revisions\/3007"}],"wp:featuredmedia":[{"embeddable":true,"href":"https:\/\/medien-doktor.de\/gesundheit\/wp-json\/wp\/v2\/media\/2754"}],"wp:attachment":[{"href":"https:\/\/medien-doktor.de\/gesundheit\/wp-json\/wp\/v2\/media?parent=2749"}],"wp:term":[{"taxonomy":"category","embeddable":true,"href":"https:\/\/medien-doktor.de\/gesundheit\/wp-json\/wp\/v2\/categories?post=2749"},{"taxonomy":"post_tag","embeddable":true,"href":"https:\/\/medien-doktor.de\/gesundheit\/wp-json\/wp\/v2\/tags?post=2749"},{"taxonomy":"special","embeddable":true,"href":"https:\/\/medien-doktor.de\/gesundheit\/wp-json\/wp\/v2\/special?post=2749"}],"curies":[{"name":"wp","href":"https:\/\/api.w.org\/{rel}","templated":true}]}}