{"id":2733,"date":"2019-09-25T12:00:01","date_gmt":"2019-09-25T10:00:01","guid":{"rendered":"https:\/\/medien-doktor.de\/gesundheit\/?p=2733"},"modified":"2021-11-05T15:47:29","modified_gmt":"2021-11-05T14:47:29","slug":"neue-wirkstoffe-gegen-zombiezellen","status":"publish","type":"post","link":"https:\/\/medien-doktor.de\/gesundheit\/2019\/09\/neue-wirkstoffe-gegen-zombiezellen\/","title":{"rendered":"\u201eNeue Wirkstoffe gegen Zombiezellen\u201c"},"content":{"rendered":"<p>[et_pb_section fb_built=&#8220;1&#8243; admin_label=&#8220;Sektion&#8220; _builder_version=&#8220;4.9.10&#8243; _module_preset=&#8220;default&#8220; background_color=&#8220;#f4f4f4&#8243; custom_margin=&#8220;0px||0px||false|false&#8220; custom_padding=&#8220;0px||0px||false|false&#8220; da_disable_devices=&#8220;off|off|off&#8220; global_colors_info=&#8220;{}&#8220; da_is_popup=&#8220;off&#8220; da_exit_intent=&#8220;off&#8220; da_has_close=&#8220;on&#8220; da_alt_close=&#8220;off&#8220; da_dark_close=&#8220;off&#8220; da_not_modal=&#8220;on&#8220; da_is_singular=&#8220;off&#8220; da_with_loader=&#8220;off&#8220; da_has_shadow=&#8220;on&#8220;][et_pb_row column_structure=&#8220;2_3,1_3&#8243; admin_label=&#8220;Medium und Link&#8220; _builder_version=&#8220;4.9.10&#8243; _module_preset=&#8220;default&#8220; background_color=&#8220;RGBA(0,0,0,0)&#8220; width=&#8220;100%&#8220; custom_margin=&#8220;0px|0px|0px|0px|false|false&#8220; custom_padding=&#8220;15px|15px|15px|15px|false|false&#8220; global_colors_info=&#8220;{}&#8220;][et_pb_column type=&#8220;2_3&#8243; _builder_version=&#8220;4.9.4&#8243; _module_preset=&#8220;default&#8220; global_colors_info=&#8220;{}&#8220;][et_pb_text admin_label=&#8220;Datum&#8220; _builder_version=&#8220;4.9.10&#8243; _dynamic_attributes=&#8220;content&#8220; _module_preset=&#8220;default&#8220; custom_margin=&#8220;0px||0px||false|false&#8220; custom_padding=&#8220;0px||0px||false|false&#8220; global_module=&#8220;320&#8243; saved_tabs=&#8220;all&#8220; global_colors_info=&#8220;{}&#8220;]@ET-DC@eyJkeW5hbWljIjp0cnVlLCJjb250ZW50IjoicG9zdF9kYXRlIiwic2V0dGluZ3MiOnsiYmVmb3JlIjoiQmV3ZXJ0ZXQgYW0gIiwiYWZ0ZXIiOiIiLCJkYXRlX2Zvcm1hdCI6ImRlZmF1bHQiLCJjdXN0b21fZGF0ZV9mb3JtYXQiOiIifX0=@[\/et_pb_text][et_pb_text admin_label=&#8220;Medium&#8220; _builder_version=&#8220;4.9.10&#8243; _dynamic_attributes=&#8220;content&#8220; _module_preset=&#8220;default&#8220; custom_margin=&#8220;0px||0px||false|false&#8220; custom_padding=&#8220;0px||0px||false|false&#8220; global_module=&#8220;318&#8243; saved_tabs=&#8220;all&#8220; global_colors_info=&#8220;{}&#8220;]@ET-DC@eyJkeW5hbWljIjp0cnVlLCJjb250ZW50IjoicG9zdF9jYXRlZ29yaWVzIiwic2V0dGluZ3MiOnsiYmVmb3JlIjoiVmVyXHUwMGY2ZmZlbnRsaWNodCB2b246ICIsImFmdGVyIjoiIiwibGlua190b190ZXJtX3BhZ2UiOiJvZmYiLCJzZXBhcmF0b3IiOiIgfCAiLCJjYXRlZ29yeV90eXBlIjoiY2F0ZWdvcnkifX0=@[\/et_pb_text][\/et_pb_column][et_pb_column type=&#8220;1_3&#8243; _builder_version=&#8220;4.9.4&#8243; _module_preset=&#8220;default&#8220; global_colors_info=&#8220;{}&#8220;][et_pb_button button_url=&#8220;https:\/\/www.deutschlandfunk.de\/therapie-gegen-alterskrankheiten-neue-wirkstoffe-gegen.676.de.html?dram:article_id=459286&#8243; button_text=&#8220;zum Originalartikel&#8220; button_alignment=&#8220;right&#8220; admin_label=&#8220;Link Original&#8220; _builder_version=&#8220;4.11.3&#8243; _module_preset=&#8220;default&#8220; custom_margin=&#8220;0px||||false|false&#8220; custom_margin_tablet=&#8220;&#8220; custom_margin_phone=&#8220;-14px||||false|false&#8220; custom_margin_last_edited=&#8220;on|desktop&#8220; custom_padding=&#8220;0px||||false|false&#8220; global_colors_info=&#8220;{}&#8220;][\/et_pb_button][\/et_pb_column][\/et_pb_row][\/et_pb_section][et_pb_section fb_built=&#8220;1&#8243; admin_label=&#8220;Sektion&#8220; _builder_version=&#8220;4.9.4&#8243; _module_preset=&#8220;default&#8220; custom_margin=&#8220;10px||10px||false|false&#8220; custom_padding=&#8220;10px||10px||false|false&#8220; da_disable_devices=&#8220;off|off|off&#8220; global_colors_info=&#8220;{}&#8220; da_is_popup=&#8220;off&#8220; da_exit_intent=&#8220;off&#8220; da_has_close=&#8220;on&#8220; da_alt_close=&#8220;off&#8220; da_dark_close=&#8220;off&#8220; da_not_modal=&#8220;on&#8220; da_is_singular=&#8220;off&#8220; da_with_loader=&#8220;off&#8220; da_has_shadow=&#8220;on&#8220;][et_pb_row admin_label=&#8220;Einleitung&#8220; _builder_version=&#8220;4.9.4&#8243; _module_preset=&#8220;default&#8220; custom_margin=&#8220;0px||0px||false|false&#8220; custom_padding=&#8220;0px||0px||false|false&#8220; global_colors_info=&#8220;{}&#8220;][et_pb_column type=&#8220;4_4&#8243; _builder_version=&#8220;4.9.4&#8243; _module_preset=&#8220;default&#8220; global_colors_info=&#8220;{}&#8220;][et_pb_text _builder_version=&#8220;4.11.3&#8243; _module_preset=&#8220;default&#8220; global_colors_info=&#8220;{}&#8220;]<\/p>\n<p>Alterserkrankungen vermeiden oder sogar das Altern ein St\u00fcck weit besiegen? Zu solchen Themen hat es schon viele und auch viele gute Berichte in den Medien gegeben. Dieser Radio-Beitrag des Deutschlandfunks sticht jedoch auf zweierlei Weise heraus: Erstens wird \u00fcber einen neuen, ungew\u00f6hnlichen Therapieansatz berichtet. Und zweitens werden keine ungerechtfertigten Hoffnungen geweckt, im Gegenteil: Es wird gut verst\u00e4ndlich dargelegt, dass die aktuelle Studie noch wenig dar\u00fcber aussagt, ob aus dem Ansatz tats\u00e4chlich eine Behandlung gegen Alterserkrankungen entstehen wird.<\/p>\n<p>[\/et_pb_text][\/et_pb_column][\/et_pb_row][\/et_pb_section][et_pb_section fb_built=&#8220;1&#8243; admin_label=&#8220;Sektion&#8220; _builder_version=&#8220;4.9.10&#8243; _module_preset=&#8220;default&#8220; background_color=&#8220;#f4f4f4&#8243; custom_margin=&#8220;0px||0px||false|false&#8220; custom_padding=&#8220;0px||0px||false|false&#8220; da_disable_devices=&#8220;off|off|off&#8220; global_colors_info=&#8220;{}&#8220; da_is_popup=&#8220;off&#8220; da_exit_intent=&#8220;off&#8220; da_has_close=&#8220;on&#8220; da_alt_close=&#8220;off&#8220; da_dark_close=&#8220;off&#8220; da_not_modal=&#8220;on&#8220; da_is_singular=&#8220;off&#8220; da_with_loader=&#8220;off&#8220; da_has_shadow=&#8220;on&#8220;][et_pb_row admin_label=&#8220;Zusammenfassung&#8220; _builder_version=&#8220;4.9.4&#8243; _module_preset=&#8220;default&#8220; background_color=&#8220;RGBA(0,0,0,0)&#8220; width=&#8220;100%&#8220; custom_margin=&#8220;0px|0px|0px|0px|false|false&#8220; custom_padding=&#8220;15px|15px|15px|15px|false|false&#8220; global_colors_info=&#8220;{}&#8220;][et_pb_column type=&#8220;4_4&#8243; _builder_version=&#8220;4.9.4&#8243; _module_preset=&#8220;default&#8220; global_colors_info=&#8220;{}&#8220;][et_pb_text admin_label=&#8220;Headline und Zusammenfassung&#8220; _builder_version=&#8220;4.11.3&#8243; _module_preset=&#8220;default&#8220; custom_margin=&#8220;||2px|||&#8220; saved_tabs=&#8220;all&#8220; global_colors_info=&#8220;{}&#8220;]<\/p>\n<h3>Zusammenfassung<\/h3>\n<p><span class=\"Apple-style-span\">Ein gelungener Radiobeitrag zum Thema Altern berichtet im Frage-Antwort-Format \u00fcber einen interessanten Behandlungsansatz in einem fr\u00fchen Forschungsstadium. Mit Hilfe zweier bereits bekannter Wirkstoffe soll die Anzahl so genannter seneszenter Zellen im K\u00f6rper reduziert werden \u2013 Zellen, die sich nicht mehr teilen, somit das Altern beschleunigen und altersbedingte Krankheiten beg\u00fcnstigen sollen. Diese Therapie wurde erstmals an neun Patienten erprobt. Es handelt sich dabei um ein hoch aktuelles und hoch relevantes Thema, weil altersbedingte Leiden wie Osteoporose, Demenz, Diabetes und Herz-Kreislauf-Erkrankungen in unserer Gesellschaft eine gro\u00dfe Rolle spielen und bisherige Therapien oft unzureichend sind oder nur symptomatisch ansetzen. Der Beitrag erl\u00e4utert die betreffende Studie wie die Idee dahinter in klaren Worten. Er macht deutlich, dass es sich um ein Forschungsgebiet handelt, in dem es bislang ausschlie\u00dflich Tierversuche gab, deren Ergebnisse sich nicht eins zu eins auf den Menschen \u00fcbertragen lassen. Auch wird erkl\u00e4rt, welche Nebenwirkungen in gr\u00f6\u00dferen Folgestudien mit mehr Probanden auftreten k\u00f6nnten. Der erste Eindruck des Beitrags best\u00e4tigt sich also im Gutachten: Das als Positiv-Beispiel vorgeschlagene St\u00fcck stellt die Studienergebnisse sehr differenziert und gut verst\u00e4ndlich dar.<\/span><\/p>\n<p>[\/et_pb_text][dipl_star_rating rating=&#8220;@ET-DC@eyJkeW5hbWljIjp0cnVlLCJjb250ZW50IjoiY3VzdG9tX21ldGFfc3Rlcm5lIiwic2V0dGluZ3MiOnsiYmVmb3JlIjoiIiwiYWZ0ZXIiOiIiLCJlbmFibGVfaHRtbCI6Im9mZiJ9fQ==@&#8220; rating_out_of=&#8220;5&#8243; rating_position=&#8220;after_title&#8220; show_rating_number=&#8220;off&#8220; star_font_size=&#8220;35px&#8220; empty_star_color=&#8220;#969696&#8243; _builder_version=&#8220;4.9.11&#8243; _dynamic_attributes=&#8220;rating&#8220; _module_preset=&#8220;default&#8220; text_orientation=&#8220;left&#8220; custom_margin=&#8220;10px||0px||false|false&#8220; custom_padding=&#8220;10px||0px||false|false&#8220; global_module=&#8220;321&#8243; saved_tabs=&#8220;all&#8220; global_colors_info=&#8220;{}&#8220;][\/dipl_star_rating][\/et_pb_column][\/et_pb_row][\/et_pb_section][et_pb_section fb_built=&#8220;1&#8243; _builder_version=&#8220;4.9.4&#8243; _module_preset=&#8220;default&#8220; custom_margin=&#8220;0px||||false|false&#8220; custom_padding=&#8220;0px||5px||false|false&#8220; da_disable_devices=&#8220;off|off|off&#8220; global_colors_info=&#8220;{}&#8220; da_is_popup=&#8220;off&#8220; da_exit_intent=&#8220;off&#8220; da_has_close=&#8220;on&#8220; da_alt_close=&#8220;off&#8220; da_dark_close=&#8220;off&#8220; da_not_modal=&#8220;on&#8220; da_is_singular=&#8220;off&#8220; da_with_loader=&#8220;off&#8220; da_has_shadow=&#8220;on&#8220;][et_pb_row admin_label=&#8220;Bewertungen&#8220; _builder_version=&#8220;4.9.10&#8243; _module_preset=&#8220;default&#8220; custom_margin=&#8220;||0px||false|false&#8220; custom_padding=&#8220;||0px||false|false&#8220; global_colors_info=&#8220;{}&#8220;][et_pb_column type=&#8220;4_4&#8243; _builder_version=&#8220;4.9.4&#8243; _module_preset=&#8220;default&#8220; global_colors_info=&#8220;{}&#8220;][et_pb_text admin_label=&#8220;Headline Medizinjournalistische Kriterien&#8220; _builder_version=&#8220;4.10.6&#8243; _module_preset=&#8220;default&#8220; text_text_color=&#8220;#FFFFFF&#8220; background_color=&#8220;RGBA(0,0,0,0)&#8220; custom_margin=&#8220;5px||5px||false|false&#8220; saved_tabs=&#8220;all&#8220; global_colors_info=&#8220;{}&#8220;]<\/p>\n<h1>Medizinjournalistische Kriterien<\/h1>\n<p>[\/et_pb_text][et_pb_blurb title=&#8220;1. Der NUTZEN ist ausreichend und verst\u00e4ndlich dargestellt.&#8220; use_icon=&#8220;on&#8220; font_icon=&#8220;&#xe051;||divi||400&#8243; icon_color=&#8220;#E02B20&#8243; icon_placement=&#8220;left&#8220; image_icon_width=&#8220;50px&#8220; content_max_width=&#8220;100%&#8220; admin_label=&#8220;1 Rot\/ Nicht erf\u00fcllt &#8220; _builder_version=&#8220;4.13.0&#8243; _module_preset=&#8220;default&#8220; header_font_size=&#8220;18px&#8220; custom_margin=&#8220;||35px||false|false&#8220; custom_padding=&#8220;||||false|false&#8220; icon_font_size=&#8220;50px&#8220; global_colors_info=&#8220;{}&#8220;]<\/p>\n<div id=\"criteria_box\">\n<div id=\"criteria_col_content\">\n<p><span class=\"Apple-style-span\">Der Nutzen der in der Studie eingesetzten Wirkstoffe gegen \u00fcberalterte Zellen wird im Beitrag nicht quantifiziert. Es hei\u00dft nur grob zu den Probanden: \u201eDas Ergebnis war, dass sie am Anfang sehr viele seneszente Zellen \u2013 also diese Zombie Zellen \u2013 im Fettgewebe, im Blut, in der Haut hatten, und nach nur drei Tagen Behandlung war die Zahl deutlich reduziert.\u201c Etwas missverst\u00e4ndlich hei\u00dft es zudem: \u201eUnd dann nimmt man eben an, dass sich das dann auch auf die Symptome und auf die Krankheit selbst auswirkt.\u201c Die Patienten litten an einem Nierenschaden als Folge eines Diabetes. Die Studie selbst hat allerdings keinen Einfluss auf die Alterskrankheit untersucht.<\/span><\/p>\n<\/div>\n<\/div>\n<p>[\/et_pb_blurb][et_pb_blurb title=&#8220;2. RISIKEN und Nebenwirkungen werden angemessen ber\u00fccksichtigt.&#8220; use_icon=&#8220;on&#8220; font_icon=&#8220;&#xe052;||divi||400&#8243; icon_color=&#8220;#7AAE30&#8243; icon_placement=&#8220;left&#8220; image_icon_width=&#8220;50px&#8220; content_max_width=&#8220;100%&#8220; admin_label=&#8220;2 Gr\u00fcn \/ Erf\u00fcllt&#8220; _builder_version=&#8220;4.13.0&#8243; _module_preset=&#8220;default&#8220; header_font_size=&#8220;18px&#8220; custom_margin=&#8220;||35px||false|false&#8220; icon_font_size=&#8220;50px&#8220; global_colors_info=&#8220;{}&#8220;]<\/p>\n<div id=\"criteria_box\">\n<div id=\"criteria_col_content\">\n<p><span class=\"Apple-style-span\">Im Beitrag hei\u00dft es: \u201eDa Nebenwirkungen h\u00f6chstwahrscheinlich da sind, auch wenn man die bisher in dieser kleinen Studie nicht entdeckt hat, ist es doch wahrscheinlich, dass auch da Nebenwirkungen auftreten.\u201c Das stimmt insofern nicht, als laut Fachpublikation nur keine schweren Nebenwirkungen auftraten: \u201eno serious adverse events (i.e. hospitalization, kidney injury requiring dialysis, or death) occurred and no subjects required drug discontinuation\u201d (also etwa: keine schweren Nebenwirkungen wie eine notwendig gewordene Krankenhauseinlieferung, ein Nierenschaden, der einer Dialyse bedurft h\u00e4tte oder Todesfall kam vor, und kein Proband musste die Medikamenteneinnahme abbrechen). Zu den Medikamenten hei\u00dft es noch, dass der eingesetzte Dasatinib nicht unbedenklich sei und unter anderem in Chemotherapien gegen Blutkrebs eingesetzt werde. Dadurch wird klar, dass in gr\u00f6\u00dferen Studien mit Nebenwirkungen zu rechnen ist, auch wenn diese nicht eingeordnet werden. Wie es den Patienten vor, w\u00e4hrend und nach der Therapie erging, erfahren die Leser allerdings nicht. Daher werten wir nur knapp \u201eERF\u00dcLLT\u201c.<\/span><\/p>\n<\/div>\n<\/div>\n<p>[\/et_pb_blurb][et_pb_blurb title=&#8220;3. Die Qualit\u00e4t der Evidenz (STUDIEN etc.) wird richtig eingeordnet.&#8220; use_icon=&#8220;on&#8220; font_icon=&#8220;&#xe052;||divi||400&#8243; icon_color=&#8220;#7AAE30&#8243; icon_placement=&#8220;left&#8220; image_icon_width=&#8220;50px&#8220; content_max_width=&#8220;100%&#8220; admin_label=&#8220;3 Gr\u00fcn \/ Erf\u00fcllt&#8220; _builder_version=&#8220;4.13.0&#8243; _module_preset=&#8220;default&#8220; header_font_size=&#8220;18px&#8220; custom_margin=&#8220;||35px||false|false&#8220; icon_font_size=&#8220;50px&#8220; global_colors_info=&#8220;{}&#8220;]<\/p>\n<div id=\"criteria_box\">\n<div id=\"criteria_col_content\">\n<p><span class=\"Apple-style-span\">Es wird wiederholt darauf hingewiesen, dass es bislang ausschlie\u00dflich Tierstudien gab, die sich nicht eins zu eins auf den Menschen \u00fcbertragen lassen. Bei der jetzigen Untersuchung wird betont, dass es sich um eine kleine Studie mit nur neun Patienten handelt, die eine bestimmte Alterskrankheit hatten, einen Nierenschaden als Folge von Typ-2-Diabetes. Mehrmals innerhalb des Beitrags und auch am Ende betont der Interviewte, dass sich noch zeigen m\u00fcsse, ob die in Therapie anvisierten Zellen auch tats\u00e4chlich das Altern ausl\u00f6sen und dass man erst nach Kenntnis der Nebenwirkungen wirklich beurteilen k\u00f6nne, ob sich aus den Wirkstoffen wirklich ein Medikament gegen das Altern entwickeln lie\u00dfe. Kleine Einschr\u00e4nkung: Es wird nicht ganz klar, dass es sich um eine Sicherheits- und Machbarkeitsstudie handelt, die zun\u00e4chst einmal die Vertr\u00e4glichkeit eines bestimmten Therapieansatzes abkl\u00e4ren soll.<\/span><\/p>\n<\/div>\n<\/div>\n<p>[\/et_pb_blurb][et_pb_blurb title=&#8220;4. Es werden weitere EXPERTEN\/Quellen zitiert und es wird auf INTERESSENSKONFLIKTE hingewiesen.&#8220; use_icon=&#8220;on&#8220; font_icon=&#8220;&#xe051;||divi||400&#8243; icon_color=&#8220;#E02B20&#8243; icon_placement=&#8220;left&#8220; image_icon_width=&#8220;50px&#8220; content_max_width=&#8220;100%&#8220; admin_label=&#8220;4 Rot\/ Nicht erf\u00fcllt &#8220; _builder_version=&#8220;4.13.0&#8243; _module_preset=&#8220;default&#8220; header_font_size=&#8220;18px&#8220; custom_margin=&#8220;||35px||false|false&#8220; custom_padding=&#8220;||||false|false&#8220; icon_font_size=&#8220;50px&#8220; global_colors_info=&#8220;{}&#8220;]<\/p>\n<div id=\"criteria_box\">\n<div id=\"criteria_col_content\">\n<p>Es werden keine unabh\u00e4ngigen Experten genannt, auf Interessenskonflikte wird nicht eingegangen, die aber in der Fachpublikation f\u00fcr vier Studienautoren aufgef\u00fchrt sind.<\/p>\n<\/div>\n<\/div>\n<p>[\/et_pb_blurb][et_pb_blurb title=&#8220;5. Der Beitrag geht \u00fcber die PRESSEMITTEILUNG hinaus.&#8220; use_icon=&#8220;on&#8220; font_icon=&#8220;&#xe052;||divi||400&#8243; icon_color=&#8220;#7AAE30&#8243; icon_placement=&#8220;left&#8220; image_icon_width=&#8220;50px&#8220; content_max_width=&#8220;100%&#8220; admin_label=&#8220;5 Gr\u00fcn \/ Erf\u00fcllt&#8220; _builder_version=&#8220;4.13.0&#8243; _module_preset=&#8220;default&#8220; header_font_size=&#8220;18px&#8220; custom_margin=&#8220;||35px||false|false&#8220; icon_font_size=&#8220;50px&#8220; global_colors_info=&#8220;{}&#8220;]<\/p>\n<div id=\"criteria_box\">\n<div id=\"criteria_col_content\">\n<p>\u00dcber die Pressemitteilung hinaus wird im Beitrag plakativ erkl\u00e4rt, was seneszente Zellen \u00fcberhaupt sind (untote bzw. nicht tot zu kriegende \u201eZombiezellen\u201c). Zudem wird deutlich, dass es sich bei der erprobten Methode nicht um ein Anti-Aging-Medikament f\u00fcr die breite Masse handelt und wie die Ergebnisse einzuordnen sind. Dabei unterscheidet sich die Art und Wortwahl der Erkl\u00e4rung deutlich von der in der Pressemitteilung. Fragen und Antworten sind so formuliert, dass die Ergebnisse auf den Endverbraucher heruntergebrochen werden.<\/p>\n<\/div>\n<\/div>\n<p>[\/et_pb_blurb][et_pb_blurb title=&#8220;6. Der Beitrag macht klar, wie NEU der Ansatz\/das Mittel wirklich ist.&#8220; use_icon=&#8220;on&#8220; font_icon=&#8220;&#xe052;||divi||400&#8243; icon_color=&#8220;#7AAE30&#8243; icon_placement=&#8220;left&#8220; image_icon_width=&#8220;50px&#8220; content_max_width=&#8220;100%&#8220; admin_label=&#8220;6 Gr\u00fcn \/ Erf\u00fcllt&#8220; _builder_version=&#8220;4.13.0&#8243; _module_preset=&#8220;default&#8220; header_font_size=&#8220;18px&#8220; custom_margin=&#8220;||35px||false|false&#8220; icon_font_size=&#8220;50px&#8220; global_colors_info=&#8220;{}&#8220;]<\/p>\n<div id=\"criteria_box\">\n<div id=\"criteria_col_content\">\n<p>Es wird deutlich gemacht, dass es sich um einen etwa acht Jahre alten Forschungsansatz handelt, den Wissenschaftler bislang ausschlie\u00dflich in Tiermodellen untersucht hatten und ihn jetzt erstmals in der kleinen Gruppe von neun schwer erkrankten Menschen erprobt haben.<\/p>\n<\/div>\n<\/div>\n<p>[\/et_pb_blurb][et_pb_blurb title=&#8220;7. Es werden ALTERNATIVE Behandlungsarten\/Produkte\/Tests vorgestellt.&#8220; use_icon=&#8220;on&#8220; font_icon=&#8220;&#xe051;||divi||400&#8243; icon_color=&#8220;#E02B20&#8243; icon_placement=&#8220;left&#8220; image_icon_width=&#8220;50px&#8220; content_max_width=&#8220;100%&#8220; admin_label=&#8220;7 Rot\/ Nicht erf\u00fcllt &#8220; _builder_version=&#8220;4.13.0&#8243; _module_preset=&#8220;default&#8220; header_font_size=&#8220;18px&#8220; custom_margin=&#8220;||35px||false|false&#8220; custom_padding=&#8220;||||false|false&#8220; icon_font_size=&#8220;50px&#8220; global_colors_info=&#8220;{}&#8220;]<\/p>\n<div id=\"criteria_box\">\n<div id=\"criteria_col_content\">\n<p>Es wird nicht \u00fcber alternative Therapien gegen die angesprochenen Alterskrankheiten wie Diabetes, Niereninsuffizienz, Osteoporose, Demenz oder Herz-Kreislauferkrankungen gesprochen. Auch andere Ans\u00e4tze in der Anti-Aging-Forschung werden nicht erw\u00e4hnt. Da es sich hier um einen fr\u00fchen experimentellen Ansatz handelt, halten wir es allerdings auch nicht f\u00fcr notwendig, darauf ausf\u00fchrlich einzugehen. Daher werten wir knapp \u201eNICHT ERF\u00dcLLT\u201c.<\/p>\n<\/div>\n<\/div>\n<p>[\/et_pb_blurb][et_pb_blurb title=&#8220;8. Es wird klar, ob oder wann ein(e) Therapie\/Produkt\/Test VERF\u00dcGBAR ist.&#8220; use_icon=&#8220;on&#8220; font_icon=&#8220;&#xe052;||divi||400&#8243; icon_color=&#8220;#7AAE30&#8243; icon_placement=&#8220;left&#8220; image_icon_width=&#8220;50px&#8220; content_max_width=&#8220;100%&#8220; admin_label=&#8220;8 Gr\u00fcn \/ Erf\u00fcllt&#8220; _builder_version=&#8220;4.13.0&#8243; _module_preset=&#8220;default&#8220; header_font_size=&#8220;18px&#8220; custom_margin=&#8220;||35px||false|false&#8220; icon_font_size=&#8220;50px&#8220; global_colors_info=&#8220;{}&#8220;]<\/p>\n<div id=\"criteria_box\">\n<div id=\"criteria_col_content\">\n<p>Es wird wiederholt darauf hingewiesen, dass es der erste Test dieser Art an Menschen in einer kleinen Patientengruppe war und es bislang nur Tierstudien gab. Auch wird klar, dass man noch viel zu wenig \u00fcber m\u00f6gliche Nebenwirkungen wei\u00df, um bereits von Medikamenten zu sprechen, die tats\u00e4chlich einmal als Therapie gegen Alterserkrankungen zum Einsatz kommen k\u00f6nnten.<\/p>\n<\/div>\n<\/div>\n<p>[\/et_pb_blurb][et_pb_blurb title=&#8220;9. Der Beitrag geht (angemessen) auf die KOSTEN ein.&#8220; use_icon=&#8220;on&#8220; font_icon=&#8220;&#xe052;||divi||400&#8243; icon_color=&#8220;#7AAE30&#8243; icon_placement=&#8220;left&#8220; image_icon_width=&#8220;50px&#8220; content_max_width=&#8220;100%&#8220; admin_label=&#8220;9 Gr\u00fcn \/ Erf\u00fcllt&#8220; _builder_version=&#8220;4.13.0&#8243; _module_preset=&#8220;default&#8220; header_font_size=&#8220;18px&#8220; custom_margin=&#8220;||35px||false|false&#8220; icon_font_size=&#8220;50px&#8220; global_colors_info=&#8220;{}&#8220;]<\/p>\n<div id=\"criteria_box\">\n<div id=\"criteria_col_content\">\n<p>In einem Bericht \u00fcber einen so fr\u00fchen experimentellen Ansatz, bei dem bislang weder Dosierung noch Dauer der Therapie feststehen, muss auf Kosten nicht eingegangen werden. Daher werten wir die Nicht-Erw\u00e4hnung als angemessen und das Kriterium als \u201eERF\u00dcLLT\u201c.<\/p>\n<\/div>\n<\/div>\n<p>[\/et_pb_blurb][et_pb_blurb title=&#8220;10. Der Beitrag vermeidet Krankheits\u00fcbertreibungen\/-erfindungen (DISEASE MONGERING).&#8220; use_icon=&#8220;on&#8220; font_icon=&#8220;&#xe052;||divi||400&#8243; icon_color=&#8220;#7AAE30&#8243; icon_placement=&#8220;left&#8220; image_icon_width=&#8220;50px&#8220; content_max_width=&#8220;100%&#8220; admin_label=&#8220;10 Gr\u00fcn \/ Erf\u00fcllt&#8220; _builder_version=&#8220;4.13.0&#8243; _module_preset=&#8220;default&#8220; header_font_size=&#8220;18px&#8220; custom_margin=&#8220;||35px||false|false&#8220; icon_font_size=&#8220;50px&#8220; global_colors_info=&#8220;{}&#8220;]<\/p>\n<div id=\"criteria_box\">\n<div id=\"criteria_col_content\">\n<p>Auf sachliche Art und Weise werden verschiedene, teilweise altersbedingte Erkrankungen wie Diabetes, Demenz, Osteoporose und Herz-Kreislaufkrankheiten aufgez\u00e4hlt. Auch wird zwischen dem Altern und altersbedingten Krankheiten unterschieden.<\/p>\n<\/div>\n<\/div>\n<p>[\/et_pb_blurb][et_pb_text admin_label=&#8220;Headline Allgemeinjournalistische Kriterien&#8220; _builder_version=&#8220;4.10.6&#8243; _module_preset=&#8220;default&#8220; text_text_color=&#8220;#FFFFFF&#8220; background_color=&#8220;RGBA(0,0,0,0)&#8220; custom_margin=&#8220;5px||5px||false|false&#8220; saved_tabs=&#8220;all&#8220; global_colors_info=&#8220;{}&#8220;]<\/p>\n<h1>Allgemeinjournalistische Kriterien<\/h1>\n<p>[\/et_pb_text][et_pb_blurb title=&#8220;1. Das THEMA ist aktuell, relevant oder ungew\u00f6hnlich.&#8220; use_icon=&#8220;on&#8220; font_icon=&#8220;&#xe052;||divi||400&#8243; icon_color=&#8220;#7AAE30&#8243; icon_placement=&#8220;left&#8220; image_icon_width=&#8220;50px&#8220; content_max_width=&#8220;100%&#8220; admin_label=&#8220;1 Gr\u00fcn \/ Erf\u00fcllt&#8220; _builder_version=&#8220;4.13.0&#8243; _module_preset=&#8220;default&#8220; header_font_size=&#8220;18px&#8220; custom_margin=&#8220;||35px||false|false&#8220; icon_font_size=&#8220;50px&#8220; global_colors_info=&#8220;{}&#8220;]<\/p>\n<div id=\"criteria_box\">\n<div id=\"criteria_col_content\">\n<p>Das Thema ist tagesaktuell, weil es sich um eine aktuell ver\u00f6ffentlichte Studie handelt. Es ist aber auch gesellschaftlich und medizinisch aktuell und dauerhaft relevant, weil wir in einer alternden Gesellschaft mit zahlreichen altersbedingten Krankheiten leben, gegen die es oft nur unzureichende Therapien gibt. Neue Forschungsans\u00e4tze sind daher berichtenswert. Wir werten dennoch nur knapp \u201eERF\u00dcLLT\u201c, weil zu einem sehr fr\u00fchen Zeitpunkt berichtet wird, n\u00e4mlich \u00fcber eine erste Sicherheits- und Machbarkeitsstudie. Ob sich der Ansatz jemals in einer Therapie niederschlagen wird, ist mehr als ungewiss. Allerdings ist der Ansatz ungew\u00f6hnlich und die in der Behandlung anvisierten Zellen sind sicherlich nicht allgemein bekannt. Damit wird hier der aktuelle Anlass auch genutzt, ein allgemein interessantes Forschungsfeld zu beleuchten.<\/p>\n<\/div>\n<\/div>\n<p>[\/et_pb_blurb][et_pb_blurb title=&#8220;2. Die journalistische Darstellung des Themas ist gelungen (VERST\u00c4NDLICHKEIT\/VERMITTLUNG).&#8220; use_icon=&#8220;on&#8220; font_icon=&#8220;&#xe052;||divi||400&#8243; icon_color=&#8220;#7AAE30&#8243; icon_placement=&#8220;left&#8220; image_icon_width=&#8220;50px&#8220; content_max_width=&#8220;100%&#8220; admin_label=&#8220;2 Gr\u00fcn \/ Erf\u00fcllt&#8220; _builder_version=&#8220;4.13.0&#8243; _module_preset=&#8220;default&#8220; header_font_size=&#8220;18px&#8220; custom_margin=&#8220;||35px||false|false&#8220; icon_font_size=&#8220;50px&#8220; global_colors_info=&#8220;{}&#8220;]<\/p>\n<div id=\"criteria_box\">\n<div id=\"criteria_col_content\">\n<p>Das gew\u00e4hlte Format Frage und Antwort des Beitrags eignet sich unserer Ansicht nach gut f\u00fcr die Erl\u00e4uterung dieser Studie. Es werden plakative Erkl\u00e4rungen (Zombie-Zellen, Anti-Aging-Medikamente, pflanzlicher Wirkstoff mit Vorkommen in Fr\u00fcchten und Gem\u00fcse) gew\u00e4hlt, die gut und genau erkl\u00e4rt und dennoch durch die Fachbegriffe erg\u00e4nzt werden. Die Einordnung der Ergebnisse gelingt an verschiedenen Stellen sehr gut. Auch das Fazit l\u00e4sst keinen Zweifel daran, dass sich noch in weiteren Studien mit mehr Probanden herausstellen muss, ob der Ansatz in einer Therapie m\u00fcnden kann.<\/p>\n<\/div>\n<\/div>\n<p>[\/et_pb_blurb][et_pb_blurb title=&#8220;3. Die Fakten sind richtig dargestellt.&#8220; use_icon=&#8220;on&#8220; font_icon=&#8220;&#xe052;||divi||400&#8243; icon_color=&#8220;#7AAE30&#8243; icon_placement=&#8220;left&#8220; image_icon_width=&#8220;50px&#8220; content_max_width=&#8220;100%&#8220; admin_label=&#8220;3 Gr\u00fcn \/ Erf\u00fcllt&#8220; _builder_version=&#8220;4.13.0&#8243; _module_preset=&#8220;default&#8220; header_font_size=&#8220;18px&#8220; custom_margin=&#8220;||35px||false|false&#8220; icon_font_size=&#8220;50px&#8220; global_colors_info=&#8220;{}&#8220;]<\/p>\n<div id=\"criteria_box\">\n<div id=\"criteria_col_content\">\n<p>Der H\u00f6rer wird gut ins Thema eingef\u00fchrt, das Thema und die Fachbegriffe werden gut erl\u00e4utert, die Einordnung im Spannungsfeld zwischen altersbedingten Krankheiten und Lifestyle\/Anti-Aging gelingt auch durch Fragen der Moderatorin, die Einschr\u00e4nkungen in der Aussagekraft werden transparent gemacht. Allerdings findet sich im Beitrag auch ein Fehler, den wir allerdings als Versprecher werten, da die gleichen Fakten im restlichen Beitrag korrekt dargestellt werden. An einer Stelle hei\u00dft es: \u201e(\u2026) das sind senolytische Wirkstoffe. Die gelten als gro\u00dfer Hoffnungstr\u00e4ger im Kampf gegen das Altern. Und sie kommen eigentlich in allen alternden Geweben vor.\u201c Gemeint sind hier nicht die senolytischen Wirkstoffe, also die Medikamente gegen den Alterungsprozess, sondern die seneszenten Zellen.<\/p>\n<\/div>\n<\/div>\n<p>[\/et_pb_blurb][\/et_pb_column][\/et_pb_row][\/et_pb_section][et_pb_section fb_built=&#8220;1&#8243; _builder_version=&#8220;4.9.10&#8243; _module_preset=&#8220;default&#8220; background_color=&#8220;#f4f4f4&#8243; custom_margin=&#8220;0px||0px||false|false&#8220; custom_padding=&#8220;0px||0px||false|false&#8220; da_disable_devices=&#8220;off|off|off&#8220; global_colors_info=&#8220;{}&#8220; da_is_popup=&#8220;off&#8220; da_exit_intent=&#8220;off&#8220; da_has_close=&#8220;on&#8220; da_alt_close=&#8220;off&#8220; da_dark_close=&#8220;off&#8220; da_not_modal=&#8220;on&#8220; da_is_singular=&#8220;off&#8220; da_with_loader=&#8220;off&#8220; da_has_shadow=&#8220;on&#8220;][et_pb_row admin_label=&#8220;Endnote Kriterien&#8220; _builder_version=&#8220;4.9.4&#8243; _module_preset=&#8220;default&#8220; background_color=&#8220;RGBA(0,0,0,0)&#8220; width=&#8220;100%&#8220; custom_margin=&#8220;0px|0px|0px|0px|false|false&#8220; custom_padding=&#8220;15px|15px|15px|15px|false|false&#8220; global_colors_info=&#8220;{}&#8220;][et_pb_column type=&#8220;4_4&#8243; _builder_version=&#8220;4.9.4&#8243; _module_preset=&#8220;default&#8220; global_colors_info=&#8220;{}&#8220;][et_pb_text admin_label=&#8220;Headline &amp; Text&#8220; _builder_version=&#8220;4.11.3&#8243; _module_preset=&#8220;default&#8220; custom_margin=&#8220;||5px|||&#8220; global_colors_info=&#8220;{}&#8220;]<\/p>\n<h3>Medizinjournalistische Kriterien: 7 von 10 erf\u00fcllt<\/h3>\n<h3>Allgemeinjournalistische Kriterien: 3 von 3 erf\u00fcllt<\/h3>\n<p>[\/et_pb_text][dipl_star_rating rating=&#8220;@ET-DC@eyJkeW5hbWljIjp0cnVlLCJjb250ZW50IjoiY3VzdG9tX21ldGFfc3Rlcm5lIiwic2V0dGluZ3MiOnsiYmVmb3JlIjoiIiwiYWZ0ZXIiOiIiLCJlbmFibGVfaHRtbCI6Im9mZiJ9fQ==@&#8220; rating_out_of=&#8220;5&#8243; rating_position=&#8220;after_title&#8220; show_rating_number=&#8220;off&#8220; star_font_size=&#8220;35px&#8220; empty_star_color=&#8220;#969696&#8243; _builder_version=&#8220;4.9.11&#8243; _dynamic_attributes=&#8220;rating&#8220; _module_preset=&#8220;default&#8220; text_orientation=&#8220;left&#8220; custom_margin=&#8220;10px||0px||false|false&#8220; custom_padding=&#8220;10px||0px||false|false&#8220; global_module=&#8220;321&#8243; saved_tabs=&#8220;all&#8220; global_colors_info=&#8220;{}&#8220;][\/dipl_star_rating][\/et_pb_column][\/et_pb_row][\/et_pb_section][et_pb_section fb_built=&#8220;1&#8243; admin_label=&#8220;Bewertungen Legende &#8220; _builder_version=&#8220;4.9.4&#8243; _module_preset=&#8220;default&#8220; custom_padding=&#8220;4px||5px|||&#8220; da_disable_devices=&#8220;off|off|off&#8220; global_module=&#8220;323&#8243; saved_tabs=&#8220;all&#8220; collapsed=&#8220;off&#8220; global_colors_info=&#8220;{}&#8220; da_is_popup=&#8220;off&#8220; da_exit_intent=&#8220;off&#8220; da_has_close=&#8220;on&#8220; da_alt_close=&#8220;off&#8220; da_dark_close=&#8220;off&#8220; da_not_modal=&#8220;on&#8220; da_is_singular=&#8220;off&#8220; da_with_loader=&#8220;off&#8220; da_has_shadow=&#8220;on&#8220;][et_pb_row column_structure=&#8220;1_3,1_3,1_3&#8243; _builder_version=&#8220;4.9.4&#8243; _module_preset=&#8220;default&#8220; custom_padding=&#8220;||6px|||&#8220; global_colors_info=&#8220;{}&#8220;][et_pb_column type=&#8220;1_3&#8243; _builder_version=&#8220;4.9.4&#8243; _module_preset=&#8220;default&#8220; global_colors_info=&#8220;{}&#8220;][et_pb_blurb title=&#8220;Kriterium erf\u00fcllt &#8220; use_icon=&#8220;on&#8220; font_icon=&#8220;&#xe052;||divi||400&#8243; icon_color=&#8220;#7AAE30&#8243; icon_placement=&#8220;left&#8220; _builder_version=&#8220;4.13.0&#8243; _module_preset=&#8220;default&#8220; header_text_color=&#8220;#444444&#8243; header_font_size=&#8220;16px&#8220; header_line_height=&#8220;2em&#8220; custom_margin=&#8220;|0px|0px||false|false&#8220; custom_padding=&#8220;0px|0px|0px||false|false&#8220; global_colors_info=&#8220;{}&#8220;][\/et_pb_blurb][\/et_pb_column][et_pb_column type=&#8220;1_3&#8243; _builder_version=&#8220;4.9.4&#8243; _module_preset=&#8220;default&#8220; global_colors_info=&#8220;{}&#8220;][et_pb_blurb title=&#8220;Kriterium nicht erf\u00fcllt&#8220; use_icon=&#8220;on&#8220; font_icon=&#8220;&#xe051;||divi||400&#8243; icon_color=&#8220;#E02B20&#8243; icon_placement=&#8220;left&#8220; _builder_version=&#8220;4.13.0&#8243; _module_preset=&#8220;default&#8220; header_text_color=&#8220;#444444&#8243; header_font_size=&#8220;16px&#8220; header_line_height=&#8220;2em&#8220; custom_margin=&#8220;||0px|0px|false|false&#8220; custom_padding=&#8220;0px||0px|0px|false|false&#8220; global_colors_info=&#8220;{}&#8220;][\/et_pb_blurb][\/et_pb_column][et_pb_column type=&#8220;1_3&#8243; _builder_version=&#8220;4.9.4&#8243; _module_preset=&#8220;default&#8220; global_colors_info=&#8220;{}&#8220;][et_pb_blurb title=&#8220;Kriterium nicht anwendbar&#8220; use_icon=&#8220;on&#8220; font_icon=&#8220;&#xe055;||divi||400&#8243; icon_color=&#8220;rgba(68,68,68,0.68)&#8220; icon_placement=&#8220;left&#8220; _builder_version=&#8220;4.13.0&#8243; _module_preset=&#8220;default&#8220; header_text_color=&#8220;#444444&#8243; header_font_size=&#8220;16px&#8220; header_line_height=&#8220;2em&#8220; custom_margin=&#8220;||0px|0px|false|false&#8220; custom_padding=&#8220;0px||0px||false|false&#8220; global_colors_info=&#8220;{}&#8220;][\/et_pb_blurb][\/et_pb_column][\/et_pb_row][\/et_pb_section][et_pb_section fb_built=&#8220;1&#8243; admin_label=&#8220;Schreiben Sie uns&#8220; _builder_version=&#8220;4.9.10&#8243; _module_preset=&#8220;default&#8220; custom_margin=&#8220;||0px||false|false&#8220; custom_padding=&#8220;5px||0px||false|false&#8220; da_disable_devices=&#8220;off|off|off&#8220; global_module=&#8220;1074&#8243; saved_tabs=&#8220;all&#8220; global_colors_info=&#8220;{}&#8220; da_is_popup=&#8220;off&#8220; da_exit_intent=&#8220;off&#8220; da_has_close=&#8220;on&#8220; da_alt_close=&#8220;off&#8220; da_dark_close=&#8220;off&#8220; da_not_modal=&#8220;on&#8220; da_is_singular=&#8220;off&#8220; da_with_loader=&#8220;off&#8220; da_has_shadow=&#8220;on&#8220;][et_pb_row _builder_version=&#8220;4.10.7&#8243; _module_preset=&#8220;default&#8220; custom_padding=&#8220;7px||25px||false|false&#8220; global_colors_info=&#8220;{}&#8220;][et_pb_column type=&#8220;4_4&#8243; _builder_version=&#8220;4.9.10&#8243; _module_preset=&#8220;default&#8220; global_colors_info=&#8220;{}&#8220;][et_pb_button button_url=&#8220;mailto:astrid.viciano@tu-dortmund.de?Subject=Beitrag%20im%20Medien-Doktor%20Gesundheit&#8220; button_text=&#8220;Schreiben Sie uns&#8220; button_alignment=&#8220;left&#8220; _builder_version=&#8220;4.9.10&#8243; _module_preset=&#8220;default&#8220; global_colors_info=&#8220;{}&#8220;][\/et_pb_button][\/et_pb_column][\/et_pb_row][\/et_pb_section]<\/p>\n","protected":false},"excerpt":{"rendered":"<p>Alterserkrankungen vermeiden oder sogar das Altern ein St\u00fcck weit besiegen? Zu solchen Themen hat es schon viele und auch viele gute Berichte in den Medien gegeben. Dieser Radio-Beitrag des Deutschlandfunks sticht jedoch auf zweierlei Weise heraus: Erstens wird \u00fcber einen neuen, ungew\u00f6hnlichen Therapieansatz berichtet. Und zweitens werden keine ungerechtfertigten Hoffnungen geweckt, im Gegenteil: Es wird gut verst\u00e4ndlich dargelegt, dass die aktuelle Studie noch wenig dar\u00fcber aussagt, ob aus dem Ansatz tats\u00e4chlich eine Behandlung gegen Alterserkrankungen entstehen wird.<\/p>\n","protected":false},"author":8,"featured_media":2738,"comment_status":"closed","ping_status":"open","sticky":false,"template":"","format":"standard","meta":{"_acf_changed":false,"_et_pb_use_builder":"on","_et_pb_old_content":"","_et_gb_content_width":"","footnotes":""},"categories":[53],"tags":[],"special":[],"class_list":["post-2733","post","type-post","status-publish","format-standard","has-post-thumbnail","hentry","category-deutschlandfunk"],"acf":[],"_links":{"self":[{"href":"https:\/\/medien-doktor.de\/gesundheit\/wp-json\/wp\/v2\/posts\/2733","targetHints":{"allow":["GET"]}}],"collection":[{"href":"https:\/\/medien-doktor.de\/gesundheit\/wp-json\/wp\/v2\/posts"}],"about":[{"href":"https:\/\/medien-doktor.de\/gesundheit\/wp-json\/wp\/v2\/types\/post"}],"author":[{"embeddable":true,"href":"https:\/\/medien-doktor.de\/gesundheit\/wp-json\/wp\/v2\/users\/8"}],"replies":[{"embeddable":true,"href":"https:\/\/medien-doktor.de\/gesundheit\/wp-json\/wp\/v2\/comments?post=2733"}],"version-history":[{"count":7,"href":"https:\/\/medien-doktor.de\/gesundheit\/wp-json\/wp\/v2\/posts\/2733\/revisions"}],"predecessor-version":[{"id":2989,"href":"https:\/\/medien-doktor.de\/gesundheit\/wp-json\/wp\/v2\/posts\/2733\/revisions\/2989"}],"wp:featuredmedia":[{"embeddable":true,"href":"https:\/\/medien-doktor.de\/gesundheit\/wp-json\/wp\/v2\/media\/2738"}],"wp:attachment":[{"href":"https:\/\/medien-doktor.de\/gesundheit\/wp-json\/wp\/v2\/media?parent=2733"}],"wp:term":[{"taxonomy":"category","embeddable":true,"href":"https:\/\/medien-doktor.de\/gesundheit\/wp-json\/wp\/v2\/categories?post=2733"},{"taxonomy":"post_tag","embeddable":true,"href":"https:\/\/medien-doktor.de\/gesundheit\/wp-json\/wp\/v2\/tags?post=2733"},{"taxonomy":"special","embeddable":true,"href":"https:\/\/medien-doktor.de\/gesundheit\/wp-json\/wp\/v2\/special?post=2733"}],"curies":[{"name":"wp","href":"https:\/\/api.w.org\/{rel}","templated":true}]}}