{"id":2026,"date":"2022-01-18T10:21:47","date_gmt":"2022-01-18T09:21:47","guid":{"rendered":"https:\/\/medien-doktor.de\/ernaehrung\/?p=2026"},"modified":"2022-01-18T10:21:55","modified_gmt":"2022-01-18T09:21:55","slug":"du-isst-diese-3-produkte-dann-riskierst-du-an-alzheimer-zu-erkranken","status":"publish","type":"post","link":"https:\/\/medien-doktor.de\/ernaehrung\/2022\/01\/du-isst-diese-3-produkte-dann-riskierst-du-an-alzheimer-zu-erkranken\/","title":{"rendered":"\u201eDu isst diese 3 Produkte? Dann riskierst du an Alzheimer zu erkranken\u201c"},"content":{"rendered":"<p>[et_pb_section fb_built=&#8220;1&#8243; admin_label=&#8220;Sektion&#8220; _builder_version=&#8220;4.9.10&#8243; _module_preset=&#8220;default&#8220; background_color=&#8220;#f4f4f4&#8243; custom_margin=&#8220;0px||0px||false|false&#8220; custom_padding=&#8220;0px||0px||false|false&#8220; da_disable_devices=&#8220;off|off|off&#8220; global_colors_info=&#8220;{}&#8220; da_is_popup=&#8220;off&#8220; da_exit_intent=&#8220;off&#8220; da_has_close=&#8220;on&#8220; da_alt_close=&#8220;off&#8220; da_dark_close=&#8220;off&#8220; da_not_modal=&#8220;on&#8220; da_is_singular=&#8220;off&#8220; da_with_loader=&#8220;off&#8220; da_has_shadow=&#8220;on&#8220;][et_pb_row column_structure=&#8220;2_3,1_3&#8243; admin_label=&#8220;Medium und Link&#8220; _builder_version=&#8220;4.9.10&#8243; _module_preset=&#8220;default&#8220; background_color=&#8220;RGBA(0,0,0,0)&#8220; width=&#8220;100%&#8220; custom_margin=&#8220;0px|0px|0px|0px|false|false&#8220; custom_padding=&#8220;15px|15px|15px|15px|false|false&#8220; global_colors_info=&#8220;{}&#8220;][et_pb_column type=&#8220;2_3&#8243; _builder_version=&#8220;4.9.4&#8243; _module_preset=&#8220;default&#8220; global_colors_info=&#8220;{}&#8220;][et_pb_text admin_label=&#8220;Datum&#8220; _builder_version=&#8220;4.10.8&#8243; _dynamic_attributes=&#8220;content&#8220; _module_preset=&#8220;default&#8220; custom_margin=&#8220;0px||0px||false|false&#8220; custom_padding=&#8220;0px||0px||false|false&#8220; global_module=&#8220;320&#8243; saved_tabs=&#8220;all&#8220; global_colors_info=&#8220;{}&#8220;]@ET-DC@eyJkeW5hbWljIjp0cnVlLCJjb250ZW50IjoicG9zdF9kYXRlIiwic2V0dGluZ3MiOnsiYmVmb3JlIjoiQmV3ZXJ0ZXQgYW0gIiwiYWZ0ZXIiOiIiLCJkYXRlX2Zvcm1hdCI6ImRlZmF1bHQiLCJjdXN0b21fZGF0ZV9mb3JtYXQiOiIifX0=@[\/et_pb_text][et_pb_text admin_label=&#8220;Medium&#8220; _builder_version=&#8220;4.10.8&#8243; _dynamic_attributes=&#8220;content&#8220; _module_preset=&#8220;default&#8220; custom_margin=&#8220;0px||0px||false|false&#8220; custom_padding=&#8220;0px||0px||false|false&#8220; global_module=&#8220;318&#8243; saved_tabs=&#8220;all&#8220; global_colors_info=&#8220;{}&#8220;]@ET-DC@eyJkeW5hbWljIjp0cnVlLCJjb250ZW50IjoicG9zdF9jYXRlZ29yaWVzIiwic2V0dGluZ3MiOnsiYmVmb3JlIjoiVmVyXHUwMGY2ZmZlbnRsaWNodCB2b246ICIsImFmdGVyIjoiIiwibGlua190b190ZXJtX3BhZ2UiOiJvZmYiLCJzZXBhcmF0b3IiOiIgfCAiLCJjYXRlZ29yeV90eXBlIjoiY2F0ZWdvcnkifX0=@[\/et_pb_text][\/et_pb_column][et_pb_column type=&#8220;1_3&#8243; _builder_version=&#8220;4.9.4&#8243; _module_preset=&#8220;default&#8220; global_colors_info=&#8220;{}&#8220;][et_pb_button button_url=&#8220;https:\/\/www.wmn.de\/buzz\/drei-produkte-foerdern-alzheimer-erkrankung-id309171&#8243; button_text=&#8220;zum Originalartikel&#8220; button_alignment=&#8220;right&#8220; admin_label=&#8220;Link Original&#8220; _builder_version=&#8220;4.14.6&#8243; _module_preset=&#8220;default&#8220; custom_margin=&#8220;0px||||false|false&#8220; custom_margin_tablet=&#8220;&#8220; custom_margin_phone=&#8220;-14px||||false|false&#8220; custom_margin_last_edited=&#8220;on|desktop&#8220; custom_padding=&#8220;0px||||false|false&#8220; global_colors_info=&#8220;{}&#8220;][\/et_pb_button][\/et_pb_column][\/et_pb_row][\/et_pb_section][et_pb_section fb_built=&#8220;1&#8243; admin_label=&#8220;Sektion&#8220; _builder_version=&#8220;4.9.4&#8243; _module_preset=&#8220;default&#8220; custom_margin=&#8220;10px||10px||false|false&#8220; custom_padding=&#8220;10px||10px||false|false&#8220; da_disable_devices=&#8220;off|off|off&#8220; global_colors_info=&#8220;{}&#8220; da_is_popup=&#8220;off&#8220; da_exit_intent=&#8220;off&#8220; da_has_close=&#8220;on&#8220; da_alt_close=&#8220;off&#8220; da_dark_close=&#8220;off&#8220; da_not_modal=&#8220;on&#8220; da_is_singular=&#8220;off&#8220; da_with_loader=&#8220;off&#8220; da_has_shadow=&#8220;on&#8220;][et_pb_row admin_label=&#8220;Einleitung&#8220; _builder_version=&#8220;4.9.4&#8243; _module_preset=&#8220;default&#8220; custom_margin=&#8220;0px||0px||false|false&#8220; custom_padding=&#8220;0px||0px||false|false&#8220; global_colors_info=&#8220;{}&#8220;][et_pb_column type=&#8220;4_4&#8243; _builder_version=&#8220;4.9.4&#8243; _module_preset=&#8220;default&#8220; global_colors_info=&#8220;{}&#8220;][et_pb_text _builder_version=&#8220;4.14.6&#8243; _module_preset=&#8220;default&#8220; global_colors_info=&#8220;{}&#8220;]<\/p>\n<p>Eine US-Studie findet bei Laborratten Hinweise, dass die Ern\u00e4hrungsweise das Risiko f\u00fcr Alzheimer erh\u00f6ht. Das Lifestyle-Magazin wmn.de zieht daraus voreilig konkrete Schl\u00fcsse.<\/p>\n<p>[\/et_pb_text][\/et_pb_column][\/et_pb_row][\/et_pb_section][et_pb_section fb_built=&#8220;1&#8243; admin_label=&#8220;Sektion&#8220; _builder_version=&#8220;4.9.10&#8243; _module_preset=&#8220;default&#8220; background_color=&#8220;#f4f4f4&#8243; custom_margin=&#8220;0px||0px||false|false&#8220; custom_padding=&#8220;0px||0px||false|false&#8220; da_disable_devices=&#8220;off|off|off&#8220; global_colors_info=&#8220;{}&#8220; da_is_popup=&#8220;off&#8220; da_exit_intent=&#8220;off&#8220; da_has_close=&#8220;on&#8220; da_alt_close=&#8220;off&#8220; da_dark_close=&#8220;off&#8220; da_not_modal=&#8220;on&#8220; da_is_singular=&#8220;off&#8220; da_with_loader=&#8220;off&#8220; da_has_shadow=&#8220;on&#8220;][et_pb_row admin_label=&#8220;Zusammenfassung&#8220; _builder_version=&#8220;4.9.4&#8243; _module_preset=&#8220;default&#8220; background_color=&#8220;RGBA(0,0,0,0)&#8220; width=&#8220;100%&#8220; custom_margin=&#8220;0px|0px|0px|0px|false|false&#8220; custom_padding=&#8220;15px|15px|15px|15px|false|false&#8220; global_colors_info=&#8220;{}&#8220;][et_pb_column type=&#8220;4_4&#8243; _builder_version=&#8220;4.9.4&#8243; _module_preset=&#8220;default&#8220; global_colors_info=&#8220;{}&#8220;][et_pb_text admin_label=&#8220;Headline und Zusammenfassung&#8220; _builder_version=&#8220;4.14.6&#8243; _module_preset=&#8220;default&#8220; custom_margin=&#8220;||2px|||&#8220; saved_tabs=&#8220;all&#8220; global_colors_info=&#8220;{}&#8220;]<\/p>\n<h3>Zusammenfassung<\/h3>\n<p>Das Lifestyle-Magazin wmn.de der Funke Mediengruppe berichtet, dass Fertigmahlzeiten laut einer Untersuchung zu Alzheimer f\u00fchren, dabei werden stellvertretend drei konkrete Mahlzeiten genannt. Eine ausgewogene Ern\u00e4hrung und Omega-3-Fetts\u00e4uren k\u00f6nnten dem aber entgegenwirken. Die positiven Effekte der Fetts\u00e4uren werden \u00fcbertrieben dargestellt, ebenso die negativen Effekte der Fertigmahlzeiten, weil sie direkt auf den Menschen \u00fcbertragen werden, obwohl sie in einer Laborstudie an einem speziell gez\u00fcchteten Rattenstamm durchgef\u00fchrt wurden. Der Beitrag schafft es nicht, die Studie einzuordnen und die Aussagekraft zu erkl\u00e4ren. Der Text macht auch nicht deutlich, ob es sich um bereits bekannte Ph\u00e4nomene handelt oder um v\u00f6llig neue. Der Text geht nur insofern \u00fcber die Pressemitteilung zur Studie hinaus, als er die Ergebnisse direkt auf Menschen \u00fcbertr\u00e4gt. Auch wenn der Artikel leicht lesbar ist, stellt er doch einige Aspekte falsch dar und ist dadurch nur scheinbar verst\u00e4ndlich. Es stellt sich die Frage, welche Relevanz der Artikel noch hat, wenn die Ergebnisse nicht so einfach auf den Menschen \u00fcbertragbar sind. Der Alarmismus ist v\u00f6llig \u00fcberzogen.<\/p>\n<p>[\/et_pb_text][dipl_star_rating rating=&#8220;@ET-DC@eyJkeW5hbWljIjp0cnVlLCJjb250ZW50IjoiY3VzdG9tX21ldGFfc3Rlcm5lIiwic2V0dGluZ3MiOnsiYmVmb3JlIjoiIiwiYWZ0ZXIiOiIiLCJlbmFibGVfaHRtbCI6Im9mZiJ9fQ==@&#8220; rating_out_of=&#8220;5&#8243; rating_position=&#8220;after_title&#8220; show_rating_number=&#8220;off&#8220; star_font_size=&#8220;35px&#8220; empty_star_color=&#8220;#969696&#8243; _builder_version=&#8220;4.10.8&#8243; _dynamic_attributes=&#8220;rating&#8220; _module_preset=&#8220;default&#8220; text_orientation=&#8220;left&#8220; custom_margin=&#8220;10px||0px||false|false&#8220; custom_padding=&#8220;10px||0px||false|false&#8220; global_module=&#8220;321&#8243; saved_tabs=&#8220;all&#8220; global_colors_info=&#8220;{}&#8220;][\/dipl_star_rating][\/et_pb_column][\/et_pb_row][\/et_pb_section][et_pb_section fb_built=&#8220;1&#8243; _builder_version=&#8220;4.9.4&#8243; _module_preset=&#8220;default&#8220; custom_margin=&#8220;0px||||false|false&#8220; custom_padding=&#8220;0px||5px||false|false&#8220; da_disable_devices=&#8220;off|off|off&#8220; global_colors_info=&#8220;{}&#8220; da_is_popup=&#8220;off&#8220; da_exit_intent=&#8220;off&#8220; da_has_close=&#8220;on&#8220; da_alt_close=&#8220;off&#8220; da_dark_close=&#8220;off&#8220; da_not_modal=&#8220;on&#8220; da_is_singular=&#8220;off&#8220; da_with_loader=&#8220;off&#8220; da_has_shadow=&#8220;on&#8220;][et_pb_row admin_label=&#8220;Bewertungen&#8220; _builder_version=&#8220;4.9.10&#8243; _module_preset=&#8220;default&#8220; custom_margin=&#8220;||0px||false|false&#8220; custom_padding=&#8220;||0px||false|false&#8220; global_colors_info=&#8220;{}&#8220;][et_pb_column type=&#8220;4_4&#8243; _builder_version=&#8220;4.9.4&#8243; _module_preset=&#8220;default&#8220; global_colors_info=&#8220;{}&#8220;][et_pb_text admin_label=&#8220;Headline Kriterien&#8220; _builder_version=&#8220;4.9.10&#8243; _module_preset=&#8220;default&#8220; text_text_color=&#8220;#FFFFFF&#8220; background_color=&#8220;RGBA(0,0,0,0)&#8220; custom_margin=&#8220;5px||5px||false|false&#8220; global_module=&#8220;341&#8243; saved_tabs=&#8220;all&#8220; global_colors_info=&#8220;{}&#8220;]<\/p>\n<h1>Die Kriterien<\/h1>\n<p>[\/et_pb_text][et_pb_blurb title=&#8220;1. Die positiven Effekte sind ausreichend und verst\u00e4ndlich dargestellt.&#8220; use_icon=&#8220;on&#8220; font_icon=&#8220;&#xe051;||divi||400&#8243; icon_color=&#8220;#E02B20&#8243; icon_placement=&#8220;left&#8220; image_icon_width=&#8220;50px&#8220; content_max_width=&#8220;100%&#8220; admin_label=&#8220;1Rot\/ Nicht erf\u00fcllt &#8220; _builder_version=&#8220;4.14.6&#8243; _module_preset=&#8220;default&#8220; header_font_size=&#8220;18px&#8220; custom_margin=&#8220;||35px||false|false&#8220; custom_padding=&#8220;||||false|false&#8220; icon_font_size=&#8220;50px&#8220; global_colors_info=&#8220;{}&#8220;]<\/p>\n<p>Die positiven Effekte der Omega-3-Fetts\u00e4ure DHA werden in den letzten beiden Abs\u00e4tzen erkl\u00e4rt, jedoch in keinem Fall in konkrete Zahlen gefasst. Die Zusammenfassung ist zudem ungenau formuliert und gibt die Studienergebnisse nicht ganz korrekt wieder. Das Grundproblem: Ohne Umschweife werden Ergebnisse dieser einzelnen Laborstudie an Ratten auf Menschen \u00fcbertragen. Nicht Personen, die sich lange Zeit von Fertigprodukten ern\u00e4hrt haben, k\u00f6nnen dies mit gesunder Ern\u00e4hrung wieder r\u00fcckg\u00e4ngig machen, in der Studie zeigte sich der Effekt ausschlie\u00dflich bei der \u00e4lteren Rattenpopulation, die DHA und eine Fertigprodukt-vergleichbare (processed foods diet (PD)) Ern\u00e4hrung gleichzeitig angeboten bekommen hatten.<\/p>\n<p>Falsch bzw. nicht Teil der Studie ist auch, dass eine ausgewogene Ern\u00e4hrung den negativen Auswirkungen von Fertigprodukten entgegenwirken w\u00fcrde. Das wurde zum einen nicht in der Studie untersucht, zum anderen l\u00e4sst sich der Studienautor lediglich damit zitieren, dass der Fokus auf eine umfassend bessere Ern\u00e4hrung (\u201eoverall diet improvement\u201c) sinnvoll w\u00e4re. Die positiven Effekte von Omega-3-Fetts\u00e4uren sind damit \u00fcbertrieben dargestellt.<\/p>\n<p>[\/et_pb_blurb][et_pb_blurb title=&#8220;2. Die negativen Effekte werden angemessen ber\u00fccksichtigt.&#8220; use_icon=&#8220;on&#8220; font_icon=&#8220;&#xe051;||divi||400&#8243; icon_color=&#8220;#E02B20&#8243; icon_placement=&#8220;left&#8220; image_icon_width=&#8220;50px&#8220; content_max_width=&#8220;100%&#8220; admin_label=&#8220;2Rot\/ Nicht erf\u00fcllt &#8220; _builder_version=&#8220;4.14.6&#8243; _module_preset=&#8220;default&#8220; header_font_size=&#8220;18px&#8220; custom_margin=&#8220;||35px||false|false&#8220; custom_padding=&#8220;||||false|false&#8220; icon_font_size=&#8220;50px&#8220; global_colors_info=&#8220;{}&#8220;]<\/p>\n<p>Im Text wird suggeriert, dass Experimente bei Ratten sich eins zu eins auf Menschen \u00fcbertragen lassen. Bereits nach vier Wochen Fertiggerichten (PD) soll die Ern\u00e4hrung mit Fertigprodukten eine Auswirkung auf unser Gehirn haben. Diese Zeitspanne wurde im Tierversuch beobachtet, muss aber nicht f\u00fcr den menschlichen Stoffwechsel gelten, trotzdem wird dies so dargestellt. Es fehlt auch der Hinweis, dass die negativen Auswirkungen nur bei der \u00e4lteren Tiergruppe beobachtet werden konnte, nicht aber bei den jungen Ratten. Der negative Effekt der Gewichtszunahme durch PD wird nicht erw\u00e4hnt. Keines der Ergebnisse wurde quantifiziert, obwohl dies der Studie zu entnehmen w\u00e4re. Die Aussage, dass Fleisch- und Wurstwaren neben Gehirnsch\u00e4digungen auch Entz\u00fcndungen ausl\u00f6sen, die zu schweren Herz-Kreislauf-Problemen f\u00fchren k\u00f6nnen, ist in der Studie so nicht zu finden. Es handelt sich auch nicht um Gehirnsch\u00e4den, sondern um eingeschr\u00e4nkte Ged\u00e4chtnisleistungen.<\/p>\n<p>[\/et_pb_blurb][et_pb_blurb title=&#8220;3. Es werden ALTERNATIVE Lebensmittel\/Ern\u00e4hrungsformen\/Di\u00e4ten oder andere Ma\u00dfnahmen vorgestellt\/verglichen.es Kriteriums einsetzen &#8220; use_icon=&#8220;on&#8220; font_icon=&#8220;&#xe052;||divi||400&#8243; icon_color=&#8220;#7AAE30&#8243; icon_placement=&#8220;left&#8220; image_icon_width=&#8220;50px&#8220; content_max_width=&#8220;100%&#8220; admin_label=&#8220;3Gr\u00fcn \/ Erf\u00fcllt&#8220; _builder_version=&#8220;4.14.6&#8243; _module_preset=&#8220;default&#8220; header_font_size=&#8220;18px&#8220; custom_margin=&#8220;||35px||false|false&#8220; icon_font_size=&#8220;50px&#8220; global_colors_info=&#8220;{}&#8220;]<\/p>\n<p>Als Alternative, um Alzheimer vorzubeugen, wird eine ausgewogene und frische Ern\u00e4hrung mit Obst usw. erw\u00e4hnt. Allerdings ist auch hier der Kontext nicht ganz korrekt dargestellt worden. Denn es wird behauptet, dass man mit dieser Ern\u00e4hrung den Konsum von Fertigprodukten ausgleichen k\u00f6nnte. Das wurde in der Studie aber nicht untersucht. Daher werten wir nur \u201eknapp erf\u00fcllt\u201c.<\/p>\n<p>[\/et_pb_blurb][et_pb_blurb title=&#8220;4. Die Belege\/Studien werden ausreichend eingeordnet.&#8220; use_icon=&#8220;on&#8220; font_icon=&#8220;&#xe051;||divi||400&#8243; icon_color=&#8220;#E02B20&#8243; icon_placement=&#8220;left&#8220; image_icon_width=&#8220;50px&#8220; content_max_width=&#8220;100%&#8220; admin_label=&#8220;4Rot\/ Nicht erf\u00fcllt &#8220; _builder_version=&#8220;4.14.6&#8243; _module_preset=&#8220;default&#8220; header_font_size=&#8220;18px&#8220; custom_margin=&#8220;||35px||false|false&#8220; custom_padding=&#8220;||||false|false&#8220; icon_font_size=&#8220;50px&#8220; global_colors_info=&#8220;{}&#8220;]<\/p>\n<p>Es wird zwar erw\u00e4hnt, dass die Studie mit Ratten durchgef\u00fchrt wurde. Es fehlt jedoch jegliche Einordnung, inwiefern sich diese Ergebnisse auf den Menschen \u00fcbertragen lassen. Stattdessen werden die Ratten erst sehr sp\u00e4t erw\u00e4hnt und dem Leser wird vermittelt, dass die Ergebnisse allesamt f\u00fcr Menschen g\u00fcltig sind \u2013 einschlie\u00dflich der Zeitangaben von vier Wochen.<\/p>\n<p>Eine Einordnung erfolgt nicht, insbesondere nicht, dass es sich um einen reinen Tierversuch an einem hybriden und speziellen Rattenstamm handelt. Die ForscherInnen sprechen selbst nur von Ratten, nicht von Menschen. Tierstudien dieser Art sollen zwar Modelle f\u00fcr den Menschen liefern. Aber die Einzelerkenntnisse sind nicht \u00fcbertragbar.<\/p>\n<p>[\/et_pb_blurb][et_pb_blurb title=&#8220;5. Es gibt weitere, unabh\u00e4ngige Experten und die Quellen sind transparent.&#8220; use_icon=&#8220;on&#8220; font_icon=&#8220;&#xe051;||divi||400&#8243; icon_color=&#8220;#E02B20&#8243; icon_placement=&#8220;left&#8220; image_icon_width=&#8220;50px&#8220; content_max_width=&#8220;100%&#8220; admin_label=&#8220;5Rot\/ Nicht erf\u00fcllt &#8220; _builder_version=&#8220;4.14.6&#8243; _module_preset=&#8220;default&#8220; header_font_size=&#8220;18px&#8220; custom_margin=&#8220;||35px||false|false&#8220; custom_padding=&#8220;||||false|false&#8220; icon_font_size=&#8220;50px&#8220; global_colors_info=&#8220;{}&#8220;]<\/p>\n<p>Es gibt keine weiteren, von der Studie unabh\u00e4ngigen ExpertInnen, die die Ergebnisse einordnen.<\/p>\n<p>Auf eine Quelle wird verwiesen, indem auf die Pressemitteilung verlinkt wird, die zur Originalpublikation f\u00fchrt, diese wird indes nicht verlinkt.<\/p>\n<p>Wir werten knapp \u201enicht erf\u00fcllt\u201c.<\/p>\n<p>[\/et_pb_blurb][et_pb_blurb title=&#8220;6. Es wird auf m\u00f6gliche INTERESSENKONFLIKTE eingegangen.&#8220; use_icon=&#8220;on&#8220; font_icon=&#8220;&#xe052;||divi||400&#8243; icon_color=&#8220;#7AAE30&#8243; icon_placement=&#8220;left&#8220; image_icon_width=&#8220;50px&#8220; content_max_width=&#8220;100%&#8220; admin_label=&#8220;6Gr\u00fcn \/ Erf\u00fcllt&#8220; _builder_version=&#8220;4.14.6&#8243; _module_preset=&#8220;default&#8220; header_font_size=&#8220;18px&#8220; custom_margin=&#8220;||35px||false|false&#8220; icon_font_size=&#8220;50px&#8220; global_colors_info=&#8220;{}&#8220;]<\/p>\n<p>In der Studie wird erkl\u00e4rt, dass es keinen Interessenkonflikt der AutorInnen gibt. Im Text muss daher darauf auch nicht extra eingegangen werden.<\/p>\n<p>[\/et_pb_blurb][et_pb_blurb title=&#8220;7. Es gibt eine Einordnung in den Kontext (Neuheit\/Verf\u00fcgbarkeit\/Kosten\/Herkunft etc.).&#8220; use_icon=&#8220;on&#8220; font_icon=&#8220;&#xe051;||divi||400&#8243; icon_color=&#8220;#E02B20&#8243; icon_placement=&#8220;left&#8220; image_icon_width=&#8220;50px&#8220; content_max_width=&#8220;100%&#8220; admin_label=&#8220;7Rot\/ Nicht erf\u00fcllt &#8220; _builder_version=&#8220;4.14.6&#8243; _module_preset=&#8220;default&#8220; header_font_size=&#8220;18px&#8220; custom_margin=&#8220;||35px||false|false&#8220; custom_padding=&#8220;||||false|false&#8220; icon_font_size=&#8220;50px&#8220; global_colors_info=&#8220;{}&#8220;]<\/p>\n<p>Der Artikel erkl\u00e4rt nicht hinreichend, wie neu die Erkenntnisse der Untersuchung sind: Best\u00e4tigt die Untersuchung vorherige Ergebnisse oder sind es v\u00f6llig neue Erkenntnisse, die nun in weiteren Untersuchungen best\u00e4tigt werden m\u00fcssen. Leserinnen und Leser wird auch nicht klar, dass es bereits umfangreiche Forschung zur Wirkung von Omega-3-Fetts\u00e4uren, zur Alzheimerforschung und zu Nahrungserg\u00e4nzungsmitteln mit Omega-3-Fetts\u00e4uren gibt. Es ist klar, dass dies nicht im Rahmen eines solchen Artikels in gr\u00f6\u00dferem Umfang m\u00f6glich ist, aber zumindest sollte es einzelne S\u00e4tze geben, oder Zitate von unbeteiligten ForscherInnen, die die Ergebnisse kurz einordnen.<\/p>\n<p>[\/et_pb_blurb][et_pb_blurb title=&#8220;8. Die FAKTEN stimmen.&#8220; use_icon=&#8220;on&#8220; font_icon=&#8220;&#xe051;||divi||400&#8243; icon_color=&#8220;#E02B20&#8243; icon_placement=&#8220;left&#8220; image_icon_width=&#8220;50px&#8220; content_max_width=&#8220;100%&#8220; admin_label=&#8220;8Rot\/ Nicht erf\u00fcllt &#8220; _builder_version=&#8220;4.14.6&#8243; _module_preset=&#8220;default&#8220; header_font_size=&#8220;18px&#8220; custom_margin=&#8220;||35px||false|false&#8220; custom_padding=&#8220;||||false|false&#8220; icon_font_size=&#8220;50px&#8220; global_colors_info=&#8220;{}&#8220;]<\/p>\n<p>Im Artikel hei\u00dft es: \u201eEine Studie hat nun herausgefunden, welche Produkte daf\u00fcr verantwortlich sind, dass du sp\u00e4ter an Alzheimer erkrankst. Wieso man schon nach wenigen Wochen gesundheitliche Sch\u00e4den davontragen kann.&#8220; Pizza und Tiefk\u00fchllasagne f\u00fchre laut Artikel \u201edirekt zu Alzheimer\u201c, das stimmt so nicht und wird in der Studie und der Pressemitteilung auch nicht behauptet. Der Alarmismus, mit dem behauptet wird, dass bestimmte Lebensmittel direkt und monokausal zu Alzheimer f\u00fchren, ist sachlich falsch und v\u00f6llig unangebracht.<\/p>\n<p>Im Artikel hei\u00dft es: \u201eJetzt haben die Forscher der Ohio State University herausgefunden, dass die Produkte sich auch negativ auf unser Gehirn auswirken k\u00f6nnen und das bereits nach vier Wochen\u201c<\/p>\n<p>Dies ist falsch, weil dies gar nicht an Menschen untersucht wurde, sondern an einer speziell gez\u00fcchteten Rattenlinie.<\/p>\n<p>Im Artikel wird behauptet, dass Menschen, die sich lange Zeit von Fertigprodukten ern\u00e4hrt haben, Sch\u00e4den im Gehirn mit Omega-3-Fetts\u00e4uren reparieren k\u00f6nnen. Das hat die Studie weder untersucht noch ergeben.<\/p>\n<p>[\/et_pb_blurb][et_pb_blurb title=&#8220;9. Der Beitrag ist \u00fcberwiegend eine JOURNALISTISCHE EIGENLEISTUNG.&#8220; use_icon=&#8220;on&#8220; font_icon=&#8220;&#xe051;||divi||400&#8243; icon_color=&#8220;#E02B20&#8243; icon_placement=&#8220;left&#8220; image_icon_width=&#8220;50px&#8220; content_max_width=&#8220;100%&#8220; admin_label=&#8220;9Rot\/ Nicht erf\u00fcllt &#8220; _builder_version=&#8220;4.14.6&#8243; _module_preset=&#8220;default&#8220; header_font_size=&#8220;18px&#8220; custom_margin=&#8220;||35px||false|false&#8220; custom_padding=&#8220;||||false|false&#8220; icon_font_size=&#8220;50px&#8220; global_colors_info=&#8220;{}&#8220;]<\/p>\n<p>Der Beitrag gibt ausschlie\u00dflich das wieder, was auch in der Pressemitteilung zu finden ist. Es ist keine journalistische Eigenleistung erkennbar, au\u00dfer der, dass im Artikel Ergebnisse von Laborraten unberechtigt auf den Menschen \u00fcbertragen werden.<\/p>\n<p>[\/et_pb_blurb][et_pb_blurb title=&#8220;10. Der Beitrag vermittelt das Thema ATTRAKTIV.&#8220; use_icon=&#8220;on&#8220; font_icon=&#8220;&#xe052;||divi||400&#8243; icon_color=&#8220;#7AAE30&#8243; icon_placement=&#8220;left&#8220; image_icon_width=&#8220;50px&#8220; content_max_width=&#8220;100%&#8220; admin_label=&#8220;10Gr\u00fcn \/ Erf\u00fcllt&#8220; _builder_version=&#8220;4.14.6&#8243; _module_preset=&#8220;default&#8220; header_font_size=&#8220;18px&#8220; custom_margin=&#8220;||35px||false|false&#8220; icon_font_size=&#8220;50px&#8220; global_colors_info=&#8220;{}&#8220;]<\/p>\n<p>Der Artikel liest sich fl\u00fcssig, verzichtet auf Fremdworte oder erkl\u00e4rt sie soweit n\u00f6tig. Die Auswahl der beiden Bilder ist angemessen, die Aussage in der Bildunterschrift zum ersten Bild h\u00e4tte im Konjunktiv formuliert werden m\u00fcssen. Die Frage in der \u00dcberschrift regt zum Lesen an \u2013 und man bekommt drei konkrete Lebensmittel auch direkt im dritten Absatz pr\u00e4sentiert \u2013 auch wenn es nat\u00fcrlich nicht diese drei Produkte alleine sind, die das Alzheimerrisiko erh\u00f6hen sollen und dies zum insgesamt \u00fcbertriebenen und irref\u00fchrenden Charakter des Artikels passt. Daher werten wir nur \u201eknapp erf\u00fcllt\u201c.<\/p>\n<p>[\/et_pb_blurb][et_pb_blurb title=&#8220;11. Das Thema ist VERST\u00c4NDLICH erkl\u00e4rt.&#8220; use_icon=&#8220;on&#8220; font_icon=&#8220;&#xe051;||divi||400&#8243; icon_color=&#8220;#E02B20&#8243; icon_placement=&#8220;left&#8220; image_icon_width=&#8220;50px&#8220; content_max_width=&#8220;100%&#8220; admin_label=&#8220;11Rot\/ Nicht erf\u00fcllt &#8220; _builder_version=&#8220;4.14.6&#8243; _module_preset=&#8220;default&#8220; header_font_size=&#8220;18px&#8220; custom_margin=&#8220;||35px||false|false&#8220; custom_padding=&#8220;||||false|false&#8220; icon_font_size=&#8220;50px&#8220; global_colors_info=&#8220;{}&#8220;]<\/p>\n<p>Der Artikel ist leicht verst\u00e4ndlich, f\u00fchrt indes in die Irre, weil der Inhalt der Studie zu stark vereinfacht wird. Zudem ist der Inhalt der Studie und Pressemitteilung an einigen Stellen nicht korrekt dargestellt (siehe Kriterium Fakten).<\/p>\n<p>[\/et_pb_blurb][et_pb_blurb title=&#8220;12. Das Thema ist AKTUELL, RELEVANT ODER ORIGINELL.&#8220; use_icon=&#8220;on&#8220; font_icon=&#8220;&#xe051;||divi||400&#8243; icon_color=&#8220;#E02B20&#8243; icon_placement=&#8220;left&#8220; image_icon_width=&#8220;50px&#8220; content_max_width=&#8220;100%&#8220; admin_label=&#8220;12Rot\/ Nicht erf\u00fcllt &#8220; _builder_version=&#8220;4.14.6&#8243; _module_preset=&#8220;default&#8220; header_font_size=&#8220;18px&#8220; custom_margin=&#8220;||35px||false|false&#8220; custom_padding=&#8220;||||false|false&#8220; icon_font_size=&#8220;50px&#8220; global_colors_info=&#8220;{}&#8220;]<\/p>\n<p>Der Beitrag bezieht sich auf eine relativ aktuelle Studie, die schon im August 2021 ver\u00f6ffentlicht wurde, w\u00e4hrende der Beitrag Anfang November online ging. Da es sich um eine Laborstudie an Tieren handelt, erscheint die Aktualit\u00e4t noch ausreichend, es fragt sich indes, wie relevant eine Untersuchung an Labortieren ist. Im Beitrag wird die Relevanz erzeugt, indem die Ergebnisse ohne Umschweife auf Menschen \u00fcbertragen werden, was in dieser Form jedoch \u00fcbertrieben ist. Daher werten wir \u2013 wenn auch knapp \u2013 \u201enicht erf\u00fcllt\u201c.<\/p>\n<p>[\/et_pb_blurb][\/et_pb_column][\/et_pb_row][\/et_pb_section][et_pb_section fb_built=&#8220;1&#8243; _builder_version=&#8220;4.9.10&#8243; _module_preset=&#8220;default&#8220; background_color=&#8220;#f4f4f4&#8243; custom_margin=&#8220;0px||0px||false|false&#8220; custom_padding=&#8220;0px||0px||false|false&#8220; da_disable_devices=&#8220;off|off|off&#8220; global_colors_info=&#8220;{}&#8220; da_is_popup=&#8220;off&#8220; da_exit_intent=&#8220;off&#8220; da_has_close=&#8220;on&#8220; da_alt_close=&#8220;off&#8220; da_dark_close=&#8220;off&#8220; da_not_modal=&#8220;on&#8220; da_is_singular=&#8220;off&#8220; da_with_loader=&#8220;off&#8220; da_has_shadow=&#8220;on&#8220;][et_pb_row admin_label=&#8220;Endnote Kriterien&#8220; _builder_version=&#8220;4.9.4&#8243; _module_preset=&#8220;default&#8220; background_color=&#8220;RGBA(0,0,0,0)&#8220; width=&#8220;100%&#8220; custom_margin=&#8220;0px|0px|0px|0px|false|false&#8220; custom_padding=&#8220;15px|15px|15px|15px|false|false&#8220; global_colors_info=&#8220;{}&#8220;][et_pb_column type=&#8220;4_4&#8243; _builder_version=&#8220;4.9.4&#8243; _module_preset=&#8220;default&#8220; global_colors_info=&#8220;{}&#8220;][et_pb_text admin_label=&#8220;Headline &#038; Text&#8220; _builder_version=&#8220;4.14.6&#8243; _module_preset=&#8220;default&#8220; custom_margin=&#8220;||5px|||&#8220; global_colors_info=&#8220;{}&#8220;]<\/p>\n<h3>Journalistische Kriterien: 3 von 12 erf\u00fcllt<\/h3>\n<p>Wir werten um einen Stern ab wegen der \u00fcbertriebenen \u00dcbertragung der Ergebnisse von Ratten auf Menschen auf Grundlage nur einer einzigen Laborstudie (von 2 auf 1 Stern).<\/p>\n<p>[\/et_pb_text][dipl_star_rating rating=&#8220;@ET-DC@eyJkeW5hbWljIjp0cnVlLCJjb250ZW50IjoiY3VzdG9tX21ldGFfc3Rlcm5lIiwic2V0dGluZ3MiOnsiYmVmb3JlIjoiIiwiYWZ0ZXIiOiIiLCJlbmFibGVfaHRtbCI6Im9mZiJ9fQ==@&#8220; rating_out_of=&#8220;5&#8243; rating_position=&#8220;after_title&#8220; show_rating_number=&#8220;off&#8220; star_font_size=&#8220;35px&#8220; empty_star_color=&#8220;#969696&#8243; _builder_version=&#8220;4.10.8&#8243; _dynamic_attributes=&#8220;rating&#8220; _module_preset=&#8220;default&#8220; text_orientation=&#8220;left&#8220; custom_margin=&#8220;10px||0px||false|false&#8220; custom_padding=&#8220;10px||0px||false|false&#8220; global_module=&#8220;321&#8243; saved_tabs=&#8220;all&#8220; global_colors_info=&#8220;{}&#8220;][\/dipl_star_rating][\/et_pb_column][\/et_pb_row][\/et_pb_section][et_pb_section fb_built=&#8220;1&#8243; admin_label=&#8220;Bewertungen Legende &#8220; _builder_version=&#8220;4.9.4&#8243; _module_preset=&#8220;default&#8220; custom_padding=&#8220;4px||5px|||&#8220; da_disable_devices=&#8220;off|off|off&#8220; global_module=&#8220;323&#8243; saved_tabs=&#8220;all&#8220; collapsed=&#8220;off&#8220; global_colors_info=&#8220;{}&#8220; da_is_popup=&#8220;off&#8220; da_exit_intent=&#8220;off&#8220; da_has_close=&#8220;on&#8220; da_alt_close=&#8220;off&#8220; da_dark_close=&#8220;off&#8220; da_not_modal=&#8220;on&#8220; da_is_singular=&#8220;off&#8220; da_with_loader=&#8220;off&#8220; da_has_shadow=&#8220;on&#8220;][et_pb_row column_structure=&#8220;1_3,1_3,1_3&#8243; _builder_version=&#8220;4.9.4&#8243; _module_preset=&#8220;default&#8220; custom_padding=&#8220;||6px|||&#8220; global_colors_info=&#8220;{}&#8220;][et_pb_column type=&#8220;1_3&#8243; _builder_version=&#8220;4.9.4&#8243; _module_preset=&#8220;default&#8220; global_colors_info=&#8220;{}&#8220;][et_pb_blurb title=&#8220;Kriterium erf\u00fcllt &#8220; use_icon=&#8220;on&#8220; font_icon=&#8220;&#xe052;||divi||400&#8243; icon_color=&#8220;#7AAE30&#8243; icon_placement=&#8220;left&#8220; _builder_version=&#8220;4.13.0&#8243; _module_preset=&#8220;default&#8220; header_text_color=&#8220;#444444&#8243; header_font_size=&#8220;16px&#8220; header_line_height=&#8220;2em&#8220; custom_margin=&#8220;|0px|0px||false|false&#8220; custom_padding=&#8220;0px|0px|0px||false|false&#8220; global_colors_info=&#8220;{}&#8220;][\/et_pb_blurb][\/et_pb_column][et_pb_column type=&#8220;1_3&#8243; _builder_version=&#8220;4.9.4&#8243; _module_preset=&#8220;default&#8220; global_colors_info=&#8220;{}&#8220;][et_pb_blurb title=&#8220;Kriterium nicht erf\u00fcllt&#8220; use_icon=&#8220;on&#8220; font_icon=&#8220;&#xe051;||divi||400&#8243; icon_color=&#8220;#E02B20&#8243; icon_placement=&#8220;left&#8220; _builder_version=&#8220;4.13.0&#8243; _module_preset=&#8220;default&#8220; header_text_color=&#8220;#444444&#8243; header_font_size=&#8220;16px&#8220; header_line_height=&#8220;2em&#8220; custom_margin=&#8220;||0px|0px|false|false&#8220; custom_padding=&#8220;0px||0px|0px|false|false&#8220; global_colors_info=&#8220;{}&#8220;][\/et_pb_blurb][\/et_pb_column][et_pb_column type=&#8220;1_3&#8243; _builder_version=&#8220;4.9.4&#8243; _module_preset=&#8220;default&#8220; global_colors_info=&#8220;{}&#8220;][et_pb_blurb title=&#8220;Kriterium nicht anwendbar&#8220; use_icon=&#8220;on&#8220; font_icon=&#8220;&#xe055;||divi||400&#8243; icon_color=&#8220;rgba(68,68,68,0.68)&#8220; icon_placement=&#8220;left&#8220; _builder_version=&#8220;4.13.0&#8243; _module_preset=&#8220;default&#8220; header_text_color=&#8220;#444444&#8243; header_font_size=&#8220;16px&#8220; header_line_height=&#8220;2em&#8220; custom_margin=&#8220;||0px|0px|false|false&#8220; custom_padding=&#8220;0px||0px||false|false&#8220; global_colors_info=&#8220;{}&#8220;][\/et_pb_blurb][\/et_pb_column][\/et_pb_row][\/et_pb_section][et_pb_section fb_built=&#8220;1&#8243; admin_label=&#8220;Schreiben Sie uns&#8220; _builder_version=&#8220;4.9.10&#8243; _module_preset=&#8220;default&#8220; custom_margin=&#8220;||0px||false|false&#8220; custom_padding=&#8220;5px||0px||false|false&#8220; da_disable_devices=&#8220;off|off|off&#8220; global_module=&#8220;1074&#8243; saved_tabs=&#8220;all&#8220; global_colors_info=&#8220;{}&#8220; da_is_popup=&#8220;off&#8220; da_exit_intent=&#8220;off&#8220; da_has_close=&#8220;on&#8220; da_alt_close=&#8220;off&#8220; da_dark_close=&#8220;off&#8220; da_not_modal=&#8220;on&#8220; da_is_singular=&#8220;off&#8220; da_with_loader=&#8220;off&#8220; da_has_shadow=&#8220;on&#8220;][et_pb_row _builder_version=&#8220;4.9.10&#8243; _module_preset=&#8220;default&#8220; custom_padding=&#8220;7px||12px|||&#8220; global_colors_info=&#8220;{}&#8220;][et_pb_column type=&#8220;4_4&#8243; _builder_version=&#8220;4.9.10&#8243; _module_preset=&#8220;default&#8220; global_colors_info=&#8220;{}&#8220;][et_pb_button button_url=&#8220;mailto:astrid.viciano@tu-dortmund.de?Subject=Beitrag%20im%20Medien-Doktor%20Gesundheit&#8220; button_text=&#8220;Schreiben Sie uns&#8220; button_alignment=&#8220;left&#8220; _builder_version=&#8220;4.9.10&#8243; _module_preset=&#8220;default&#8220; global_colors_info=&#8220;{}&#8220;][\/et_pb_button][\/et_pb_column][\/et_pb_row][\/et_pb_section]<\/p>\n","protected":false},"excerpt":{"rendered":"<p>Eine US-Studie findet bei Laborratten Hinweise, dass die Ern\u00e4hrungsweise das Risiko f\u00fcr Alzheimer erh\u00f6ht. Das Lifestyle-Magazin wmn.de zieht daraus voreilig konkrete Schl\u00fcsse.<\/p>\n","protected":false},"author":4,"featured_media":2027,"comment_status":"closed","ping_status":"closed","sticky":false,"template":"","format":"standard","meta":{"_acf_changed":false,"_et_pb_use_builder":"on","_et_pb_old_content":"","_et_gb_content_width":"","footnotes":""},"categories":[61],"tags":[62,43],"class_list":["post-2026","post","type-post","status-publish","format-standard","has-post-thumbnail","hentry","category-wmn-de","tag-krankheiten","tag-lebensmittel"],"acf":[],"_links":{"self":[{"href":"https:\/\/medien-doktor.de\/ernaehrung\/wp-json\/wp\/v2\/posts\/2026","targetHints":{"allow":["GET"]}}],"collection":[{"href":"https:\/\/medien-doktor.de\/ernaehrung\/wp-json\/wp\/v2\/posts"}],"about":[{"href":"https:\/\/medien-doktor.de\/ernaehrung\/wp-json\/wp\/v2\/types\/post"}],"author":[{"embeddable":true,"href":"https:\/\/medien-doktor.de\/ernaehrung\/wp-json\/wp\/v2\/users\/4"}],"replies":[{"embeddable":true,"href":"https:\/\/medien-doktor.de\/ernaehrung\/wp-json\/wp\/v2\/comments?post=2026"}],"version-history":[{"count":6,"href":"https:\/\/medien-doktor.de\/ernaehrung\/wp-json\/wp\/v2\/posts\/2026\/revisions"}],"predecessor-version":[{"id":2035,"href":"https:\/\/medien-doktor.de\/ernaehrung\/wp-json\/wp\/v2\/posts\/2026\/revisions\/2035"}],"wp:featuredmedia":[{"embeddable":true,"href":"https:\/\/medien-doktor.de\/ernaehrung\/wp-json\/wp\/v2\/media\/2027"}],"wp:attachment":[{"href":"https:\/\/medien-doktor.de\/ernaehrung\/wp-json\/wp\/v2\/media?parent=2026"}],"wp:term":[{"taxonomy":"category","embeddable":true,"href":"https:\/\/medien-doktor.de\/ernaehrung\/wp-json\/wp\/v2\/categories?post=2026"},{"taxonomy":"post_tag","embeddable":true,"href":"https:\/\/medien-doktor.de\/ernaehrung\/wp-json\/wp\/v2\/tags?post=2026"}],"curies":[{"name":"wp","href":"https:\/\/api.w.org\/{rel}","templated":true}]}}